{"id":10401,"date":"2024-06-29T12:00:39","date_gmt":"2024-06-29T10:00:39","guid":{"rendered":"https:\/\/www.mtr-2.com\/?p=10401"},"modified":"2024-07-29T13:47:37","modified_gmt":"2024-07-29T11:47:37","slug":"janika-loiv-uci-mtb-world-cup-xcc","status":"publish","type":"post","link":"https:\/\/www.mtr-2.com\/en\/janika-loiv-uci-mtb-world-cup-xcc","title":{"rendered":"Janika L\u00d5iv &#8211; UCI MTB World Cup XCC"},"content":{"rendered":"<p><img data-recalc-dims=\"1\" fetchpriority=\"high\" decoding=\"async\" class=\"wp-image-10402 alignleft\" src=\"https:\/\/i0.wp.com\/www.mtr-2.com\/wp-content\/uploads\/2024\/07\/JANIKA-VALDI-SOLE-UCI-XCC.webp?resize=402%2C565\" alt=\"\" width=\"402\" height=\"565\" srcset=\"https:\/\/i0.wp.com\/www.mtr-2.com\/wp-content\/uploads\/2024\/07\/JANIKA-VALDI-SOLE-UCI-XCC.webp?w=546&amp;ssl=1 546w, https:\/\/i0.wp.com\/www.mtr-2.com\/wp-content\/uploads\/2024\/07\/JANIKA-VALDI-SOLE-UCI-XCC.webp?resize=214%2C300&amp;ssl=1 214w, https:\/\/i0.wp.com\/www.mtr-2.com\/wp-content\/uploads\/2024\/07\/JANIKA-VALDI-SOLE-UCI-XCC.webp?resize=9%2C12&amp;ssl=1 9w, https:\/\/i0.wp.com\/www.mtr-2.com\/wp-content\/uploads\/2024\/07\/JANIKA-VALDI-SOLE-UCI-XCC.webp?resize=500%2C702&amp;ssl=1 500w\" sizes=\"(max-width: 402px) 100vw, 402px\" \/>Janika L\u00d5iv will be part of our Team MTR-2 for the remainder of the 2024 UCI MTB World Cup season and the next Paris Olympic Games.<\/p>\n<p>Janika is the best rider in Estonia currently, with 6 Estonian National Champion titles, selected for the 2020 and 2024 Tokyo Olympics in Paris, she is currently ranked 21 in the world.<\/p>\n<p>He achieved a good performance in the last rounds of Val di Sole, Trentino (ITA) and Haute-Savoie (FRA) scoring for the UCI MTB World Cup XCC.<\/p>\n<p>&nbsp;<\/p>","protected":false},"excerpt":{"rendered":"<p>Janika L\u00d5iv formar\u00e1 parte de nuestro Team MTR-2 para lo que resta de temporada 2024 UCI MTB World Cup y los pr\u00f3ximo Juegos Ol\u00edmpicos de Paris. Janika es la mejor rider de Estonia actualmente, con 6 t\u00edtulos de campeona Nacional de Estonia, seleccionada para los juegos Ol\u00edmpicos de Tokio de 2020 y 2024 en Paris, [&hellip;]<\/p>\n","protected":false},"author":1,"featured_media":10402,"comment_status":"open","ping_status":"open","sticky":false,"template":"","format":"standard","meta":{"_jetpack_memberships_contains_paid_content":false,"footnotes":""},"categories":[52],"tags":[582,585,351,578,576,581,577,583,584,575,579,484,580],"class_list":["post-10401","post","type-post","status-publish","format-standard","has-post-thumbnail","hentry","category-blog","tag-2024-pairs-olimpics","tag-janika-loiv","tag-mtb","tag-mtb-2024-paris","tag-olimpiadas","tag-olimpics-2024","tag-paris-2024","tag-scott-bikes","tag-scott-spakr","tag-xcc","tag-xcc-pairs-2024","tag-xco","tag-xco-paris-2024"],"yoast_head":"<!-- This site is optimized with the Yoast SEO plugin v27.5 - https:\/\/yoast.com\/product\/yoast-seo-wordpress\/ -->\n<title>Janika L\u00d5iv - UCI MTB World Cup XCC - MTR2 Live your style<\/title>\n<meta name=\"robots\" content=\"index, follow, max-snippet:-1, max-image-preview:large, max-video-preview:-1\" \/>\n<link rel=\"canonical\" href=\"https:\/\/www.mtr-2.com\/en\/janika-loiv-uci-mtb-world-cup-xcc\" \/>\n<meta property=\"og:locale\" content=\"en_GB\" \/>\n<meta property=\"og:type\" content=\"article\" \/>\n<meta property=\"og:title\" content=\"Janika L\u00d5iv - UCI MTB World Cup XCC - MTR2 Live your style\" \/>\n<meta property=\"og:description\" content=\"Janika L\u00d5iv formar\u00e1 parte de nuestro Team MTR-2 para lo que resta de temporada 2024 UCI MTB World Cup y los pr\u00f3ximo Juegos Ol\u00edmpicos de Paris. Janika es la mejor rider de Estonia actualmente, con 6 t\u00edtulos de campeona Nacional de Estonia, seleccionada para los juegos Ol\u00edmpicos de Tokio de 2020 y 2024 en Paris, [&hellip;]\" \/>\n<meta property=\"og:url\" content=\"https:\/\/www.mtr-2.com\/en\/janika-loiv-uci-mtb-world-cup-xcc\" \/>\n<meta property=\"og:site_name\" content=\"MTR2 Live your style\" \/>\n<meta property=\"article:publisher\" content=\"https:\/\/www.facebook.com\/mtr2worldwide\/\" \/>\n<meta property=\"article:published_time\" content=\"2024-06-29T10:00:39+00:00\" \/>\n<meta property=\"article:modified_time\" content=\"2024-07-29T11:47:37+00:00\" \/>\n<meta property=\"og:image\" content=\"https:\/\/i0.wp.com\/www.mtr-2.com\/wp-content\/uploads\/2024\/07\/JANIKA-VALDI-SOLE-UCI-XCC.webp?fit=546%2C767&ssl=1\" \/>\n\t<meta property=\"og:image:width\" content=\"546\" \/>\n\t<meta property=\"og:image:height\" content=\"767\" \/>\n\t<meta property=\"og:image:type\" content=\"image\/webp\" \/>\n<meta name=\"author\" content=\"MA_gato1987\" \/>\n<meta name=\"twitter:card\" content=\"summary_large_image\" \/>\n<meta name=\"twitter:label1\" content=\"Written by\" \/>\n\t<meta name=\"twitter:data1\" content=\"MA_gato1987\" \/>\n\t<meta name=\"twitter:label2\" content=\"Estimated reading time\" \/>\n\t<meta name=\"twitter:data2\" content=\"1 minute\" \/>\n<script type=\"application\/ld+json\" class=\"yoast-schema-graph\">{\"@context\":\"https:\\\/\\\/schema.org\",\"@graph\":[{\"@type\":\"Article\",\"@id\":\"https:\\\/\\\/www.mtr-2.com\\\/en\\\/janika-loiv-uci-mtb-world-cup-xcc#article\",\"isPartOf\":{\"@id\":\"https:\\\/\\\/www.mtr-2.com\\\/en\\\/janika-loiv-uci-mtb-world-cup-xcc\"},\"author\":{\"name\":\"MA_gato1987\",\"@id\":\"https:\\\/\\\/www.mtr-2.com\\\/#\\\/schema\\\/person\\\/706b509b2c5ea707a5e7ad0a3423bbdf\"},\"headline\":\"Janika L\u00d5iv &#8211; UCI MTB World Cup XCC\",\"datePublished\":\"2024-06-29T10:00:39+00:00\",\"dateModified\":\"2024-07-29T11:47:37+00:00\",\"mainEntityOfPage\":{\"@id\":\"https:\\\/\\\/www.mtr-2.com\\\/en\\\/janika-loiv-uci-mtb-world-cup-xcc\"},\"wordCount\":99,\"commentCount\":0,\"publisher\":{\"@id\":\"https:\\\/\\\/www.mtr-2.com\\\/#organization\"},\"image\":{\"@id\":\"https:\\\/\\\/www.mtr-2.com\\\/en\\\/janika-loiv-uci-mtb-world-cup-xcc#primaryimage\"},\"thumbnailUrl\":\"https:\\\/\\\/i0.wp.com\\\/www.mtr-2.com\\\/wp-content\\\/uploads\\\/2024\\\/07\\\/JANIKA-VALDI-SOLE-UCI-XCC.webp?fit=546%2C767&ssl=1\",\"keywords\":[\"2024 PAIRS OLIMPICS\",\"JANIKA LOIV\",\"mtb\",\"MTB 2024 PARIS\",\"OLIMPIADAS\",\"OLIMPICS 2024\",\"PARIS 2024\",\"SCOTT BIKES\",\"SCOTT SPAKR\",\"XCC\",\"XCC PAIRS 2024\",\"xco\",\"XCO PARIS 2024\"],\"articleSection\":[\"Blog\"],\"inLanguage\":\"en-GB\",\"potentialAction\":[{\"@type\":\"CommentAction\",\"name\":\"Comment\",\"target\":[\"https:\\\/\\\/www.mtr-2.com\\\/en\\\/janika-loiv-uci-mtb-world-cup-xcc#respond\"]}]},{\"@type\":\"WebPage\",\"@id\":\"https:\\\/\\\/www.mtr-2.com\\\/en\\\/janika-loiv-uci-mtb-world-cup-xcc\",\"url\":\"https:\\\/\\\/www.mtr-2.com\\\/en\\\/janika-loiv-uci-mtb-world-cup-xcc\",\"name\":\"Janika L\u00d5iv - UCI MTB World Cup XCC - MTR2 Live your style\",\"isPartOf\":{\"@id\":\"https:\\\/\\\/www.mtr-2.com\\\/#website\"},\"primaryImageOfPage\":{\"@id\":\"https:\\\/\\\/www.mtr-2.com\\\/en\\\/janika-loiv-uci-mtb-world-cup-xcc#primaryimage\"},\"image\":{\"@id\":\"https:\\\/\\\/www.mtr-2.com\\\/en\\\/janika-loiv-uci-mtb-world-cup-xcc#primaryimage\"},\"thumbnailUrl\":\"https:\\\/\\\/i0.wp.com\\\/www.mtr-2.com\\\/wp-content\\\/uploads\\\/2024\\\/07\\\/JANIKA-VALDI-SOLE-UCI-XCC.webp?fit=546%2C767&ssl=1\",\"datePublished\":\"2024-06-29T10:00:39+00:00\",\"dateModified\":\"2024-07-29T11:47:37+00:00\",\"breadcrumb\":{\"@id\":\"https:\\\/\\\/www.mtr-2.com\\\/en\\\/janika-loiv-uci-mtb-world-cup-xcc#breadcrumb\"},\"inLanguage\":\"en-GB\",\"potentialAction\":[{\"@type\":\"ReadAction\",\"target\":[\"https:\\\/\\\/www.mtr-2.com\\\/en\\\/janika-loiv-uci-mtb-world-cup-xcc\"]}]},{\"@type\":\"ImageObject\",\"inLanguage\":\"en-GB\",\"@id\":\"https:\\\/\\\/www.mtr-2.com\\\/en\\\/janika-loiv-uci-mtb-world-cup-xcc#primaryimage\",\"url\":\"https:\\\/\\\/i0.wp.com\\\/www.mtr-2.com\\\/wp-content\\\/uploads\\\/2024\\\/07\\\/JANIKA-VALDI-SOLE-UCI-XCC.webp?fit=546%2C767&ssl=1\",\"contentUrl\":\"https:\\\/\\\/i0.wp.com\\\/www.mtr-2.com\\\/wp-content\\\/uploads\\\/2024\\\/07\\\/JANIKA-VALDI-SOLE-UCI-XCC.webp?fit=546%2C767&ssl=1\",\"width\":546,\"height\":767},{\"@type\":\"BreadcrumbList\",\"@id\":\"https:\\\/\\\/www.mtr-2.com\\\/en\\\/janika-loiv-uci-mtb-world-cup-xcc#breadcrumb\",\"itemListElement\":[{\"@type\":\"ListItem\",\"position\":1,\"name\":\"Portada\",\"item\":\"https:\\\/\\\/www.mtr-2.com\\\/\"},{\"@type\":\"ListItem\",\"position\":2,\"name\":\"Janika L\u00d5iv &#8211; UCI MTB World Cup XCC\"}]},{\"@type\":\"WebSite\",\"@id\":\"https:\\\/\\\/www.mtr-2.com\\\/#website\",\"url\":\"https:\\\/\\\/www.mtr-2.com\\\/\",\"name\":\"MTR2 Live your style\",\"description\":\"Los dise\u00f1os m\u00e1s exclusivos en gafas, guantes, manillares y accesorios para motocross, enduro, downhill mtb, bmx...\",\"publisher\":{\"@id\":\"https:\\\/\\\/www.mtr-2.com\\\/#organization\"},\"alternateName\":\"MTR-2 Worldwide | Motocross, enduro, bmx, donwhill mtb, surf - Live Your Style\",\"potentialAction\":[{\"@type\":\"SearchAction\",\"target\":{\"@type\":\"EntryPoint\",\"urlTemplate\":\"https:\\\/\\\/www.mtr-2.com\\\/?s={search_term_string}\"},\"query-input\":{\"@type\":\"PropertyValueSpecification\",\"valueRequired\":true,\"valueName\":\"search_term_string\"}}],\"inLanguage\":\"en-GB\"},{\"@type\":\"Organization\",\"@id\":\"https:\\\/\\\/www.mtr-2.com\\\/#organization\",\"name\":\"MTR2 Live your style\",\"url\":\"https:\\\/\\\/www.mtr-2.com\\\/\",\"logo\":{\"@type\":\"ImageObject\",\"inLanguage\":\"en-GB\",\"@id\":\"https:\\\/\\\/www.mtr-2.com\\\/#\\\/schema\\\/logo\\\/image\\\/\",\"url\":\"https:\\\/\\\/i0.wp.com\\\/www.mtr-2.com\\\/wp-content\\\/uploads\\\/2021\\\/06\\\/MTR2-Logo-official.webp?fit=350%2C77&ssl=1\",\"contentUrl\":\"https:\\\/\\\/i0.wp.com\\\/www.mtr-2.com\\\/wp-content\\\/uploads\\\/2021\\\/06\\\/MTR2-Logo-official.webp?fit=350%2C77&ssl=1\",\"width\":350,\"height\":77,\"caption\":\"MTR2 Live your style\"},\"image\":{\"@id\":\"https:\\\/\\\/www.mtr-2.com\\\/#\\\/schema\\\/logo\\\/image\\\/\"},\"sameAs\":[\"https:\\\/\\\/www.facebook.com\\\/mtr2worldwide\\\/\",\"https:\\\/\\\/www.instagram.com\\\/mtr2worldwide\\\/\"]},{\"@type\":\"Person\",\"@id\":\"https:\\\/\\\/www.mtr-2.com\\\/#\\\/schema\\\/person\\\/706b509b2c5ea707a5e7ad0a3423bbdf\",\"name\":\"MA_gato1987\",\"image\":{\"@type\":\"ImageObject\",\"inLanguage\":\"en-GB\",\"@id\":\"https:\\\/\\\/secure.gravatar.com\\\/avatar\\\/9342e24410d9de9fe4cb78c331c83266224f5c7f926924da715c99992ae87037?s=96&d=mm&r=g\",\"url\":\"https:\\\/\\\/secure.gravatar.com\\\/avatar\\\/9342e24410d9de9fe4cb78c331c83266224f5c7f926924da715c99992ae87037?s=96&d=mm&r=g\",\"contentUrl\":\"https:\\\/\\\/secure.gravatar.com\\\/avatar\\\/9342e24410d9de9fe4cb78c331c83266224f5c7f926924da715c99992ae87037?s=96&d=mm&r=g\",\"caption\":\"MA_gato1987\"},\"sameAs\":[\"http:\\\/\\\/s311126158.mialojamiento.es\"],\"url\":\"https:\\\/\\\/www.mtr-2.com\\\/en\\\/author\\\/ma_gato1987\"}]}<\/script>\n<!-- \/ Yoast SEO plugin. -->","yoast_head_json":{"title":"Janika L\u00d5iv - UCI MTB World Cup XCC - MTR2 Live your style","robots":{"index":"index","follow":"follow","max-snippet":"max-snippet:-1","max-image-preview":"max-image-preview:large","max-video-preview":"max-video-preview:-1"},"canonical":"https:\/\/www.mtr-2.com\/en\/janika-loiv-uci-mtb-world-cup-xcc","og_locale":"en_GB","og_type":"article","og_title":"Janika L\u00d5iv - UCI MTB World Cup XCC - MTR2 Live your style","og_description":"Janika L\u00d5iv formar\u00e1 parte de nuestro Team MTR-2 para lo que resta de temporada 2024 UCI MTB World Cup y los pr\u00f3ximo Juegos Ol\u00edmpicos de Paris. Janika es la mejor rider de Estonia actualmente, con 6 t\u00edtulos de campeona Nacional de Estonia, seleccionada para los juegos Ol\u00edmpicos de Tokio de 2020 y 2024 en Paris, [&hellip;]","og_url":"https:\/\/www.mtr-2.com\/en\/janika-loiv-uci-mtb-world-cup-xcc","og_site_name":"MTR2 Live your style","article_publisher":"https:\/\/www.facebook.com\/mtr2worldwide\/","article_published_time":"2024-06-29T10:00:39+00:00","article_modified_time":"2024-07-29T11:47:37+00:00","og_image":[{"width":546,"height":767,"url":"https:\/\/i0.wp.com\/www.mtr-2.com\/wp-content\/uploads\/2024\/07\/JANIKA-VALDI-SOLE-UCI-XCC.webp?fit=546%2C767&ssl=1","type":"image\/webp"}],"author":"MA_gato1987","twitter_card":"summary_large_image","twitter_misc":{"Written by":"MA_gato1987","Estimated reading time":"1 minute"},"schema":{"@context":"https:\/\/schema.org","@graph":[{"@type":"Article","@id":"https:\/\/www.mtr-2.com\/en\/janika-loiv-uci-mtb-world-cup-xcc#article","isPartOf":{"@id":"https:\/\/www.mtr-2.com\/en\/janika-loiv-uci-mtb-world-cup-xcc"},"author":{"name":"MA_gato1987","@id":"https:\/\/www.mtr-2.com\/#\/schema\/person\/706b509b2c5ea707a5e7ad0a3423bbdf"},"headline":"Janika L\u00d5iv &#8211; UCI MTB World Cup XCC","datePublished":"2024-06-29T10:00:39+00:00","dateModified":"2024-07-29T11:47:37+00:00","mainEntityOfPage":{"@id":"https:\/\/www.mtr-2.com\/en\/janika-loiv-uci-mtb-world-cup-xcc"},"wordCount":99,"commentCount":0,"publisher":{"@id":"https:\/\/www.mtr-2.com\/#organization"},"image":{"@id":"https:\/\/www.mtr-2.com\/en\/janika-loiv-uci-mtb-world-cup-xcc#primaryimage"},"thumbnailUrl":"https:\/\/i0.wp.com\/www.mtr-2.com\/wp-content\/uploads\/2024\/07\/JANIKA-VALDI-SOLE-UCI-XCC.webp?fit=546%2C767&ssl=1","keywords":["2024 PAIRS OLIMPICS","JANIKA LOIV","mtb","MTB 2024 PARIS","OLIMPIADAS","OLIMPICS 2024","PARIS 2024","SCOTT BIKES","SCOTT SPAKR","XCC","XCC PAIRS 2024","xco","XCO PARIS 2024"],"articleSection":["Blog"],"inLanguage":"en-GB","potentialAction":[{"@type":"CommentAction","name":"Comment","target":["https:\/\/www.mtr-2.com\/en\/janika-loiv-uci-mtb-world-cup-xcc#respond"]}]},{"@type":"WebPage","@id":"https:\/\/www.mtr-2.com\/en\/janika-loiv-uci-mtb-world-cup-xcc","url":"https:\/\/www.mtr-2.com\/en\/janika-loiv-uci-mtb-world-cup-xcc","name":"Janika L\u00d5iv - UCI MTB World Cup XCC - MTR2 Live your style","isPartOf":{"@id":"https:\/\/www.mtr-2.com\/#website"},"primaryImageOfPage":{"@id":"https:\/\/www.mtr-2.com\/en\/janika-loiv-uci-mtb-world-cup-xcc#primaryimage"},"image":{"@id":"https:\/\/www.mtr-2.com\/en\/janika-loiv-uci-mtb-world-cup-xcc#primaryimage"},"thumbnailUrl":"https:\/\/i0.wp.com\/www.mtr-2.com\/wp-content\/uploads\/2024\/07\/JANIKA-VALDI-SOLE-UCI-XCC.webp?fit=546%2C767&ssl=1","datePublished":"2024-06-29T10:00:39+00:00","dateModified":"2024-07-29T11:47:37+00:00","breadcrumb":{"@id":"https:\/\/www.mtr-2.com\/en\/janika-loiv-uci-mtb-world-cup-xcc#breadcrumb"},"inLanguage":"en-GB","potentialAction":[{"@type":"ReadAction","target":["https:\/\/www.mtr-2.com\/en\/janika-loiv-uci-mtb-world-cup-xcc"]}]},{"@type":"ImageObject","inLanguage":"en-GB","@id":"https:\/\/www.mtr-2.com\/en\/janika-loiv-uci-mtb-world-cup-xcc#primaryimage","url":"https:\/\/i0.wp.com\/www.mtr-2.com\/wp-content\/uploads\/2024\/07\/JANIKA-VALDI-SOLE-UCI-XCC.webp?fit=546%2C767&ssl=1","contentUrl":"https:\/\/i0.wp.com\/www.mtr-2.com\/wp-content\/uploads\/2024\/07\/JANIKA-VALDI-SOLE-UCI-XCC.webp?fit=546%2C767&ssl=1","width":546,"height":767},{"@type":"BreadcrumbList","@id":"https:\/\/www.mtr-2.com\/en\/janika-loiv-uci-mtb-world-cup-xcc#breadcrumb","itemListElement":[{"@type":"ListItem","position":1,"name":"Portada","item":"https:\/\/www.mtr-2.com\/"},{"@type":"ListItem","position":2,"name":"Janika L\u00d5iv &#8211; UCI MTB World Cup XCC"}]},{"@type":"WebSite","@id":"https:\/\/www.mtr-2.com\/#website","url":"https:\/\/www.mtr-2.com\/","name":"MTR2 Live your style","description":"Los dise\u00f1os m\u00e1s exclusivos en gafas, guantes, manillares y accesorios para motocross, enduro, downhill mtb, bmx...","publisher":{"@id":"https:\/\/www.mtr-2.com\/#organization"},"alternateName":"MTR-2 Worldwide | Motocross, enduro, bmx, donwhill mtb, surf - Live Your Style","potentialAction":[{"@type":"SearchAction","target":{"@type":"EntryPoint","urlTemplate":"https:\/\/www.mtr-2.com\/?s={search_term_string}"},"query-input":{"@type":"PropertyValueSpecification","valueRequired":true,"valueName":"search_term_string"}}],"inLanguage":"en-GB"},{"@type":"Organization","@id":"https:\/\/www.mtr-2.com\/#organization","name":"MTR2 Live your style","url":"https:\/\/www.mtr-2.com\/","logo":{"@type":"ImageObject","inLanguage":"en-GB","@id":"https:\/\/www.mtr-2.com\/#\/schema\/logo\/image\/","url":"https:\/\/i0.wp.com\/www.mtr-2.com\/wp-content\/uploads\/2021\/06\/MTR2-Logo-official.webp?fit=350%2C77&ssl=1","contentUrl":"https:\/\/i0.wp.com\/www.mtr-2.com\/wp-content\/uploads\/2021\/06\/MTR2-Logo-official.webp?fit=350%2C77&ssl=1","width":350,"height":77,"caption":"MTR2 Live your style"},"image":{"@id":"https:\/\/www.mtr-2.com\/#\/schema\/logo\/image\/"},"sameAs":["https:\/\/www.facebook.com\/mtr2worldwide\/","https:\/\/www.instagram.com\/mtr2worldwide\/"]},{"@type":"Person","@id":"https:\/\/www.mtr-2.com\/#\/schema\/person\/706b509b2c5ea707a5e7ad0a3423bbdf","name":"MA_gato1987","image":{"@type":"ImageObject","inLanguage":"en-GB","@id":"https:\/\/secure.gravatar.com\/avatar\/9342e24410d9de9fe4cb78c331c83266224f5c7f926924da715c99992ae87037?s=96&d=mm&r=g","url":"https:\/\/secure.gravatar.com\/avatar\/9342e24410d9de9fe4cb78c331c83266224f5c7f926924da715c99992ae87037?s=96&d=mm&r=g","contentUrl":"https:\/\/secure.gravatar.com\/avatar\/9342e24410d9de9fe4cb78c331c83266224f5c7f926924da715c99992ae87037?s=96&d=mm&r=g","caption":"MA_gato1987"},"sameAs":["http:\/\/s311126158.mialojamiento.es"],"url":"https:\/\/www.mtr-2.com\/en\/author\/ma_gato1987"}]}},"jetpack_featured_media_url":"https:\/\/i0.wp.com\/www.mtr-2.com\/wp-content\/uploads\/2024\/07\/JANIKA-VALDI-SOLE-UCI-XCC.webp?fit=546%2C767&ssl=1","jetpack_sharing_enabled":true,"_links":{"self":[{"href":"https:\/\/www.mtr-2.com\/en\/wp-json\/wp\/v2\/posts\/10401","targetHints":{"allow":["GET"]}}],"collection":[{"href":"https:\/\/www.mtr-2.com\/en\/wp-json\/wp\/v2\/posts"}],"about":[{"href":"https:\/\/www.mtr-2.com\/en\/wp-json\/wp\/v2\/types\/post"}],"author":[{"embeddable":true,"href":"https:\/\/www.mtr-2.com\/en\/wp-json\/wp\/v2\/users\/1"}],"replies":[{"embeddable":true,"href":"https:\/\/www.mtr-2.com\/en\/wp-json\/wp\/v2\/comments?post=10401"}],"version-history":[{"count":1,"href":"https:\/\/www.mtr-2.com\/en\/wp-json\/wp\/v2\/posts\/10401\/revisions"}],"predecessor-version":[{"id":10403,"href":"https:\/\/www.mtr-2.com\/en\/wp-json\/wp\/v2\/posts\/10401\/revisions\/10403"}],"wp:featuredmedia":[{"embeddable":true,"href":"https:\/\/www.mtr-2.com\/en\/wp-json\/wp\/v2\/media\/10402"}],"wp:attachment":[{"href":"https:\/\/www.mtr-2.com\/en\/wp-json\/wp\/v2\/media?parent=10401"}],"wp:term":[{"taxonomy":"category","embeddable":true,"href":"https:\/\/www.mtr-2.com\/en\/wp-json\/wp\/v2\/categories?post=10401"},{"taxonomy":"post_tag","embeddable":true,"href":"https:\/\/www.mtr-2.com\/en\/wp-json\/wp\/v2\/tags?post=10401"}],"curies":[{"name":"wp","href":"https:\/\/api.w.org\/{rel}","templated":true}]}}