{"id":10420,"date":"2024-07-29T11:00:36","date_gmt":"2024-07-29T09:00:36","guid":{"rendered":"https:\/\/www.mtr-2.com\/?p=10420"},"modified":"2024-07-31T12:17:10","modified_gmt":"2024-07-31T10:17:10","slug":"dani-castellanos-campeon-dh-y-doblete","status":"publish","type":"post","link":"https:\/\/www.mtr-2.com\/en\/dani-castellanos-campeon-dh-y-doblete","title":{"rendered":"Dani Castellanos DH Champion and double"},"content":{"rendered":"<p><a href=\"https:\/\/i0.wp.com\/www.mtr-2.com\/wp-content\/uploads\/2024\/07\/DANI-CHUS-CASTELLANOS-CAMPEONES.webp\"><img data-recalc-dims=\"1\" fetchpriority=\"high\" decoding=\"async\" class=\"wp-image-10426 size-full aligncenter\" src=\"https:\/\/i0.wp.com\/www.mtr-2.com\/wp-content\/uploads\/2024\/07\/DANI-CHUS-CASTELLANOS-CAMPEONES.webp?resize=800%2C533\" alt=\"\" width=\"800\" height=\"533\" srcset=\"https:\/\/i0.wp.com\/www.mtr-2.com\/wp-content\/uploads\/2024\/07\/DANI-CHUS-CASTELLANOS-CAMPEONES.webp?w=1100&amp;ssl=1 1100w, https:\/\/i0.wp.com\/www.mtr-2.com\/wp-content\/uploads\/2024\/07\/DANI-CHUS-CASTELLANOS-CAMPEONES.webp?resize=300%2C200&amp;ssl=1 300w, https:\/\/i0.wp.com\/www.mtr-2.com\/wp-content\/uploads\/2024\/07\/DANI-CHUS-CASTELLANOS-CAMPEONES.webp?resize=1024%2C682&amp;ssl=1 1024w, https:\/\/i0.wp.com\/www.mtr-2.com\/wp-content\/uploads\/2024\/07\/DANI-CHUS-CASTELLANOS-CAMPEONES.webp?resize=768%2C512&amp;ssl=1 768w, https:\/\/i0.wp.com\/www.mtr-2.com\/wp-content\/uploads\/2024\/07\/DANI-CHUS-CASTELLANOS-CAMPEONES.webp?resize=18%2C12&amp;ssl=1 18w, https:\/\/i0.wp.com\/www.mtr-2.com\/wp-content\/uploads\/2024\/07\/DANI-CHUS-CASTELLANOS-CAMPEONES.webp?resize=500%2C333&amp;ssl=1 500w\" sizes=\"(max-width: 800px) 100vw, 800px\" \/><\/a><\/p>\n<p><strong>Dani and Chus Castellanos achieve a historic double, father and son champions in their respective categories.<\/strong><\/p>\n<p>Dani Castellanos achieves his first Spanish champion title in the highest DH category, held in La Pinilla (Segovia).<\/p>\n<p>On Saturday in official training he was able to do up to 9 descents, having to deal with the abundant dust that arose. Already on Sunday, in the final he started second to last and he was aware that he had set a great downhill time when as soon as he crossed the finish line he saw how the public went crazy. He had improved his qualifying time by 3\u201d. Minutes of great emotion and uncertainty until his greatest rival reached the finish line, setting a lower time and thus giving the final victory to Dani.<\/p>\n<p>For his part, Chus Castellanos adds a new title to his great record, achieving victory in master 45. With a special flavor due to the victory of his son Dani, and it being a very busy weekend for him since the same Friday arrived of the Paris Olympic Games for his obligations as coach of the Estonian national team.<\/p>\n<p>But the MTR-2 riders also had a Runner-up for Laura Marquez in the cadet category, an unfortunate fall kept her from the title.<\/p>","protected":false},"excerpt":{"rendered":"<p>Dani y Chus Castellanos logran un doblete hist\u00f3rico, padre e hijo campeones en sus respectivas categor\u00edas. Dani Castellanos logra su primer t\u00edtulo de campe\u00f3n de Espa\u00f1a en la categor\u00eda m\u00e1xima de DH, celebrada en La Pinilla (Segovia). El s\u00e1bado en los entrenos oficiales pudo hacer hasta 9 bajadas, debiendo lidiar con el abundante polvo que [&hellip;]<\/p>\n","protected":false},"author":1,"featured_media":10426,"comment_status":"open","ping_status":"open","sticky":false,"template":"","format":"standard","meta":{"_jetpack_memberships_contains_paid_content":false,"footnotes":""},"categories":[52],"tags":[587,330,481,332,586,333,478,588,224,472,476,516,473,356],"class_list":["post-10420","post","type-post","status-publish","format-standard","has-post-thumbnail","hentry","category-blog","tag-andorra-downhill","tag-chus-castellanos","tag-dani-castellanos","tag-dh","tag-dh-laura-marquez","tag-downhill-mtb","tag-la-pinilla","tag-la-pinilla-dh","tag-mtr2","tag-planet-mtb","tag-uci-downhill","tag-uci-mondraker","tag-uci-mtb","tag-uci-world-cup-mtb"],"yoast_head":"<!-- This site is optimized with the Yoast SEO plugin v27.5 - https:\/\/yoast.com\/product\/yoast-seo-wordpress\/ -->\n<title>Dani Castellanos Campe\u00f3n DH y doblete - MTR2 Live your style<\/title>\n<meta name=\"robots\" content=\"index, follow, max-snippet:-1, max-image-preview:large, max-video-preview:-1\" \/>\n<link rel=\"canonical\" href=\"https:\/\/www.mtr-2.com\/en\/dani-castellanos-campeon-dh-y-doblete\" \/>\n<meta property=\"og:locale\" content=\"en_GB\" \/>\n<meta property=\"og:type\" content=\"article\" \/>\n<meta property=\"og:title\" content=\"Dani Castellanos Campe\u00f3n DH y doblete - MTR2 Live your style\" \/>\n<meta property=\"og:description\" content=\"Dani y Chus Castellanos logran un doblete hist\u00f3rico, padre e hijo campeones en sus respectivas categor\u00edas. Dani Castellanos logra su primer t\u00edtulo de campe\u00f3n de Espa\u00f1a en la categor\u00eda m\u00e1xima de DH, celebrada en La Pinilla (Segovia). El s\u00e1bado en los entrenos oficiales pudo hacer hasta 9 bajadas, debiendo lidiar con el abundante polvo que [&hellip;]\" \/>\n<meta property=\"og:url\" content=\"https:\/\/www.mtr-2.com\/en\/dani-castellanos-campeon-dh-y-doblete\" \/>\n<meta property=\"og:site_name\" content=\"MTR2 Live your style\" \/>\n<meta property=\"article:publisher\" content=\"https:\/\/www.facebook.com\/mtr2worldwide\/\" \/>\n<meta property=\"article:published_time\" content=\"2024-07-29T09:00:36+00:00\" \/>\n<meta property=\"article:modified_time\" content=\"2024-07-31T10:17:10+00:00\" \/>\n<meta property=\"og:image\" content=\"https:\/\/i0.wp.com\/www.mtr-2.com\/wp-content\/uploads\/2024\/07\/DANI-CHUS-CASTELLANOS-CAMPEONES.webp?fit=1100%2C733&ssl=1\" \/>\n\t<meta property=\"og:image:width\" content=\"1100\" \/>\n\t<meta property=\"og:image:height\" content=\"733\" \/>\n\t<meta property=\"og:image:type\" content=\"image\/webp\" \/>\n<meta name=\"author\" content=\"MA_gato1987\" \/>\n<meta name=\"twitter:card\" content=\"summary_large_image\" \/>\n<meta name=\"twitter:label1\" content=\"Written by\" \/>\n\t<meta name=\"twitter:data1\" content=\"MA_gato1987\" \/>\n\t<meta name=\"twitter:label2\" content=\"Estimated reading time\" \/>\n\t<meta name=\"twitter:data2\" content=\"2 minutes\" \/>\n<script type=\"application\/ld+json\" class=\"yoast-schema-graph\">{\"@context\":\"https:\\\/\\\/schema.org\",\"@graph\":[{\"@type\":\"Article\",\"@id\":\"https:\\\/\\\/www.mtr-2.com\\\/en\\\/dani-castellanos-campeon-dh-y-doblete#article\",\"isPartOf\":{\"@id\":\"https:\\\/\\\/www.mtr-2.com\\\/en\\\/dani-castellanos-campeon-dh-y-doblete\"},\"author\":{\"name\":\"MA_gato1987\",\"@id\":\"https:\\\/\\\/www.mtr-2.com\\\/#\\\/schema\\\/person\\\/706b509b2c5ea707a5e7ad0a3423bbdf\"},\"headline\":\"Dani Castellanos Campe\u00f3n DH y doblete\",\"datePublished\":\"2024-07-29T09:00:36+00:00\",\"dateModified\":\"2024-07-31T10:17:10+00:00\",\"mainEntityOfPage\":{\"@id\":\"https:\\\/\\\/www.mtr-2.com\\\/en\\\/dani-castellanos-campeon-dh-y-doblete\"},\"wordCount\":243,\"commentCount\":0,\"publisher\":{\"@id\":\"https:\\\/\\\/www.mtr-2.com\\\/#organization\"},\"image\":{\"@id\":\"https:\\\/\\\/www.mtr-2.com\\\/en\\\/dani-castellanos-campeon-dh-y-doblete#primaryimage\"},\"thumbnailUrl\":\"https:\\\/\\\/i0.wp.com\\\/www.mtr-2.com\\\/wp-content\\\/uploads\\\/2024\\\/07\\\/DANI-CHUS-CASTELLANOS-CAMPEONES.webp?fit=1100%2C733&ssl=1\",\"keywords\":[\"andorra downhill\",\"chus castellanos\",\"dani castellanos\",\"dh\",\"dh laura marquez\",\"downhill mtb\",\"la pinilla\",\"la pinilla dh\",\"mtr2\",\"planet mtb\",\"uci downhill\",\"uci mondraker\",\"uci mtb\",\"uci world cup mtb\"],\"articleSection\":[\"Blog\"],\"inLanguage\":\"en-GB\",\"potentialAction\":[{\"@type\":\"CommentAction\",\"name\":\"Comment\",\"target\":[\"https:\\\/\\\/www.mtr-2.com\\\/en\\\/dani-castellanos-campeon-dh-y-doblete#respond\"]}]},{\"@type\":\"WebPage\",\"@id\":\"https:\\\/\\\/www.mtr-2.com\\\/en\\\/dani-castellanos-campeon-dh-y-doblete\",\"url\":\"https:\\\/\\\/www.mtr-2.com\\\/en\\\/dani-castellanos-campeon-dh-y-doblete\",\"name\":\"Dani Castellanos Campe\u00f3n DH y doblete - MTR2 Live your style\",\"isPartOf\":{\"@id\":\"https:\\\/\\\/www.mtr-2.com\\\/#website\"},\"primaryImageOfPage\":{\"@id\":\"https:\\\/\\\/www.mtr-2.com\\\/en\\\/dani-castellanos-campeon-dh-y-doblete#primaryimage\"},\"image\":{\"@id\":\"https:\\\/\\\/www.mtr-2.com\\\/en\\\/dani-castellanos-campeon-dh-y-doblete#primaryimage\"},\"thumbnailUrl\":\"https:\\\/\\\/i0.wp.com\\\/www.mtr-2.com\\\/wp-content\\\/uploads\\\/2024\\\/07\\\/DANI-CHUS-CASTELLANOS-CAMPEONES.webp?fit=1100%2C733&ssl=1\",\"datePublished\":\"2024-07-29T09:00:36+00:00\",\"dateModified\":\"2024-07-31T10:17:10+00:00\",\"breadcrumb\":{\"@id\":\"https:\\\/\\\/www.mtr-2.com\\\/en\\\/dani-castellanos-campeon-dh-y-doblete#breadcrumb\"},\"inLanguage\":\"en-GB\",\"potentialAction\":[{\"@type\":\"ReadAction\",\"target\":[\"https:\\\/\\\/www.mtr-2.com\\\/en\\\/dani-castellanos-campeon-dh-y-doblete\"]}]},{\"@type\":\"ImageObject\",\"inLanguage\":\"en-GB\",\"@id\":\"https:\\\/\\\/www.mtr-2.com\\\/en\\\/dani-castellanos-campeon-dh-y-doblete#primaryimage\",\"url\":\"https:\\\/\\\/i0.wp.com\\\/www.mtr-2.com\\\/wp-content\\\/uploads\\\/2024\\\/07\\\/DANI-CHUS-CASTELLANOS-CAMPEONES.webp?fit=1100%2C733&ssl=1\",\"contentUrl\":\"https:\\\/\\\/i0.wp.com\\\/www.mtr-2.com\\\/wp-content\\\/uploads\\\/2024\\\/07\\\/DANI-CHUS-CASTELLANOS-CAMPEONES.webp?fit=1100%2C733&ssl=1\",\"width\":1100,\"height\":733},{\"@type\":\"BreadcrumbList\",\"@id\":\"https:\\\/\\\/www.mtr-2.com\\\/en\\\/dani-castellanos-campeon-dh-y-doblete#breadcrumb\",\"itemListElement\":[{\"@type\":\"ListItem\",\"position\":1,\"name\":\"Portada\",\"item\":\"https:\\\/\\\/www.mtr-2.com\\\/\"},{\"@type\":\"ListItem\",\"position\":2,\"name\":\"Dani Castellanos Campe\u00f3n DH y doblete\"}]},{\"@type\":\"WebSite\",\"@id\":\"https:\\\/\\\/www.mtr-2.com\\\/#website\",\"url\":\"https:\\\/\\\/www.mtr-2.com\\\/\",\"name\":\"MTR2 Live your style\",\"description\":\"Los dise\u00f1os m\u00e1s exclusivos en gafas, guantes, manillares y accesorios para motocross, enduro, downhill mtb, bmx...\",\"publisher\":{\"@id\":\"https:\\\/\\\/www.mtr-2.com\\\/#organization\"},\"alternateName\":\"MTR-2 Worldwide | Motocross, enduro, bmx, donwhill mtb, surf - Live Your Style\",\"potentialAction\":[{\"@type\":\"SearchAction\",\"target\":{\"@type\":\"EntryPoint\",\"urlTemplate\":\"https:\\\/\\\/www.mtr-2.com\\\/?s={search_term_string}\"},\"query-input\":{\"@type\":\"PropertyValueSpecification\",\"valueRequired\":true,\"valueName\":\"search_term_string\"}}],\"inLanguage\":\"en-GB\"},{\"@type\":\"Organization\",\"@id\":\"https:\\\/\\\/www.mtr-2.com\\\/#organization\",\"name\":\"MTR2 Live your style\",\"url\":\"https:\\\/\\\/www.mtr-2.com\\\/\",\"logo\":{\"@type\":\"ImageObject\",\"inLanguage\":\"en-GB\",\"@id\":\"https:\\\/\\\/www.mtr-2.com\\\/#\\\/schema\\\/logo\\\/image\\\/\",\"url\":\"https:\\\/\\\/i0.wp.com\\\/www.mtr-2.com\\\/wp-content\\\/uploads\\\/2021\\\/06\\\/MTR2-Logo-official.webp?fit=350%2C77&ssl=1\",\"contentUrl\":\"https:\\\/\\\/i0.wp.com\\\/www.mtr-2.com\\\/wp-content\\\/uploads\\\/2021\\\/06\\\/MTR2-Logo-official.webp?fit=350%2C77&ssl=1\",\"width\":350,\"height\":77,\"caption\":\"MTR2 Live your style\"},\"image\":{\"@id\":\"https:\\\/\\\/www.mtr-2.com\\\/#\\\/schema\\\/logo\\\/image\\\/\"},\"sameAs\":[\"https:\\\/\\\/www.facebook.com\\\/mtr2worldwide\\\/\",\"https:\\\/\\\/www.instagram.com\\\/mtr2worldwide\\\/\"]},{\"@type\":\"Person\",\"@id\":\"https:\\\/\\\/www.mtr-2.com\\\/#\\\/schema\\\/person\\\/706b509b2c5ea707a5e7ad0a3423bbdf\",\"name\":\"MA_gato1987\",\"image\":{\"@type\":\"ImageObject\",\"inLanguage\":\"en-GB\",\"@id\":\"https:\\\/\\\/secure.gravatar.com\\\/avatar\\\/9342e24410d9de9fe4cb78c331c83266224f5c7f926924da715c99992ae87037?s=96&d=mm&r=g\",\"url\":\"https:\\\/\\\/secure.gravatar.com\\\/avatar\\\/9342e24410d9de9fe4cb78c331c83266224f5c7f926924da715c99992ae87037?s=96&d=mm&r=g\",\"contentUrl\":\"https:\\\/\\\/secure.gravatar.com\\\/avatar\\\/9342e24410d9de9fe4cb78c331c83266224f5c7f926924da715c99992ae87037?s=96&d=mm&r=g\",\"caption\":\"MA_gato1987\"},\"sameAs\":[\"http:\\\/\\\/s311126158.mialojamiento.es\"],\"url\":\"https:\\\/\\\/www.mtr-2.com\\\/en\\\/author\\\/ma_gato1987\"}]}<\/script>\n<!-- \/ Yoast SEO plugin. -->","yoast_head_json":{"title":"Dani Castellanos Campe\u00f3n DH y doblete - MTR2 Live your style","robots":{"index":"index","follow":"follow","max-snippet":"max-snippet:-1","max-image-preview":"max-image-preview:large","max-video-preview":"max-video-preview:-1"},"canonical":"https:\/\/www.mtr-2.com\/en\/dani-castellanos-campeon-dh-y-doblete","og_locale":"en_GB","og_type":"article","og_title":"Dani Castellanos Campe\u00f3n DH y doblete - MTR2 Live your style","og_description":"Dani y Chus Castellanos logran un doblete hist\u00f3rico, padre e hijo campeones en sus respectivas categor\u00edas. Dani Castellanos logra su primer t\u00edtulo de campe\u00f3n de Espa\u00f1a en la categor\u00eda m\u00e1xima de DH, celebrada en La Pinilla (Segovia). El s\u00e1bado en los entrenos oficiales pudo hacer hasta 9 bajadas, debiendo lidiar con el abundante polvo que [&hellip;]","og_url":"https:\/\/www.mtr-2.com\/en\/dani-castellanos-campeon-dh-y-doblete","og_site_name":"MTR2 Live your style","article_publisher":"https:\/\/www.facebook.com\/mtr2worldwide\/","article_published_time":"2024-07-29T09:00:36+00:00","article_modified_time":"2024-07-31T10:17:10+00:00","og_image":[{"width":1100,"height":733,"url":"https:\/\/i0.wp.com\/www.mtr-2.com\/wp-content\/uploads\/2024\/07\/DANI-CHUS-CASTELLANOS-CAMPEONES.webp?fit=1100%2C733&ssl=1","type":"image\/webp"}],"author":"MA_gato1987","twitter_card":"summary_large_image","twitter_misc":{"Written by":"MA_gato1987","Estimated reading time":"2 minutes"},"schema":{"@context":"https:\/\/schema.org","@graph":[{"@type":"Article","@id":"https:\/\/www.mtr-2.com\/en\/dani-castellanos-campeon-dh-y-doblete#article","isPartOf":{"@id":"https:\/\/www.mtr-2.com\/en\/dani-castellanos-campeon-dh-y-doblete"},"author":{"name":"MA_gato1987","@id":"https:\/\/www.mtr-2.com\/#\/schema\/person\/706b509b2c5ea707a5e7ad0a3423bbdf"},"headline":"Dani Castellanos Campe\u00f3n DH y doblete","datePublished":"2024-07-29T09:00:36+00:00","dateModified":"2024-07-31T10:17:10+00:00","mainEntityOfPage":{"@id":"https:\/\/www.mtr-2.com\/en\/dani-castellanos-campeon-dh-y-doblete"},"wordCount":243,"commentCount":0,"publisher":{"@id":"https:\/\/www.mtr-2.com\/#organization"},"image":{"@id":"https:\/\/www.mtr-2.com\/en\/dani-castellanos-campeon-dh-y-doblete#primaryimage"},"thumbnailUrl":"https:\/\/i0.wp.com\/www.mtr-2.com\/wp-content\/uploads\/2024\/07\/DANI-CHUS-CASTELLANOS-CAMPEONES.webp?fit=1100%2C733&ssl=1","keywords":["andorra downhill","chus castellanos","dani castellanos","dh","dh laura marquez","downhill mtb","la pinilla","la pinilla dh","mtr2","planet mtb","uci downhill","uci mondraker","uci mtb","uci world cup mtb"],"articleSection":["Blog"],"inLanguage":"en-GB","potentialAction":[{"@type":"CommentAction","name":"Comment","target":["https:\/\/www.mtr-2.com\/en\/dani-castellanos-campeon-dh-y-doblete#respond"]}]},{"@type":"WebPage","@id":"https:\/\/www.mtr-2.com\/en\/dani-castellanos-campeon-dh-y-doblete","url":"https:\/\/www.mtr-2.com\/en\/dani-castellanos-campeon-dh-y-doblete","name":"Dani Castellanos Campe\u00f3n DH y doblete - MTR2 Live your style","isPartOf":{"@id":"https:\/\/www.mtr-2.com\/#website"},"primaryImageOfPage":{"@id":"https:\/\/www.mtr-2.com\/en\/dani-castellanos-campeon-dh-y-doblete#primaryimage"},"image":{"@id":"https:\/\/www.mtr-2.com\/en\/dani-castellanos-campeon-dh-y-doblete#primaryimage"},"thumbnailUrl":"https:\/\/i0.wp.com\/www.mtr-2.com\/wp-content\/uploads\/2024\/07\/DANI-CHUS-CASTELLANOS-CAMPEONES.webp?fit=1100%2C733&ssl=1","datePublished":"2024-07-29T09:00:36+00:00","dateModified":"2024-07-31T10:17:10+00:00","breadcrumb":{"@id":"https:\/\/www.mtr-2.com\/en\/dani-castellanos-campeon-dh-y-doblete#breadcrumb"},"inLanguage":"en-GB","potentialAction":[{"@type":"ReadAction","target":["https:\/\/www.mtr-2.com\/en\/dani-castellanos-campeon-dh-y-doblete"]}]},{"@type":"ImageObject","inLanguage":"en-GB","@id":"https:\/\/www.mtr-2.com\/en\/dani-castellanos-campeon-dh-y-doblete#primaryimage","url":"https:\/\/i0.wp.com\/www.mtr-2.com\/wp-content\/uploads\/2024\/07\/DANI-CHUS-CASTELLANOS-CAMPEONES.webp?fit=1100%2C733&ssl=1","contentUrl":"https:\/\/i0.wp.com\/www.mtr-2.com\/wp-content\/uploads\/2024\/07\/DANI-CHUS-CASTELLANOS-CAMPEONES.webp?fit=1100%2C733&ssl=1","width":1100,"height":733},{"@type":"BreadcrumbList","@id":"https:\/\/www.mtr-2.com\/en\/dani-castellanos-campeon-dh-y-doblete#breadcrumb","itemListElement":[{"@type":"ListItem","position":1,"name":"Portada","item":"https:\/\/www.mtr-2.com\/"},{"@type":"ListItem","position":2,"name":"Dani Castellanos Campe\u00f3n DH y doblete"}]},{"@type":"WebSite","@id":"https:\/\/www.mtr-2.com\/#website","url":"https:\/\/www.mtr-2.com\/","name":"MTR2 Live your style","description":"Los dise\u00f1os m\u00e1s exclusivos en gafas, guantes, manillares y accesorios para motocross, enduro, downhill mtb, bmx...","publisher":{"@id":"https:\/\/www.mtr-2.com\/#organization"},"alternateName":"MTR-2 Worldwide | Motocross, enduro, bmx, donwhill mtb, surf - Live Your Style","potentialAction":[{"@type":"SearchAction","target":{"@type":"EntryPoint","urlTemplate":"https:\/\/www.mtr-2.com\/?s={search_term_string}"},"query-input":{"@type":"PropertyValueSpecification","valueRequired":true,"valueName":"search_term_string"}}],"inLanguage":"en-GB"},{"@type":"Organization","@id":"https:\/\/www.mtr-2.com\/#organization","name":"MTR2 Live your style","url":"https:\/\/www.mtr-2.com\/","logo":{"@type":"ImageObject","inLanguage":"en-GB","@id":"https:\/\/www.mtr-2.com\/#\/schema\/logo\/image\/","url":"https:\/\/i0.wp.com\/www.mtr-2.com\/wp-content\/uploads\/2021\/06\/MTR2-Logo-official.webp?fit=350%2C77&ssl=1","contentUrl":"https:\/\/i0.wp.com\/www.mtr-2.com\/wp-content\/uploads\/2021\/06\/MTR2-Logo-official.webp?fit=350%2C77&ssl=1","width":350,"height":77,"caption":"MTR2 Live your style"},"image":{"@id":"https:\/\/www.mtr-2.com\/#\/schema\/logo\/image\/"},"sameAs":["https:\/\/www.facebook.com\/mtr2worldwide\/","https:\/\/www.instagram.com\/mtr2worldwide\/"]},{"@type":"Person","@id":"https:\/\/www.mtr-2.com\/#\/schema\/person\/706b509b2c5ea707a5e7ad0a3423bbdf","name":"MA_gato1987","image":{"@type":"ImageObject","inLanguage":"en-GB","@id":"https:\/\/secure.gravatar.com\/avatar\/9342e24410d9de9fe4cb78c331c83266224f5c7f926924da715c99992ae87037?s=96&d=mm&r=g","url":"https:\/\/secure.gravatar.com\/avatar\/9342e24410d9de9fe4cb78c331c83266224f5c7f926924da715c99992ae87037?s=96&d=mm&r=g","contentUrl":"https:\/\/secure.gravatar.com\/avatar\/9342e24410d9de9fe4cb78c331c83266224f5c7f926924da715c99992ae87037?s=96&d=mm&r=g","caption":"MA_gato1987"},"sameAs":["http:\/\/s311126158.mialojamiento.es"],"url":"https:\/\/www.mtr-2.com\/en\/author\/ma_gato1987"}]}},"jetpack_featured_media_url":"https:\/\/i0.wp.com\/www.mtr-2.com\/wp-content\/uploads\/2024\/07\/DANI-CHUS-CASTELLANOS-CAMPEONES.webp?fit=1100%2C733&ssl=1","jetpack_sharing_enabled":true,"_links":{"self":[{"href":"https:\/\/www.mtr-2.com\/en\/wp-json\/wp\/v2\/posts\/10420","targetHints":{"allow":["GET"]}}],"collection":[{"href":"https:\/\/www.mtr-2.com\/en\/wp-json\/wp\/v2\/posts"}],"about":[{"href":"https:\/\/www.mtr-2.com\/en\/wp-json\/wp\/v2\/types\/post"}],"author":[{"embeddable":true,"href":"https:\/\/www.mtr-2.com\/en\/wp-json\/wp\/v2\/users\/1"}],"replies":[{"embeddable":true,"href":"https:\/\/www.mtr-2.com\/en\/wp-json\/wp\/v2\/comments?post=10420"}],"version-history":[{"count":5,"href":"https:\/\/www.mtr-2.com\/en\/wp-json\/wp\/v2\/posts\/10420\/revisions"}],"predecessor-version":[{"id":10423,"href":"https:\/\/www.mtr-2.com\/en\/wp-json\/wp\/v2\/posts\/10420\/revisions\/10423"}],"wp:featuredmedia":[{"embeddable":true,"href":"https:\/\/www.mtr-2.com\/en\/wp-json\/wp\/v2\/media\/10426"}],"wp:attachment":[{"href":"https:\/\/www.mtr-2.com\/en\/wp-json\/wp\/v2\/media?parent=10420"}],"wp:term":[{"taxonomy":"category","embeddable":true,"href":"https:\/\/www.mtr-2.com\/en\/wp-json\/wp\/v2\/categories?post=10420"},{"taxonomy":"post_tag","embeddable":true,"href":"https:\/\/www.mtr-2.com\/en\/wp-json\/wp\/v2\/tags?post=10420"}],"curies":[{"name":"wp","href":"https:\/\/api.w.org\/{rel}","templated":true}]}}