{"id":10552,"date":"2024-08-19T09:45:17","date_gmt":"2024-08-19T07:45:17","guid":{"rendered":"https:\/\/www.mtr-2.com\/?p=10552"},"modified":"2024-10-09T10:17:58","modified_gmt":"2024-10-09T08:17:58","slug":"chus-castellanos-campeon-de-europa-dhi","status":"publish","type":"post","link":"https:\/\/www.mtr-2.com\/en\/chus-castellanos-campeon-de-europa-dhi","title":{"rendered":"Chus Castellanos DHI European Champion"},"content":{"rendered":"<p><img data-recalc-dims=\"1\" fetchpriority=\"high\" decoding=\"async\" class=\"alignleft wp-image-10553\" src=\"https:\/\/i0.wp.com\/www.mtr-2.com\/wp-content\/uploads\/2024\/10\/CHAMPION-EUROPE-CHUS-CASTELLANOS-2024.webp?resize=329%2C585\" alt=\"\" width=\"329\" height=\"585\" srcset=\"https:\/\/i0.wp.com\/www.mtr-2.com\/wp-content\/uploads\/2024\/10\/CHAMPION-EUROPE-CHUS-CASTELLANOS-2024.webp?resize=576%2C1024&amp;ssl=1 576w, https:\/\/i0.wp.com\/www.mtr-2.com\/wp-content\/uploads\/2024\/10\/CHAMPION-EUROPE-CHUS-CASTELLANOS-2024.webp?resize=169%2C300&amp;ssl=1 169w, https:\/\/i0.wp.com\/www.mtr-2.com\/wp-content\/uploads\/2024\/10\/CHAMPION-EUROPE-CHUS-CASTELLANOS-2024.webp?resize=7%2C12&amp;ssl=1 7w, https:\/\/i0.wp.com\/www.mtr-2.com\/wp-content\/uploads\/2024\/10\/CHAMPION-EUROPE-CHUS-CASTELLANOS-2024.webp?resize=500%2C889&amp;ssl=1 500w, https:\/\/i0.wp.com\/www.mtr-2.com\/wp-content\/uploads\/2024\/10\/CHAMPION-EUROPE-CHUS-CASTELLANOS-2024.webp?w=750&amp;ssl=1 750w\" sizes=\"(max-width: 329px) 100vw, 329px\" \/>The DHI European Championships were held on the legendary Champ\u00e9ry track (Switzerland), in the Swiss canton of Valais, on a 1,520-metre circuit where the Madrid-born rider left his mark. In addition, as it will host the World Championships in 2025, there was a high level of participation, and many riders wanted to test the track in preparation for the aforementioned event.<\/p>\n<p>The Madrid native was proclaimed DHI European champion for the first time in his career as a master 45, making up for the 2nd place he achieved in 2019 in Portugal, when he was still 40. In addition, he did so by also winning in the entire 40 category and being 5th best time in the\u00a0<em>scratch<\/em>\u00a0m\u00e1ster.<\/p>","protected":false},"excerpt":{"rendered":"<p>Los Campeonatos de Europa de DHI se celebraron en el m\u00edtico trazado de Champ\u00e9ry\u00a0(Suiza), en el cant\u00f3n helv\u00e9tico de Valais, sobre un circuito de 1.520 metros en el que el piloto madrile\u00f1o dej\u00f3 su impronta. Adem\u00e1s, como ser\u00e1 sede de los Mundiales en 2025, cont\u00f3 con una participaci\u00f3n de gran nivel, muchos riders quer\u00edan testar [&hellip;]<\/p>\n","protected":false},"author":1,"featured_media":10553,"comment_status":"open","ping_status":"open","sticky":false,"template":"","format":"standard","meta":{"_jetpack_memberships_contains_paid_content":false,"footnotes":""},"categories":[52],"tags":[474,350,333,487,517,357,473,575,580],"class_list":["post-10552","post","type-post","status-publish","format-standard","has-post-thumbnail","hentry","category-blog","tag-dh-mtb","tag-downhill","tag-downhill-mtb","tag-mondraker","tag-santa-cruz-downhill","tag-uci-dh","tag-uci-mtb","tag-xcc","tag-xco-paris-2024"],"yoast_head":"<!-- This site is optimized with the Yoast SEO plugin v27.4 - https:\/\/yoast.com\/product\/yoast-seo-wordpress\/ -->\n<title>Chus Castellanos Campe\u00f3n de Europa DHI - MTR2 Live your style<\/title>\n<meta name=\"description\" content=\"Chus Castellanos el reconocido rider espa\u00f1ol se proclama Campe\u00f3n de Europa de DHI en master 45, logrando su primer t\u00edtulo internacional.\" \/>\n<meta name=\"robots\" content=\"index, follow, max-snippet:-1, max-image-preview:large, max-video-preview:-1\" \/>\n<link rel=\"canonical\" href=\"https:\/\/www.mtr-2.com\/en\/chus-castellanos-campeon-de-europa-dhi\/\" \/>\n<meta property=\"og:locale\" content=\"en_GB\" \/>\n<meta property=\"og:type\" content=\"article\" \/>\n<meta property=\"og:title\" content=\"Chus Castellanos Campe\u00f3n de Europa DHI - MTR2 Live your style\" \/>\n<meta property=\"og:description\" content=\"Chus Castellanos el reconocido rider espa\u00f1ol se proclama Campe\u00f3n de Europa de DHI en master 45, logrando su primer t\u00edtulo internacional.\" \/>\n<meta property=\"og:url\" content=\"https:\/\/www.mtr-2.com\/en\/chus-castellanos-campeon-de-europa-dhi\/\" \/>\n<meta property=\"og:site_name\" content=\"MTR2 Live your style\" \/>\n<meta property=\"article:publisher\" content=\"https:\/\/www.facebook.com\/mtr2worldwide\/\" \/>\n<meta property=\"article:published_time\" content=\"2024-08-19T07:45:17+00:00\" \/>\n<meta property=\"article:modified_time\" content=\"2024-10-09T08:17:58+00:00\" \/>\n<meta property=\"og:image\" content=\"https:\/\/i0.wp.com\/www.mtr-2.com\/wp-content\/uploads\/2024\/10\/CHAMPION-EUROPE-CHUS-CASTELLANOS-2024.webp?fit=750%2C1334&ssl=1\" \/>\n\t<meta property=\"og:image:width\" content=\"750\" \/>\n\t<meta property=\"og:image:height\" content=\"1334\" \/>\n\t<meta property=\"og:image:type\" content=\"image\/webp\" \/>\n<meta name=\"author\" content=\"MA_gato1987\" \/>\n<meta name=\"twitter:card\" content=\"summary_large_image\" \/>\n<meta name=\"twitter:label1\" content=\"Written by\" \/>\n\t<meta name=\"twitter:data1\" content=\"MA_gato1987\" \/>\n\t<meta name=\"twitter:label2\" content=\"Estimated reading time\" \/>\n\t<meta name=\"twitter:data2\" content=\"1 minute\" \/>\n<script type=\"application\/ld+json\" class=\"yoast-schema-graph\">{\"@context\":\"https:\\\/\\\/schema.org\",\"@graph\":[{\"@type\":\"Article\",\"@id\":\"https:\\\/\\\/www.mtr-2.com\\\/chus-castellanos-campeon-de-europa-dhi#article\",\"isPartOf\":{\"@id\":\"https:\\\/\\\/www.mtr-2.com\\\/chus-castellanos-campeon-de-europa-dhi\"},\"author\":{\"name\":\"MA_gato1987\",\"@id\":\"https:\\\/\\\/www.mtr-2.com\\\/#\\\/schema\\\/person\\\/706b509b2c5ea707a5e7ad0a3423bbdf\"},\"headline\":\"Chus Castellanos Campe\u00f3n de Europa DHI\",\"datePublished\":\"2024-08-19T07:45:17+00:00\",\"dateModified\":\"2024-10-09T08:17:58+00:00\",\"mainEntityOfPage\":{\"@id\":\"https:\\\/\\\/www.mtr-2.com\\\/chus-castellanos-campeon-de-europa-dhi\"},\"wordCount\":134,\"commentCount\":0,\"publisher\":{\"@id\":\"https:\\\/\\\/www.mtr-2.com\\\/#organization\"},\"image\":{\"@id\":\"https:\\\/\\\/www.mtr-2.com\\\/chus-castellanos-campeon-de-europa-dhi#primaryimage\"},\"thumbnailUrl\":\"https:\\\/\\\/i0.wp.com\\\/www.mtr-2.com\\\/wp-content\\\/uploads\\\/2024\\\/10\\\/CHAMPION-EUROPE-CHUS-CASTELLANOS-2024.webp?fit=750%2C1334&ssl=1\",\"keywords\":[\"dh mtb\",\"downhill\",\"downhill mtb\",\"mondraker\",\"santa cruz downhill\",\"uci dh\",\"uci mtb\",\"XCC\",\"XCO PARIS 2024\"],\"articleSection\":[\"Blog\"],\"inLanguage\":\"en-GB\",\"potentialAction\":[{\"@type\":\"CommentAction\",\"name\":\"Comment\",\"target\":[\"https:\\\/\\\/www.mtr-2.com\\\/chus-castellanos-campeon-de-europa-dhi#respond\"]}]},{\"@type\":\"WebPage\",\"@id\":\"https:\\\/\\\/www.mtr-2.com\\\/chus-castellanos-campeon-de-europa-dhi\",\"url\":\"https:\\\/\\\/www.mtr-2.com\\\/chus-castellanos-campeon-de-europa-dhi\",\"name\":\"Chus Castellanos Campe\u00f3n de Europa DHI - MTR2 Live your style\",\"isPartOf\":{\"@id\":\"https:\\\/\\\/www.mtr-2.com\\\/#website\"},\"primaryImageOfPage\":{\"@id\":\"https:\\\/\\\/www.mtr-2.com\\\/chus-castellanos-campeon-de-europa-dhi#primaryimage\"},\"image\":{\"@id\":\"https:\\\/\\\/www.mtr-2.com\\\/chus-castellanos-campeon-de-europa-dhi#primaryimage\"},\"thumbnailUrl\":\"https:\\\/\\\/i0.wp.com\\\/www.mtr-2.com\\\/wp-content\\\/uploads\\\/2024\\\/10\\\/CHAMPION-EUROPE-CHUS-CASTELLANOS-2024.webp?fit=750%2C1334&ssl=1\",\"datePublished\":\"2024-08-19T07:45:17+00:00\",\"dateModified\":\"2024-10-09T08:17:58+00:00\",\"description\":\"Chus Castellanos el reconocido rider espa\u00f1ol se proclama Campe\u00f3n de Europa de DHI en master 45, logrando su primer t\u00edtulo internacional.\",\"breadcrumb\":{\"@id\":\"https:\\\/\\\/www.mtr-2.com\\\/chus-castellanos-campeon-de-europa-dhi#breadcrumb\"},\"inLanguage\":\"en-GB\",\"potentialAction\":[{\"@type\":\"ReadAction\",\"target\":[\"https:\\\/\\\/www.mtr-2.com\\\/chus-castellanos-campeon-de-europa-dhi\"]}]},{\"@type\":\"ImageObject\",\"inLanguage\":\"en-GB\",\"@id\":\"https:\\\/\\\/www.mtr-2.com\\\/chus-castellanos-campeon-de-europa-dhi#primaryimage\",\"url\":\"https:\\\/\\\/i0.wp.com\\\/www.mtr-2.com\\\/wp-content\\\/uploads\\\/2024\\\/10\\\/CHAMPION-EUROPE-CHUS-CASTELLANOS-2024.webp?fit=750%2C1334&ssl=1\",\"contentUrl\":\"https:\\\/\\\/i0.wp.com\\\/www.mtr-2.com\\\/wp-content\\\/uploads\\\/2024\\\/10\\\/CHAMPION-EUROPE-CHUS-CASTELLANOS-2024.webp?fit=750%2C1334&ssl=1\",\"width\":750,\"height\":1334},{\"@type\":\"BreadcrumbList\",\"@id\":\"https:\\\/\\\/www.mtr-2.com\\\/chus-castellanos-campeon-de-europa-dhi#breadcrumb\",\"itemListElement\":[{\"@type\":\"ListItem\",\"position\":1,\"name\":\"Portada\",\"item\":\"https:\\\/\\\/www.mtr-2.com\\\/\"},{\"@type\":\"ListItem\",\"position\":2,\"name\":\"Chus Castellanos Campe\u00f3n de Europa DHI\"}]},{\"@type\":\"WebSite\",\"@id\":\"https:\\\/\\\/www.mtr-2.com\\\/#website\",\"url\":\"https:\\\/\\\/www.mtr-2.com\\\/\",\"name\":\"MTR2 Live your style\",\"description\":\"Los dise\u00f1os m\u00e1s exclusivos en gafas, guantes, manillares y accesorios para motocross, enduro, downhill mtb, bmx...\",\"publisher\":{\"@id\":\"https:\\\/\\\/www.mtr-2.com\\\/#organization\"},\"alternateName\":\"MTR-2 Worldwide | Motocross, enduro, bmx, donwhill mtb, surf - Live Your Style\",\"potentialAction\":[{\"@type\":\"SearchAction\",\"target\":{\"@type\":\"EntryPoint\",\"urlTemplate\":\"https:\\\/\\\/www.mtr-2.com\\\/?s={search_term_string}\"},\"query-input\":{\"@type\":\"PropertyValueSpecification\",\"valueRequired\":true,\"valueName\":\"search_term_string\"}}],\"inLanguage\":\"en-GB\"},{\"@type\":\"Organization\",\"@id\":\"https:\\\/\\\/www.mtr-2.com\\\/#organization\",\"name\":\"MTR2 Live your style\",\"url\":\"https:\\\/\\\/www.mtr-2.com\\\/\",\"logo\":{\"@type\":\"ImageObject\",\"inLanguage\":\"en-GB\",\"@id\":\"https:\\\/\\\/www.mtr-2.com\\\/#\\\/schema\\\/logo\\\/image\\\/\",\"url\":\"https:\\\/\\\/i0.wp.com\\\/www.mtr-2.com\\\/wp-content\\\/uploads\\\/2021\\\/06\\\/MTR2-Logo-official.webp?fit=350%2C77&ssl=1\",\"contentUrl\":\"https:\\\/\\\/i0.wp.com\\\/www.mtr-2.com\\\/wp-content\\\/uploads\\\/2021\\\/06\\\/MTR2-Logo-official.webp?fit=350%2C77&ssl=1\",\"width\":350,\"height\":77,\"caption\":\"MTR2 Live your style\"},\"image\":{\"@id\":\"https:\\\/\\\/www.mtr-2.com\\\/#\\\/schema\\\/logo\\\/image\\\/\"},\"sameAs\":[\"https:\\\/\\\/www.facebook.com\\\/mtr2worldwide\\\/\",\"https:\\\/\\\/www.instagram.com\\\/mtr2worldwide\\\/\"]},{\"@type\":\"Person\",\"@id\":\"https:\\\/\\\/www.mtr-2.com\\\/#\\\/schema\\\/person\\\/706b509b2c5ea707a5e7ad0a3423bbdf\",\"name\":\"MA_gato1987\",\"image\":{\"@type\":\"ImageObject\",\"inLanguage\":\"en-GB\",\"@id\":\"https:\\\/\\\/secure.gravatar.com\\\/avatar\\\/9342e24410d9de9fe4cb78c331c83266224f5c7f926924da715c99992ae87037?s=96&d=mm&r=g\",\"url\":\"https:\\\/\\\/secure.gravatar.com\\\/avatar\\\/9342e24410d9de9fe4cb78c331c83266224f5c7f926924da715c99992ae87037?s=96&d=mm&r=g\",\"contentUrl\":\"https:\\\/\\\/secure.gravatar.com\\\/avatar\\\/9342e24410d9de9fe4cb78c331c83266224f5c7f926924da715c99992ae87037?s=96&d=mm&r=g\",\"caption\":\"MA_gato1987\"},\"sameAs\":[\"http:\\\/\\\/s311126158.mialojamiento.es\"],\"url\":\"https:\\\/\\\/www.mtr-2.com\\\/en\\\/author\\\/ma_gato1987\"}]}<\/script>\n<!-- \/ Yoast SEO plugin. -->","yoast_head_json":{"title":"Chus Castellanos Campe\u00f3n de Europa DHI - MTR2 Live your style","description":"Chus Castellanos el reconocido rider espa\u00f1ol se proclama Campe\u00f3n de Europa de DHI en master 45, logrando su primer t\u00edtulo internacional.","robots":{"index":"index","follow":"follow","max-snippet":"max-snippet:-1","max-image-preview":"max-image-preview:large","max-video-preview":"max-video-preview:-1"},"canonical":"https:\/\/www.mtr-2.com\/en\/chus-castellanos-campeon-de-europa-dhi\/","og_locale":"en_GB","og_type":"article","og_title":"Chus Castellanos Campe\u00f3n de Europa DHI - MTR2 Live your style","og_description":"Chus Castellanos el reconocido rider espa\u00f1ol se proclama Campe\u00f3n de Europa de DHI en master 45, logrando su primer t\u00edtulo internacional.","og_url":"https:\/\/www.mtr-2.com\/en\/chus-castellanos-campeon-de-europa-dhi\/","og_site_name":"MTR2 Live your style","article_publisher":"https:\/\/www.facebook.com\/mtr2worldwide\/","article_published_time":"2024-08-19T07:45:17+00:00","article_modified_time":"2024-10-09T08:17:58+00:00","og_image":[{"width":750,"height":1334,"url":"https:\/\/i0.wp.com\/www.mtr-2.com\/wp-content\/uploads\/2024\/10\/CHAMPION-EUROPE-CHUS-CASTELLANOS-2024.webp?fit=750%2C1334&ssl=1","type":"image\/webp"}],"author":"MA_gato1987","twitter_card":"summary_large_image","twitter_misc":{"Written by":"MA_gato1987","Estimated reading time":"1 minute"},"schema":{"@context":"https:\/\/schema.org","@graph":[{"@type":"Article","@id":"https:\/\/www.mtr-2.com\/chus-castellanos-campeon-de-europa-dhi#article","isPartOf":{"@id":"https:\/\/www.mtr-2.com\/chus-castellanos-campeon-de-europa-dhi"},"author":{"name":"MA_gato1987","@id":"https:\/\/www.mtr-2.com\/#\/schema\/person\/706b509b2c5ea707a5e7ad0a3423bbdf"},"headline":"Chus Castellanos Campe\u00f3n de Europa DHI","datePublished":"2024-08-19T07:45:17+00:00","dateModified":"2024-10-09T08:17:58+00:00","mainEntityOfPage":{"@id":"https:\/\/www.mtr-2.com\/chus-castellanos-campeon-de-europa-dhi"},"wordCount":134,"commentCount":0,"publisher":{"@id":"https:\/\/www.mtr-2.com\/#organization"},"image":{"@id":"https:\/\/www.mtr-2.com\/chus-castellanos-campeon-de-europa-dhi#primaryimage"},"thumbnailUrl":"https:\/\/i0.wp.com\/www.mtr-2.com\/wp-content\/uploads\/2024\/10\/CHAMPION-EUROPE-CHUS-CASTELLANOS-2024.webp?fit=750%2C1334&ssl=1","keywords":["dh mtb","downhill","downhill mtb","mondraker","santa cruz downhill","uci dh","uci mtb","XCC","XCO PARIS 2024"],"articleSection":["Blog"],"inLanguage":"en-GB","potentialAction":[{"@type":"CommentAction","name":"Comment","target":["https:\/\/www.mtr-2.com\/chus-castellanos-campeon-de-europa-dhi#respond"]}]},{"@type":"WebPage","@id":"https:\/\/www.mtr-2.com\/chus-castellanos-campeon-de-europa-dhi","url":"https:\/\/www.mtr-2.com\/chus-castellanos-campeon-de-europa-dhi","name":"Chus Castellanos Campe\u00f3n de Europa DHI - MTR2 Live your style","isPartOf":{"@id":"https:\/\/www.mtr-2.com\/#website"},"primaryImageOfPage":{"@id":"https:\/\/www.mtr-2.com\/chus-castellanos-campeon-de-europa-dhi#primaryimage"},"image":{"@id":"https:\/\/www.mtr-2.com\/chus-castellanos-campeon-de-europa-dhi#primaryimage"},"thumbnailUrl":"https:\/\/i0.wp.com\/www.mtr-2.com\/wp-content\/uploads\/2024\/10\/CHAMPION-EUROPE-CHUS-CASTELLANOS-2024.webp?fit=750%2C1334&ssl=1","datePublished":"2024-08-19T07:45:17+00:00","dateModified":"2024-10-09T08:17:58+00:00","description":"Chus Castellanos el reconocido rider espa\u00f1ol se proclama Campe\u00f3n de Europa de DHI en master 45, logrando su primer t\u00edtulo internacional.","breadcrumb":{"@id":"https:\/\/www.mtr-2.com\/chus-castellanos-campeon-de-europa-dhi#breadcrumb"},"inLanguage":"en-GB","potentialAction":[{"@type":"ReadAction","target":["https:\/\/www.mtr-2.com\/chus-castellanos-campeon-de-europa-dhi"]}]},{"@type":"ImageObject","inLanguage":"en-GB","@id":"https:\/\/www.mtr-2.com\/chus-castellanos-campeon-de-europa-dhi#primaryimage","url":"https:\/\/i0.wp.com\/www.mtr-2.com\/wp-content\/uploads\/2024\/10\/CHAMPION-EUROPE-CHUS-CASTELLANOS-2024.webp?fit=750%2C1334&ssl=1","contentUrl":"https:\/\/i0.wp.com\/www.mtr-2.com\/wp-content\/uploads\/2024\/10\/CHAMPION-EUROPE-CHUS-CASTELLANOS-2024.webp?fit=750%2C1334&ssl=1","width":750,"height":1334},{"@type":"BreadcrumbList","@id":"https:\/\/www.mtr-2.com\/chus-castellanos-campeon-de-europa-dhi#breadcrumb","itemListElement":[{"@type":"ListItem","position":1,"name":"Portada","item":"https:\/\/www.mtr-2.com\/"},{"@type":"ListItem","position":2,"name":"Chus Castellanos Campe\u00f3n de Europa DHI"}]},{"@type":"WebSite","@id":"https:\/\/www.mtr-2.com\/#website","url":"https:\/\/www.mtr-2.com\/","name":"MTR2 Live your style","description":"Los dise\u00f1os m\u00e1s exclusivos en gafas, guantes, manillares y accesorios para motocross, enduro, downhill mtb, bmx...","publisher":{"@id":"https:\/\/www.mtr-2.com\/#organization"},"alternateName":"MTR-2 Worldwide | Motocross, enduro, bmx, donwhill mtb, surf - Live Your Style","potentialAction":[{"@type":"SearchAction","target":{"@type":"EntryPoint","urlTemplate":"https:\/\/www.mtr-2.com\/?s={search_term_string}"},"query-input":{"@type":"PropertyValueSpecification","valueRequired":true,"valueName":"search_term_string"}}],"inLanguage":"en-GB"},{"@type":"Organization","@id":"https:\/\/www.mtr-2.com\/#organization","name":"MTR2 Live your style","url":"https:\/\/www.mtr-2.com\/","logo":{"@type":"ImageObject","inLanguage":"en-GB","@id":"https:\/\/www.mtr-2.com\/#\/schema\/logo\/image\/","url":"https:\/\/i0.wp.com\/www.mtr-2.com\/wp-content\/uploads\/2021\/06\/MTR2-Logo-official.webp?fit=350%2C77&ssl=1","contentUrl":"https:\/\/i0.wp.com\/www.mtr-2.com\/wp-content\/uploads\/2021\/06\/MTR2-Logo-official.webp?fit=350%2C77&ssl=1","width":350,"height":77,"caption":"MTR2 Live your style"},"image":{"@id":"https:\/\/www.mtr-2.com\/#\/schema\/logo\/image\/"},"sameAs":["https:\/\/www.facebook.com\/mtr2worldwide\/","https:\/\/www.instagram.com\/mtr2worldwide\/"]},{"@type":"Person","@id":"https:\/\/www.mtr-2.com\/#\/schema\/person\/706b509b2c5ea707a5e7ad0a3423bbdf","name":"MA_gato1987","image":{"@type":"ImageObject","inLanguage":"en-GB","@id":"https:\/\/secure.gravatar.com\/avatar\/9342e24410d9de9fe4cb78c331c83266224f5c7f926924da715c99992ae87037?s=96&d=mm&r=g","url":"https:\/\/secure.gravatar.com\/avatar\/9342e24410d9de9fe4cb78c331c83266224f5c7f926924da715c99992ae87037?s=96&d=mm&r=g","contentUrl":"https:\/\/secure.gravatar.com\/avatar\/9342e24410d9de9fe4cb78c331c83266224f5c7f926924da715c99992ae87037?s=96&d=mm&r=g","caption":"MA_gato1987"},"sameAs":["http:\/\/s311126158.mialojamiento.es"],"url":"https:\/\/www.mtr-2.com\/en\/author\/ma_gato1987"}]}},"jetpack_featured_media_url":"https:\/\/i0.wp.com\/www.mtr-2.com\/wp-content\/uploads\/2024\/10\/CHAMPION-EUROPE-CHUS-CASTELLANOS-2024.webp?fit=750%2C1334&ssl=1","jetpack_sharing_enabled":true,"_links":{"self":[{"href":"https:\/\/www.mtr-2.com\/en\/wp-json\/wp\/v2\/posts\/10552","targetHints":{"allow":["GET"]}}],"collection":[{"href":"https:\/\/www.mtr-2.com\/en\/wp-json\/wp\/v2\/posts"}],"about":[{"href":"https:\/\/www.mtr-2.com\/en\/wp-json\/wp\/v2\/types\/post"}],"author":[{"embeddable":true,"href":"https:\/\/www.mtr-2.com\/en\/wp-json\/wp\/v2\/users\/1"}],"replies":[{"embeddable":true,"href":"https:\/\/www.mtr-2.com\/en\/wp-json\/wp\/v2\/comments?post=10552"}],"version-history":[{"count":1,"href":"https:\/\/www.mtr-2.com\/en\/wp-json\/wp\/v2\/posts\/10552\/revisions"}],"predecessor-version":[{"id":10554,"href":"https:\/\/www.mtr-2.com\/en\/wp-json\/wp\/v2\/posts\/10552\/revisions\/10554"}],"wp:featuredmedia":[{"embeddable":true,"href":"https:\/\/www.mtr-2.com\/en\/wp-json\/wp\/v2\/media\/10553"}],"wp:attachment":[{"href":"https:\/\/www.mtr-2.com\/en\/wp-json\/wp\/v2\/media?parent=10552"}],"wp:term":[{"taxonomy":"category","embeddable":true,"href":"https:\/\/www.mtr-2.com\/en\/wp-json\/wp\/v2\/categories?post=10552"},{"taxonomy":"post_tag","embeddable":true,"href":"https:\/\/www.mtr-2.com\/en\/wp-json\/wp\/v2\/tags?post=10552"}],"curies":[{"name":"wp","href":"https:\/\/api.w.org\/{rel}","templated":true}]}}