{"id":10590,"date":"2024-10-28T16:00:17","date_gmt":"2024-10-28T15:00:17","guid":{"rendered":"https:\/\/www.mtr-2.com\/?p=10590"},"modified":"2024-11-05T16:24:36","modified_gmt":"2024-11-05T15:24:36","slug":"campeon-de-espana-mx1-y-subcampeon-mx2","status":"publish","type":"post","link":"https:\/\/www.mtr-2.com\/en\/campeon-de-espana-mx1-y-subcampeon-mx2","title":{"rendered":"Spanish MX1 Champion and second MX2"},"content":{"rendered":"<p><img data-recalc-dims=\"1\" fetchpriority=\"high\" decoding=\"async\" class=\"alignleft wp-image-10596\" src=\"https:\/\/i0.wp.com\/www.mtr-2.com\/wp-content\/uploads\/2024\/11\/BUTRON-CHAMPION-SPAIN-MOTOCROSS-2024.webp?resize=334%2C435\" alt=\"\" width=\"334\" height=\"435\" srcset=\"https:\/\/i0.wp.com\/www.mtr-2.com\/wp-content\/uploads\/2024\/11\/BUTRON-CHAMPION-SPAIN-MOTOCROSS-2024.webp?w=511&amp;ssl=1 511w, https:\/\/i0.wp.com\/www.mtr-2.com\/wp-content\/uploads\/2024\/11\/BUTRON-CHAMPION-SPAIN-MOTOCROSS-2024.webp?resize=231%2C300&amp;ssl=1 231w, https:\/\/i0.wp.com\/www.mtr-2.com\/wp-content\/uploads\/2024\/11\/BUTRON-CHAMPION-SPAIN-MOTOCROSS-2024.webp?resize=9%2C12&amp;ssl=1 9w, https:\/\/i0.wp.com\/www.mtr-2.com\/wp-content\/uploads\/2024\/11\/BUTRON-CHAMPION-SPAIN-MOTOCROSS-2024.webp?resize=500%2C651&amp;ssl=1 500w\" sizes=\"(max-width: 334px) 100vw, 334px\" \/>The last round of the Spanish motocross championship was held on the technical track of Calatayud (Zaragoza). Water and mud were the protagonists of this weekend. The MX1 and MX2 categories were still to decide which would be the champion of the 2024 season.<\/p>\n<p>For his part, Jos\u00e9 A. Butr\u00f3n managed to once again proclaim himself champion in the MX1 category, completing a conservative first heat in 6th position, and in the second heat after winning the title he achieved 2nd position.<\/p>\n<p>Adri\u00e0 Monn\u00e9 in MX2 fought from the beginning in both heats obtaining two second places, these good results gave him the runner-up position in MX2 in the general classification.<\/p>\n<p>&nbsp;<\/p>","protected":false},"excerpt":{"rendered":"<p>La \u00faltima prueba del campeonato de Espa\u00f1a de motocross se disputo en el t\u00e9cnico trazado de Calatayud (Zaragoza) el agua y el barro fueron los protagonistas de este fin de semana, las categor\u00edas de MX1 y MX2 estaban a\u00fan por decidir cu\u00e1l ser\u00eda el campe\u00f3n de la temporada 2024. Por su parte Jos\u00e9 A. Butr\u00f3n [&hellip;]<\/p>\n","protected":false},"author":1,"featured_media":10596,"comment_status":"open","ping_status":"open","sticky":false,"template":"","format":"standard","meta":{"_jetpack_memberships_contains_paid_content":false,"footnotes":""},"categories":[52],"tags":[233,231,467,227,611,225,392,397,613,612,221,244,615,614,228,610,235,609],"class_list":["post-10590","post","type-post","status-publish","format-standard","has-post-thumbnail","hentry","category-blog","tag-adria-monne","tag-butron","tag-campeonato-de-espana-motocross","tag-espmotocross","tag-greenland-mx","tag-ktm","tag-ktm-spain","tag-ktm-sxf","tag-motocross-center","tag-motocross-centert","tag-mxgp","tag-paulo-alberto-motocross","tag-protaper","tag-renthal","tag-rfme","tag-tiendas-motocross","tag-trt-ktm","tag-trt-motos"],"yoast_head":"<!-- This site is optimized with the Yoast SEO plugin v27.5 - https:\/\/yoast.com\/product\/yoast-seo-wordpress\/ -->\n<title>Campe\u00f3n de Espa\u00f1a MX1 y Subcampe\u00f3n MX2 - MTR2 Live your style<\/title>\n<meta name=\"robots\" content=\"index, follow, max-snippet:-1, max-image-preview:large, max-video-preview:-1\" \/>\n<link rel=\"canonical\" href=\"https:\/\/www.mtr-2.com\/en\/campeon-de-espana-mx1-y-subcampeon-mx2\/\" \/>\n<meta property=\"og:locale\" content=\"en_GB\" \/>\n<meta property=\"og:type\" content=\"article\" \/>\n<meta property=\"og:title\" content=\"Campe\u00f3n de Espa\u00f1a MX1 y Subcampe\u00f3n MX2 - MTR2 Live your style\" \/>\n<meta property=\"og:description\" content=\"La \u00faltima prueba del campeonato de Espa\u00f1a de motocross se disputo en el t\u00e9cnico trazado de Calatayud (Zaragoza) el agua y el barro fueron los protagonistas de este fin de semana, las categor\u00edas de MX1 y MX2 estaban a\u00fan por decidir cu\u00e1l ser\u00eda el campe\u00f3n de la temporada 2024. Por su parte Jos\u00e9 A. Butr\u00f3n [&hellip;]\" \/>\n<meta property=\"og:url\" content=\"https:\/\/www.mtr-2.com\/en\/campeon-de-espana-mx1-y-subcampeon-mx2\/\" \/>\n<meta property=\"og:site_name\" content=\"MTR2 Live your style\" \/>\n<meta property=\"article:publisher\" content=\"https:\/\/www.facebook.com\/mtr2worldwide\/\" \/>\n<meta property=\"article:published_time\" content=\"2024-10-28T15:00:17+00:00\" \/>\n<meta property=\"article:modified_time\" content=\"2024-11-05T15:24:36+00:00\" \/>\n<meta property=\"og:image\" content=\"https:\/\/i0.wp.com\/www.mtr-2.com\/wp-content\/uploads\/2024\/11\/BUTRON-CHAMPION-SPAIN-MOTOCROSS-2024.webp?fit=511%2C665&ssl=1\" \/>\n\t<meta property=\"og:image:width\" content=\"511\" \/>\n\t<meta property=\"og:image:height\" content=\"665\" \/>\n\t<meta property=\"og:image:type\" content=\"image\/webp\" \/>\n<meta name=\"author\" content=\"MA_gato1987\" \/>\n<meta name=\"twitter:card\" content=\"summary_large_image\" \/>\n<meta name=\"twitter:label1\" content=\"Written by\" \/>\n\t<meta name=\"twitter:data1\" content=\"MA_gato1987\" \/>\n\t<meta name=\"twitter:label2\" content=\"Estimated reading time\" \/>\n\t<meta name=\"twitter:data2\" content=\"1 minute\" \/>\n<script type=\"application\/ld+json\" class=\"yoast-schema-graph\">{\"@context\":\"https:\\\/\\\/schema.org\",\"@graph\":[{\"@type\":\"Article\",\"@id\":\"https:\\\/\\\/www.mtr-2.com\\\/campeon-de-espana-mx1-y-subcampeon-mx2#article\",\"isPartOf\":{\"@id\":\"https:\\\/\\\/www.mtr-2.com\\\/campeon-de-espana-mx1-y-subcampeon-mx2\"},\"author\":{\"name\":\"MA_gato1987\",\"@id\":\"https:\\\/\\\/www.mtr-2.com\\\/#\\\/schema\\\/person\\\/706b509b2c5ea707a5e7ad0a3423bbdf\"},\"headline\":\"Campe\u00f3n de Espa\u00f1a MX1 y Subcampe\u00f3n MX2\",\"datePublished\":\"2024-10-28T15:00:17+00:00\",\"dateModified\":\"2024-11-05T15:24:36+00:00\",\"mainEntityOfPage\":{\"@id\":\"https:\\\/\\\/www.mtr-2.com\\\/campeon-de-espana-mx1-y-subcampeon-mx2\"},\"wordCount\":137,\"commentCount\":0,\"publisher\":{\"@id\":\"https:\\\/\\\/www.mtr-2.com\\\/#organization\"},\"image\":{\"@id\":\"https:\\\/\\\/www.mtr-2.com\\\/campeon-de-espana-mx1-y-subcampeon-mx2#primaryimage\"},\"thumbnailUrl\":\"https:\\\/\\\/i0.wp.com\\\/www.mtr-2.com\\\/wp-content\\\/uploads\\\/2024\\\/11\\\/BUTRON-CHAMPION-SPAIN-MOTOCROSS-2024.webp?fit=511%2C665&ssl=1\",\"keywords\":[\"adria monne\",\"butron\",\"campeonato de espa\u00f1a motocross\",\"espmotocross\",\"GREENLAND MX\",\"ktm\",\"ktm spain\",\"ktm sxf\",\"MOTOCROSS CENTER\",\"MOTOCROSS CENTERT\",\"mxgp\",\"paulo alberto motocross\",\"PROTAPER\",\"RENTHAL\",\"rfme\",\"TIENDAS MOTOCROSS\",\"trt ktm\",\"TRT MOTOS\"],\"articleSection\":[\"Blog\"],\"inLanguage\":\"en-GB\",\"potentialAction\":[{\"@type\":\"CommentAction\",\"name\":\"Comment\",\"target\":[\"https:\\\/\\\/www.mtr-2.com\\\/campeon-de-espana-mx1-y-subcampeon-mx2#respond\"]}]},{\"@type\":\"WebPage\",\"@id\":\"https:\\\/\\\/www.mtr-2.com\\\/campeon-de-espana-mx1-y-subcampeon-mx2\",\"url\":\"https:\\\/\\\/www.mtr-2.com\\\/campeon-de-espana-mx1-y-subcampeon-mx2\",\"name\":\"Campe\u00f3n de Espa\u00f1a MX1 y Subcampe\u00f3n MX2 - MTR2 Live your style\",\"isPartOf\":{\"@id\":\"https:\\\/\\\/www.mtr-2.com\\\/#website\"},\"primaryImageOfPage\":{\"@id\":\"https:\\\/\\\/www.mtr-2.com\\\/campeon-de-espana-mx1-y-subcampeon-mx2#primaryimage\"},\"image\":{\"@id\":\"https:\\\/\\\/www.mtr-2.com\\\/campeon-de-espana-mx1-y-subcampeon-mx2#primaryimage\"},\"thumbnailUrl\":\"https:\\\/\\\/i0.wp.com\\\/www.mtr-2.com\\\/wp-content\\\/uploads\\\/2024\\\/11\\\/BUTRON-CHAMPION-SPAIN-MOTOCROSS-2024.webp?fit=511%2C665&ssl=1\",\"datePublished\":\"2024-10-28T15:00:17+00:00\",\"dateModified\":\"2024-11-05T15:24:36+00:00\",\"breadcrumb\":{\"@id\":\"https:\\\/\\\/www.mtr-2.com\\\/campeon-de-espana-mx1-y-subcampeon-mx2#breadcrumb\"},\"inLanguage\":\"en-GB\",\"potentialAction\":[{\"@type\":\"ReadAction\",\"target\":[\"https:\\\/\\\/www.mtr-2.com\\\/campeon-de-espana-mx1-y-subcampeon-mx2\"]}]},{\"@type\":\"ImageObject\",\"inLanguage\":\"en-GB\",\"@id\":\"https:\\\/\\\/www.mtr-2.com\\\/campeon-de-espana-mx1-y-subcampeon-mx2#primaryimage\",\"url\":\"https:\\\/\\\/i0.wp.com\\\/www.mtr-2.com\\\/wp-content\\\/uploads\\\/2024\\\/11\\\/BUTRON-CHAMPION-SPAIN-MOTOCROSS-2024.webp?fit=511%2C665&ssl=1\",\"contentUrl\":\"https:\\\/\\\/i0.wp.com\\\/www.mtr-2.com\\\/wp-content\\\/uploads\\\/2024\\\/11\\\/BUTRON-CHAMPION-SPAIN-MOTOCROSS-2024.webp?fit=511%2C665&ssl=1\",\"width\":511,\"height\":665},{\"@type\":\"BreadcrumbList\",\"@id\":\"https:\\\/\\\/www.mtr-2.com\\\/campeon-de-espana-mx1-y-subcampeon-mx2#breadcrumb\",\"itemListElement\":[{\"@type\":\"ListItem\",\"position\":1,\"name\":\"Portada\",\"item\":\"https:\\\/\\\/www.mtr-2.com\\\/\"},{\"@type\":\"ListItem\",\"position\":2,\"name\":\"Campe\u00f3n de Espa\u00f1a MX1 y Subcampe\u00f3n MX2\"}]},{\"@type\":\"WebSite\",\"@id\":\"https:\\\/\\\/www.mtr-2.com\\\/#website\",\"url\":\"https:\\\/\\\/www.mtr-2.com\\\/\",\"name\":\"MTR2 Live your style\",\"description\":\"Los dise\u00f1os m\u00e1s exclusivos en gafas, guantes, manillares y accesorios para motocross, enduro, downhill mtb, bmx...\",\"publisher\":{\"@id\":\"https:\\\/\\\/www.mtr-2.com\\\/#organization\"},\"alternateName\":\"MTR-2 Worldwide | Motocross, enduro, bmx, donwhill mtb, surf - Live Your Style\",\"potentialAction\":[{\"@type\":\"SearchAction\",\"target\":{\"@type\":\"EntryPoint\",\"urlTemplate\":\"https:\\\/\\\/www.mtr-2.com\\\/?s={search_term_string}\"},\"query-input\":{\"@type\":\"PropertyValueSpecification\",\"valueRequired\":true,\"valueName\":\"search_term_string\"}}],\"inLanguage\":\"en-GB\"},{\"@type\":\"Organization\",\"@id\":\"https:\\\/\\\/www.mtr-2.com\\\/#organization\",\"name\":\"MTR2 Live your style\",\"url\":\"https:\\\/\\\/www.mtr-2.com\\\/\",\"logo\":{\"@type\":\"ImageObject\",\"inLanguage\":\"en-GB\",\"@id\":\"https:\\\/\\\/www.mtr-2.com\\\/#\\\/schema\\\/logo\\\/image\\\/\",\"url\":\"https:\\\/\\\/i0.wp.com\\\/www.mtr-2.com\\\/wp-content\\\/uploads\\\/2021\\\/06\\\/MTR2-Logo-official.webp?fit=350%2C77&ssl=1\",\"contentUrl\":\"https:\\\/\\\/i0.wp.com\\\/www.mtr-2.com\\\/wp-content\\\/uploads\\\/2021\\\/06\\\/MTR2-Logo-official.webp?fit=350%2C77&ssl=1\",\"width\":350,\"height\":77,\"caption\":\"MTR2 Live your style\"},\"image\":{\"@id\":\"https:\\\/\\\/www.mtr-2.com\\\/#\\\/schema\\\/logo\\\/image\\\/\"},\"sameAs\":[\"https:\\\/\\\/www.facebook.com\\\/mtr2worldwide\\\/\",\"https:\\\/\\\/www.instagram.com\\\/mtr2worldwide\\\/\"]},{\"@type\":\"Person\",\"@id\":\"https:\\\/\\\/www.mtr-2.com\\\/#\\\/schema\\\/person\\\/706b509b2c5ea707a5e7ad0a3423bbdf\",\"name\":\"MA_gato1987\",\"image\":{\"@type\":\"ImageObject\",\"inLanguage\":\"en-GB\",\"@id\":\"https:\\\/\\\/secure.gravatar.com\\\/avatar\\\/9342e24410d9de9fe4cb78c331c83266224f5c7f926924da715c99992ae87037?s=96&d=mm&r=g\",\"url\":\"https:\\\/\\\/secure.gravatar.com\\\/avatar\\\/9342e24410d9de9fe4cb78c331c83266224f5c7f926924da715c99992ae87037?s=96&d=mm&r=g\",\"contentUrl\":\"https:\\\/\\\/secure.gravatar.com\\\/avatar\\\/9342e24410d9de9fe4cb78c331c83266224f5c7f926924da715c99992ae87037?s=96&d=mm&r=g\",\"caption\":\"MA_gato1987\"},\"sameAs\":[\"http:\\\/\\\/s311126158.mialojamiento.es\"],\"url\":\"https:\\\/\\\/www.mtr-2.com\\\/en\\\/author\\\/ma_gato1987\"}]}<\/script>\n<!-- \/ Yoast SEO plugin. -->","yoast_head_json":{"title":"Campe\u00f3n de Espa\u00f1a MX1 y Subcampe\u00f3n MX2 - MTR2 Live your style","robots":{"index":"index","follow":"follow","max-snippet":"max-snippet:-1","max-image-preview":"max-image-preview:large","max-video-preview":"max-video-preview:-1"},"canonical":"https:\/\/www.mtr-2.com\/en\/campeon-de-espana-mx1-y-subcampeon-mx2\/","og_locale":"en_GB","og_type":"article","og_title":"Campe\u00f3n de Espa\u00f1a MX1 y Subcampe\u00f3n MX2 - MTR2 Live your style","og_description":"La \u00faltima prueba del campeonato de Espa\u00f1a de motocross se disputo en el t\u00e9cnico trazado de Calatayud (Zaragoza) el agua y el barro fueron los protagonistas de este fin de semana, las categor\u00edas de MX1 y MX2 estaban a\u00fan por decidir cu\u00e1l ser\u00eda el campe\u00f3n de la temporada 2024. Por su parte Jos\u00e9 A. Butr\u00f3n [&hellip;]","og_url":"https:\/\/www.mtr-2.com\/en\/campeon-de-espana-mx1-y-subcampeon-mx2\/","og_site_name":"MTR2 Live your style","article_publisher":"https:\/\/www.facebook.com\/mtr2worldwide\/","article_published_time":"2024-10-28T15:00:17+00:00","article_modified_time":"2024-11-05T15:24:36+00:00","og_image":[{"width":511,"height":665,"url":"https:\/\/i0.wp.com\/www.mtr-2.com\/wp-content\/uploads\/2024\/11\/BUTRON-CHAMPION-SPAIN-MOTOCROSS-2024.webp?fit=511%2C665&ssl=1","type":"image\/webp"}],"author":"MA_gato1987","twitter_card":"summary_large_image","twitter_misc":{"Written by":"MA_gato1987","Estimated reading time":"1 minute"},"schema":{"@context":"https:\/\/schema.org","@graph":[{"@type":"Article","@id":"https:\/\/www.mtr-2.com\/campeon-de-espana-mx1-y-subcampeon-mx2#article","isPartOf":{"@id":"https:\/\/www.mtr-2.com\/campeon-de-espana-mx1-y-subcampeon-mx2"},"author":{"name":"MA_gato1987","@id":"https:\/\/www.mtr-2.com\/#\/schema\/person\/706b509b2c5ea707a5e7ad0a3423bbdf"},"headline":"Campe\u00f3n de Espa\u00f1a MX1 y Subcampe\u00f3n MX2","datePublished":"2024-10-28T15:00:17+00:00","dateModified":"2024-11-05T15:24:36+00:00","mainEntityOfPage":{"@id":"https:\/\/www.mtr-2.com\/campeon-de-espana-mx1-y-subcampeon-mx2"},"wordCount":137,"commentCount":0,"publisher":{"@id":"https:\/\/www.mtr-2.com\/#organization"},"image":{"@id":"https:\/\/www.mtr-2.com\/campeon-de-espana-mx1-y-subcampeon-mx2#primaryimage"},"thumbnailUrl":"https:\/\/i0.wp.com\/www.mtr-2.com\/wp-content\/uploads\/2024\/11\/BUTRON-CHAMPION-SPAIN-MOTOCROSS-2024.webp?fit=511%2C665&ssl=1","keywords":["adria monne","butron","campeonato de espa\u00f1a motocross","espmotocross","GREENLAND MX","ktm","ktm spain","ktm sxf","MOTOCROSS CENTER","MOTOCROSS CENTERT","mxgp","paulo alberto motocross","PROTAPER","RENTHAL","rfme","TIENDAS MOTOCROSS","trt ktm","TRT MOTOS"],"articleSection":["Blog"],"inLanguage":"en-GB","potentialAction":[{"@type":"CommentAction","name":"Comment","target":["https:\/\/www.mtr-2.com\/campeon-de-espana-mx1-y-subcampeon-mx2#respond"]}]},{"@type":"WebPage","@id":"https:\/\/www.mtr-2.com\/campeon-de-espana-mx1-y-subcampeon-mx2","url":"https:\/\/www.mtr-2.com\/campeon-de-espana-mx1-y-subcampeon-mx2","name":"Campe\u00f3n de Espa\u00f1a MX1 y Subcampe\u00f3n MX2 - MTR2 Live your style","isPartOf":{"@id":"https:\/\/www.mtr-2.com\/#website"},"primaryImageOfPage":{"@id":"https:\/\/www.mtr-2.com\/campeon-de-espana-mx1-y-subcampeon-mx2#primaryimage"},"image":{"@id":"https:\/\/www.mtr-2.com\/campeon-de-espana-mx1-y-subcampeon-mx2#primaryimage"},"thumbnailUrl":"https:\/\/i0.wp.com\/www.mtr-2.com\/wp-content\/uploads\/2024\/11\/BUTRON-CHAMPION-SPAIN-MOTOCROSS-2024.webp?fit=511%2C665&ssl=1","datePublished":"2024-10-28T15:00:17+00:00","dateModified":"2024-11-05T15:24:36+00:00","breadcrumb":{"@id":"https:\/\/www.mtr-2.com\/campeon-de-espana-mx1-y-subcampeon-mx2#breadcrumb"},"inLanguage":"en-GB","potentialAction":[{"@type":"ReadAction","target":["https:\/\/www.mtr-2.com\/campeon-de-espana-mx1-y-subcampeon-mx2"]}]},{"@type":"ImageObject","inLanguage":"en-GB","@id":"https:\/\/www.mtr-2.com\/campeon-de-espana-mx1-y-subcampeon-mx2#primaryimage","url":"https:\/\/i0.wp.com\/www.mtr-2.com\/wp-content\/uploads\/2024\/11\/BUTRON-CHAMPION-SPAIN-MOTOCROSS-2024.webp?fit=511%2C665&ssl=1","contentUrl":"https:\/\/i0.wp.com\/www.mtr-2.com\/wp-content\/uploads\/2024\/11\/BUTRON-CHAMPION-SPAIN-MOTOCROSS-2024.webp?fit=511%2C665&ssl=1","width":511,"height":665},{"@type":"BreadcrumbList","@id":"https:\/\/www.mtr-2.com\/campeon-de-espana-mx1-y-subcampeon-mx2#breadcrumb","itemListElement":[{"@type":"ListItem","position":1,"name":"Portada","item":"https:\/\/www.mtr-2.com\/"},{"@type":"ListItem","position":2,"name":"Campe\u00f3n de Espa\u00f1a MX1 y Subcampe\u00f3n MX2"}]},{"@type":"WebSite","@id":"https:\/\/www.mtr-2.com\/#website","url":"https:\/\/www.mtr-2.com\/","name":"MTR2 Live your style","description":"Los dise\u00f1os m\u00e1s exclusivos en gafas, guantes, manillares y accesorios para motocross, enduro, downhill mtb, bmx...","publisher":{"@id":"https:\/\/www.mtr-2.com\/#organization"},"alternateName":"MTR-2 Worldwide | Motocross, enduro, bmx, donwhill mtb, surf - Live Your Style","potentialAction":[{"@type":"SearchAction","target":{"@type":"EntryPoint","urlTemplate":"https:\/\/www.mtr-2.com\/?s={search_term_string}"},"query-input":{"@type":"PropertyValueSpecification","valueRequired":true,"valueName":"search_term_string"}}],"inLanguage":"en-GB"},{"@type":"Organization","@id":"https:\/\/www.mtr-2.com\/#organization","name":"MTR2 Live your style","url":"https:\/\/www.mtr-2.com\/","logo":{"@type":"ImageObject","inLanguage":"en-GB","@id":"https:\/\/www.mtr-2.com\/#\/schema\/logo\/image\/","url":"https:\/\/i0.wp.com\/www.mtr-2.com\/wp-content\/uploads\/2021\/06\/MTR2-Logo-official.webp?fit=350%2C77&ssl=1","contentUrl":"https:\/\/i0.wp.com\/www.mtr-2.com\/wp-content\/uploads\/2021\/06\/MTR2-Logo-official.webp?fit=350%2C77&ssl=1","width":350,"height":77,"caption":"MTR2 Live your style"},"image":{"@id":"https:\/\/www.mtr-2.com\/#\/schema\/logo\/image\/"},"sameAs":["https:\/\/www.facebook.com\/mtr2worldwide\/","https:\/\/www.instagram.com\/mtr2worldwide\/"]},{"@type":"Person","@id":"https:\/\/www.mtr-2.com\/#\/schema\/person\/706b509b2c5ea707a5e7ad0a3423bbdf","name":"MA_gato1987","image":{"@type":"ImageObject","inLanguage":"en-GB","@id":"https:\/\/secure.gravatar.com\/avatar\/9342e24410d9de9fe4cb78c331c83266224f5c7f926924da715c99992ae87037?s=96&d=mm&r=g","url":"https:\/\/secure.gravatar.com\/avatar\/9342e24410d9de9fe4cb78c331c83266224f5c7f926924da715c99992ae87037?s=96&d=mm&r=g","contentUrl":"https:\/\/secure.gravatar.com\/avatar\/9342e24410d9de9fe4cb78c331c83266224f5c7f926924da715c99992ae87037?s=96&d=mm&r=g","caption":"MA_gato1987"},"sameAs":["http:\/\/s311126158.mialojamiento.es"],"url":"https:\/\/www.mtr-2.com\/en\/author\/ma_gato1987"}]}},"jetpack_featured_media_url":"https:\/\/i0.wp.com\/www.mtr-2.com\/wp-content\/uploads\/2024\/11\/BUTRON-CHAMPION-SPAIN-MOTOCROSS-2024.webp?fit=511%2C665&ssl=1","jetpack_sharing_enabled":true,"_links":{"self":[{"href":"https:\/\/www.mtr-2.com\/en\/wp-json\/wp\/v2\/posts\/10590","targetHints":{"allow":["GET"]}}],"collection":[{"href":"https:\/\/www.mtr-2.com\/en\/wp-json\/wp\/v2\/posts"}],"about":[{"href":"https:\/\/www.mtr-2.com\/en\/wp-json\/wp\/v2\/types\/post"}],"author":[{"embeddable":true,"href":"https:\/\/www.mtr-2.com\/en\/wp-json\/wp\/v2\/users\/1"}],"replies":[{"embeddable":true,"href":"https:\/\/www.mtr-2.com\/en\/wp-json\/wp\/v2\/comments?post=10590"}],"version-history":[{"count":4,"href":"https:\/\/www.mtr-2.com\/en\/wp-json\/wp\/v2\/posts\/10590\/revisions"}],"predecessor-version":[{"id":10598,"href":"https:\/\/www.mtr-2.com\/en\/wp-json\/wp\/v2\/posts\/10590\/revisions\/10598"}],"wp:featuredmedia":[{"embeddable":true,"href":"https:\/\/www.mtr-2.com\/en\/wp-json\/wp\/v2\/media\/10596"}],"wp:attachment":[{"href":"https:\/\/www.mtr-2.com\/en\/wp-json\/wp\/v2\/media?parent=10590"}],"wp:term":[{"taxonomy":"category","embeddable":true,"href":"https:\/\/www.mtr-2.com\/en\/wp-json\/wp\/v2\/categories?post=10590"},{"taxonomy":"post_tag","embeddable":true,"href":"https:\/\/www.mtr-2.com\/en\/wp-json\/wp\/v2\/tags?post=10590"}],"curies":[{"name":"wp","href":"https:\/\/api.w.org\/{rel}","templated":true}]}}