{"id":10876,"date":"2025-02-24T08:00:20","date_gmt":"2025-02-24T07:00:20","guid":{"rendered":"https:\/\/www.mtr-2.com\/?p=10876"},"modified":"2025-02-26T11:13:43","modified_gmt":"2025-02-26T10:13:43","slug":"victoria-para-butron-en-la-2o-del-nacional","status":"publish","type":"post","link":"https:\/\/www.mtr-2.com\/en\/victoria-para-butron-en-la-2o-del-nacional","title":{"rendered":"Victory for Butron in the 2nd of the national"},"content":{"rendered":"<p><img data-recalc-dims=\"1\" fetchpriority=\"high\" decoding=\"async\" class=\"wp-image-10886 alignleft\" src=\"https:\/\/i0.wp.com\/www.mtr-2.com\/wp-content\/uploads\/2025\/02\/BUTRON-MOTOCROSS-SAN-LUCAR-25.webp?resize=504%2C405\" alt=\"\" width=\"504\" height=\"405\" srcset=\"https:\/\/i0.wp.com\/www.mtr-2.com\/wp-content\/uploads\/2025\/02\/BUTRON-MOTOCROSS-SAN-LUCAR-25.webp?w=790&amp;ssl=1 790w, https:\/\/i0.wp.com\/www.mtr-2.com\/wp-content\/uploads\/2025\/02\/BUTRON-MOTOCROSS-SAN-LUCAR-25.webp?resize=300%2C241&amp;ssl=1 300w, https:\/\/i0.wp.com\/www.mtr-2.com\/wp-content\/uploads\/2025\/02\/BUTRON-MOTOCROSS-SAN-LUCAR-25.webp?resize=768%2C617&amp;ssl=1 768w, https:\/\/i0.wp.com\/www.mtr-2.com\/wp-content\/uploads\/2025\/02\/BUTRON-MOTOCROSS-SAN-LUCAR-25.webp?resize=15%2C12&amp;ssl=1 15w, https:\/\/i0.wp.com\/www.mtr-2.com\/wp-content\/uploads\/2025\/02\/BUTRON-MOTOCROSS-SAN-LUCAR-25.webp?resize=500%2C402&amp;ssl=1 500w\" sizes=\"(max-width: 504px) 100vw, 504px\" \/>The second round of the Spanish motocross championship was held this time on the spectacular and technical circuit of San Lucar de Barrameda (Cadiz). The race was held on a sunny weekend and the muddy Talavera track was left behind.<\/p>\n<p>Jos\u00e9 Antonio Butr\u00f3n once again showed why he is the current MX1 class champion by winning both heats on Sunday. In the first race, the MTR-2 rider managed to get a good start and get away from the rest to take the win. In the second race, things were a little different due to a fall after chasing Rub\u00e9n Fern\u00e1ndez where they both fell to the ground, but this did not stop him from getting up, fighting for the win again and taking 1st place in the race, and thus the final victory of the weekend.<\/p>\n<p>Photo: Mxshoots<\/p>","protected":false},"excerpt":{"rendered":"<p>La segunda prueba del campeonato de Espa\u00f1a de motocross hacia para esta vez en el espectacular y t\u00e9cnico circuito de San Lucar de Barrameda (Cadiz), la prueba se disput\u00f3 con un fin de semana soleado y atr\u00e1s quedo esa pista de Talavera llena de barro. Jos\u00e9 Antonio Butr\u00f3n demostr\u00f3 una vez m\u00e1s porque es el [&hellip;]<\/p>\n","protected":false},"author":1,"featured_media":10886,"comment_status":"open","ping_status":"open","sticky":false,"template":"","format":"standard","meta":{"_jetpack_memberships_contains_paid_content":false,"footnotes":""},"categories":[52],"tags":[237,231,468,227,462,603,392,675,676,673,674,221,672,228,235],"class_list":["post-10876","post","type-post","status-publish","format-standard","has-post-thumbnail","hentry","category-blog","tag-adac-motocross","tag-butron","tag-enduro-espana","tag-espmotocross","tag-ktm-espana","tag-ktm-redbull","tag-ktm-spain","tag-manillar-butron","tag-manillares-motocross","tag-motocross-campeonato-de-espana","tag-mtr2-manillar","tag-mxgp","tag-mxgp-spain","tag-rfme","tag-trt-ktm"],"yoast_head":"<!-- This site is optimized with the Yoast SEO plugin v27.5 - https:\/\/yoast.com\/product\/yoast-seo-wordpress\/ -->\n<title>Victoria para Butron en la 2\u00ba del nacional - MTR2 Live your style<\/title>\n<meta name=\"robots\" content=\"index, follow, max-snippet:-1, max-image-preview:large, max-video-preview:-1\" \/>\n<link rel=\"canonical\" href=\"https:\/\/www.mtr-2.com\/en\/victoria-para-butron-en-la-2o-del-nacional\/\" \/>\n<meta property=\"og:locale\" content=\"en_GB\" \/>\n<meta property=\"og:type\" content=\"article\" \/>\n<meta property=\"og:title\" content=\"Victoria para Butron en la 2\u00ba del nacional - MTR2 Live your style\" \/>\n<meta property=\"og:description\" content=\"La segunda prueba del campeonato de Espa\u00f1a de motocross hacia para esta vez en el espectacular y t\u00e9cnico circuito de San Lucar de Barrameda (Cadiz), la prueba se disput\u00f3 con un fin de semana soleado y atr\u00e1s quedo esa pista de Talavera llena de barro. Jos\u00e9 Antonio Butr\u00f3n demostr\u00f3 una vez m\u00e1s porque es el [&hellip;]\" \/>\n<meta property=\"og:url\" content=\"https:\/\/www.mtr-2.com\/en\/victoria-para-butron-en-la-2o-del-nacional\/\" \/>\n<meta property=\"og:site_name\" content=\"MTR2 Live your style\" \/>\n<meta property=\"article:publisher\" content=\"https:\/\/www.facebook.com\/mtr2worldwide\/\" \/>\n<meta property=\"article:published_time\" content=\"2025-02-24T07:00:20+00:00\" \/>\n<meta property=\"article:modified_time\" content=\"2025-02-26T10:13:43+00:00\" \/>\n<meta property=\"og:image\" content=\"https:\/\/i0.wp.com\/www.mtr-2.com\/wp-content\/uploads\/2025\/02\/BUTRON-MOTOCROSS-SAN-LUCAR-25.webp?fit=790%2C635&ssl=1\" \/>\n\t<meta property=\"og:image:width\" content=\"790\" \/>\n\t<meta property=\"og:image:height\" content=\"635\" \/>\n\t<meta property=\"og:image:type\" content=\"image\/webp\" \/>\n<meta name=\"author\" content=\"MA_gato1987\" \/>\n<meta name=\"twitter:card\" content=\"summary_large_image\" \/>\n<meta name=\"twitter:label1\" content=\"Written by\" \/>\n\t<meta name=\"twitter:data1\" content=\"MA_gato1987\" \/>\n\t<meta name=\"twitter:label2\" content=\"Estimated reading time\" \/>\n\t<meta name=\"twitter:data2\" content=\"2 minutes\" \/>\n<script type=\"application\/ld+json\" class=\"yoast-schema-graph\">{\"@context\":\"https:\\\/\\\/schema.org\",\"@graph\":[{\"@type\":\"Article\",\"@id\":\"https:\\\/\\\/www.mtr-2.com\\\/victoria-para-butron-en-la-2o-del-nacional#article\",\"isPartOf\":{\"@id\":\"https:\\\/\\\/www.mtr-2.com\\\/victoria-para-butron-en-la-2o-del-nacional\"},\"author\":{\"name\":\"MA_gato1987\",\"@id\":\"https:\\\/\\\/www.mtr-2.com\\\/#\\\/schema\\\/person\\\/706b509b2c5ea707a5e7ad0a3423bbdf\"},\"headline\":\"Victoria para Butron en la 2\u00ba del nacional\",\"datePublished\":\"2025-02-24T07:00:20+00:00\",\"dateModified\":\"2025-02-26T10:13:43+00:00\",\"mainEntityOfPage\":{\"@id\":\"https:\\\/\\\/www.mtr-2.com\\\/victoria-para-butron-en-la-2o-del-nacional\"},\"wordCount\":161,\"commentCount\":0,\"publisher\":{\"@id\":\"https:\\\/\\\/www.mtr-2.com\\\/#organization\"},\"image\":{\"@id\":\"https:\\\/\\\/www.mtr-2.com\\\/victoria-para-butron-en-la-2o-del-nacional#primaryimage\"},\"thumbnailUrl\":\"https:\\\/\\\/i0.wp.com\\\/www.mtr-2.com\\\/wp-content\\\/uploads\\\/2025\\\/02\\\/BUTRON-MOTOCROSS-SAN-LUCAR-25.webp?fit=790%2C635&ssl=1\",\"keywords\":[\"ADAC MOTOCROSS\",\"butron\",\"enduro espa\u00f1a\",\"espmotocross\",\"ktm espa\u00f1a\",\"ktm redbull\",\"ktm spain\",\"manillar butron\",\"manillares motocross\",\"motocross campeonato de espa\u00f1a\",\"mtr2 manillar\",\"mxgp\",\"mxgp spain\",\"rfme\",\"trt ktm\"],\"articleSection\":[\"Blog\"],\"inLanguage\":\"en-GB\",\"potentialAction\":[{\"@type\":\"CommentAction\",\"name\":\"Comment\",\"target\":[\"https:\\\/\\\/www.mtr-2.com\\\/victoria-para-butron-en-la-2o-del-nacional#respond\"]}]},{\"@type\":\"WebPage\",\"@id\":\"https:\\\/\\\/www.mtr-2.com\\\/victoria-para-butron-en-la-2o-del-nacional\",\"url\":\"https:\\\/\\\/www.mtr-2.com\\\/victoria-para-butron-en-la-2o-del-nacional\",\"name\":\"Victoria para Butron en la 2\u00ba del nacional - MTR2 Live your style\",\"isPartOf\":{\"@id\":\"https:\\\/\\\/www.mtr-2.com\\\/#website\"},\"primaryImageOfPage\":{\"@id\":\"https:\\\/\\\/www.mtr-2.com\\\/victoria-para-butron-en-la-2o-del-nacional#primaryimage\"},\"image\":{\"@id\":\"https:\\\/\\\/www.mtr-2.com\\\/victoria-para-butron-en-la-2o-del-nacional#primaryimage\"},\"thumbnailUrl\":\"https:\\\/\\\/i0.wp.com\\\/www.mtr-2.com\\\/wp-content\\\/uploads\\\/2025\\\/02\\\/BUTRON-MOTOCROSS-SAN-LUCAR-25.webp?fit=790%2C635&ssl=1\",\"datePublished\":\"2025-02-24T07:00:20+00:00\",\"dateModified\":\"2025-02-26T10:13:43+00:00\",\"breadcrumb\":{\"@id\":\"https:\\\/\\\/www.mtr-2.com\\\/victoria-para-butron-en-la-2o-del-nacional#breadcrumb\"},\"inLanguage\":\"en-GB\",\"potentialAction\":[{\"@type\":\"ReadAction\",\"target\":[\"https:\\\/\\\/www.mtr-2.com\\\/victoria-para-butron-en-la-2o-del-nacional\"]}]},{\"@type\":\"ImageObject\",\"inLanguage\":\"en-GB\",\"@id\":\"https:\\\/\\\/www.mtr-2.com\\\/victoria-para-butron-en-la-2o-del-nacional#primaryimage\",\"url\":\"https:\\\/\\\/i0.wp.com\\\/www.mtr-2.com\\\/wp-content\\\/uploads\\\/2025\\\/02\\\/BUTRON-MOTOCROSS-SAN-LUCAR-25.webp?fit=790%2C635&ssl=1\",\"contentUrl\":\"https:\\\/\\\/i0.wp.com\\\/www.mtr-2.com\\\/wp-content\\\/uploads\\\/2025\\\/02\\\/BUTRON-MOTOCROSS-SAN-LUCAR-25.webp?fit=790%2C635&ssl=1\",\"width\":790,\"height\":635},{\"@type\":\"BreadcrumbList\",\"@id\":\"https:\\\/\\\/www.mtr-2.com\\\/victoria-para-butron-en-la-2o-del-nacional#breadcrumb\",\"itemListElement\":[{\"@type\":\"ListItem\",\"position\":1,\"name\":\"Portada\",\"item\":\"https:\\\/\\\/www.mtr-2.com\\\/\"},{\"@type\":\"ListItem\",\"position\":2,\"name\":\"Victoria para Butron en la 2\u00ba del nacional\"}]},{\"@type\":\"WebSite\",\"@id\":\"https:\\\/\\\/www.mtr-2.com\\\/#website\",\"url\":\"https:\\\/\\\/www.mtr-2.com\\\/\",\"name\":\"MTR2 Live your style\",\"description\":\"Los dise\u00f1os m\u00e1s exclusivos en gafas, guantes, manillares y accesorios para motocross, enduro, downhill mtb, bmx...\",\"publisher\":{\"@id\":\"https:\\\/\\\/www.mtr-2.com\\\/#organization\"},\"alternateName\":\"MTR-2 Worldwide | Motocross, enduro, bmx, donwhill mtb, surf - Live Your Style\",\"potentialAction\":[{\"@type\":\"SearchAction\",\"target\":{\"@type\":\"EntryPoint\",\"urlTemplate\":\"https:\\\/\\\/www.mtr-2.com\\\/?s={search_term_string}\"},\"query-input\":{\"@type\":\"PropertyValueSpecification\",\"valueRequired\":true,\"valueName\":\"search_term_string\"}}],\"inLanguage\":\"en-GB\"},{\"@type\":\"Organization\",\"@id\":\"https:\\\/\\\/www.mtr-2.com\\\/#organization\",\"name\":\"MTR2 Live your style\",\"url\":\"https:\\\/\\\/www.mtr-2.com\\\/\",\"logo\":{\"@type\":\"ImageObject\",\"inLanguage\":\"en-GB\",\"@id\":\"https:\\\/\\\/www.mtr-2.com\\\/#\\\/schema\\\/logo\\\/image\\\/\",\"url\":\"https:\\\/\\\/i0.wp.com\\\/www.mtr-2.com\\\/wp-content\\\/uploads\\\/2021\\\/06\\\/MTR2-Logo-official.webp?fit=350%2C77&ssl=1\",\"contentUrl\":\"https:\\\/\\\/i0.wp.com\\\/www.mtr-2.com\\\/wp-content\\\/uploads\\\/2021\\\/06\\\/MTR2-Logo-official.webp?fit=350%2C77&ssl=1\",\"width\":350,\"height\":77,\"caption\":\"MTR2 Live your style\"},\"image\":{\"@id\":\"https:\\\/\\\/www.mtr-2.com\\\/#\\\/schema\\\/logo\\\/image\\\/\"},\"sameAs\":[\"https:\\\/\\\/www.facebook.com\\\/mtr2worldwide\\\/\",\"https:\\\/\\\/www.instagram.com\\\/mtr2worldwide\\\/\"]},{\"@type\":\"Person\",\"@id\":\"https:\\\/\\\/www.mtr-2.com\\\/#\\\/schema\\\/person\\\/706b509b2c5ea707a5e7ad0a3423bbdf\",\"name\":\"MA_gato1987\",\"image\":{\"@type\":\"ImageObject\",\"inLanguage\":\"en-GB\",\"@id\":\"https:\\\/\\\/secure.gravatar.com\\\/avatar\\\/9342e24410d9de9fe4cb78c331c83266224f5c7f926924da715c99992ae87037?s=96&d=mm&r=g\",\"url\":\"https:\\\/\\\/secure.gravatar.com\\\/avatar\\\/9342e24410d9de9fe4cb78c331c83266224f5c7f926924da715c99992ae87037?s=96&d=mm&r=g\",\"contentUrl\":\"https:\\\/\\\/secure.gravatar.com\\\/avatar\\\/9342e24410d9de9fe4cb78c331c83266224f5c7f926924da715c99992ae87037?s=96&d=mm&r=g\",\"caption\":\"MA_gato1987\"},\"sameAs\":[\"http:\\\/\\\/s311126158.mialojamiento.es\"],\"url\":\"https:\\\/\\\/www.mtr-2.com\\\/en\\\/author\\\/ma_gato1987\"}]}<\/script>\n<!-- \/ Yoast SEO plugin. -->","yoast_head_json":{"title":"Victoria para Butron en la 2\u00ba del nacional - MTR2 Live your style","robots":{"index":"index","follow":"follow","max-snippet":"max-snippet:-1","max-image-preview":"max-image-preview:large","max-video-preview":"max-video-preview:-1"},"canonical":"https:\/\/www.mtr-2.com\/en\/victoria-para-butron-en-la-2o-del-nacional\/","og_locale":"en_GB","og_type":"article","og_title":"Victoria para Butron en la 2\u00ba del nacional - MTR2 Live your style","og_description":"La segunda prueba del campeonato de Espa\u00f1a de motocross hacia para esta vez en el espectacular y t\u00e9cnico circuito de San Lucar de Barrameda (Cadiz), la prueba se disput\u00f3 con un fin de semana soleado y atr\u00e1s quedo esa pista de Talavera llena de barro. Jos\u00e9 Antonio Butr\u00f3n demostr\u00f3 una vez m\u00e1s porque es el [&hellip;]","og_url":"https:\/\/www.mtr-2.com\/en\/victoria-para-butron-en-la-2o-del-nacional\/","og_site_name":"MTR2 Live your style","article_publisher":"https:\/\/www.facebook.com\/mtr2worldwide\/","article_published_time":"2025-02-24T07:00:20+00:00","article_modified_time":"2025-02-26T10:13:43+00:00","og_image":[{"width":790,"height":635,"url":"https:\/\/i0.wp.com\/www.mtr-2.com\/wp-content\/uploads\/2025\/02\/BUTRON-MOTOCROSS-SAN-LUCAR-25.webp?fit=790%2C635&ssl=1","type":"image\/webp"}],"author":"MA_gato1987","twitter_card":"summary_large_image","twitter_misc":{"Written by":"MA_gato1987","Estimated reading time":"2 minutes"},"schema":{"@context":"https:\/\/schema.org","@graph":[{"@type":"Article","@id":"https:\/\/www.mtr-2.com\/victoria-para-butron-en-la-2o-del-nacional#article","isPartOf":{"@id":"https:\/\/www.mtr-2.com\/victoria-para-butron-en-la-2o-del-nacional"},"author":{"name":"MA_gato1987","@id":"https:\/\/www.mtr-2.com\/#\/schema\/person\/706b509b2c5ea707a5e7ad0a3423bbdf"},"headline":"Victoria para Butron en la 2\u00ba del nacional","datePublished":"2025-02-24T07:00:20+00:00","dateModified":"2025-02-26T10:13:43+00:00","mainEntityOfPage":{"@id":"https:\/\/www.mtr-2.com\/victoria-para-butron-en-la-2o-del-nacional"},"wordCount":161,"commentCount":0,"publisher":{"@id":"https:\/\/www.mtr-2.com\/#organization"},"image":{"@id":"https:\/\/www.mtr-2.com\/victoria-para-butron-en-la-2o-del-nacional#primaryimage"},"thumbnailUrl":"https:\/\/i0.wp.com\/www.mtr-2.com\/wp-content\/uploads\/2025\/02\/BUTRON-MOTOCROSS-SAN-LUCAR-25.webp?fit=790%2C635&ssl=1","keywords":["ADAC MOTOCROSS","butron","enduro espa\u00f1a","espmotocross","ktm espa\u00f1a","ktm redbull","ktm spain","manillar butron","manillares motocross","motocross campeonato de espa\u00f1a","mtr2 manillar","mxgp","mxgp spain","rfme","trt ktm"],"articleSection":["Blog"],"inLanguage":"en-GB","potentialAction":[{"@type":"CommentAction","name":"Comment","target":["https:\/\/www.mtr-2.com\/victoria-para-butron-en-la-2o-del-nacional#respond"]}]},{"@type":"WebPage","@id":"https:\/\/www.mtr-2.com\/victoria-para-butron-en-la-2o-del-nacional","url":"https:\/\/www.mtr-2.com\/victoria-para-butron-en-la-2o-del-nacional","name":"Victoria para Butron en la 2\u00ba del nacional - MTR2 Live your style","isPartOf":{"@id":"https:\/\/www.mtr-2.com\/#website"},"primaryImageOfPage":{"@id":"https:\/\/www.mtr-2.com\/victoria-para-butron-en-la-2o-del-nacional#primaryimage"},"image":{"@id":"https:\/\/www.mtr-2.com\/victoria-para-butron-en-la-2o-del-nacional#primaryimage"},"thumbnailUrl":"https:\/\/i0.wp.com\/www.mtr-2.com\/wp-content\/uploads\/2025\/02\/BUTRON-MOTOCROSS-SAN-LUCAR-25.webp?fit=790%2C635&ssl=1","datePublished":"2025-02-24T07:00:20+00:00","dateModified":"2025-02-26T10:13:43+00:00","breadcrumb":{"@id":"https:\/\/www.mtr-2.com\/victoria-para-butron-en-la-2o-del-nacional#breadcrumb"},"inLanguage":"en-GB","potentialAction":[{"@type":"ReadAction","target":["https:\/\/www.mtr-2.com\/victoria-para-butron-en-la-2o-del-nacional"]}]},{"@type":"ImageObject","inLanguage":"en-GB","@id":"https:\/\/www.mtr-2.com\/victoria-para-butron-en-la-2o-del-nacional#primaryimage","url":"https:\/\/i0.wp.com\/www.mtr-2.com\/wp-content\/uploads\/2025\/02\/BUTRON-MOTOCROSS-SAN-LUCAR-25.webp?fit=790%2C635&ssl=1","contentUrl":"https:\/\/i0.wp.com\/www.mtr-2.com\/wp-content\/uploads\/2025\/02\/BUTRON-MOTOCROSS-SAN-LUCAR-25.webp?fit=790%2C635&ssl=1","width":790,"height":635},{"@type":"BreadcrumbList","@id":"https:\/\/www.mtr-2.com\/victoria-para-butron-en-la-2o-del-nacional#breadcrumb","itemListElement":[{"@type":"ListItem","position":1,"name":"Portada","item":"https:\/\/www.mtr-2.com\/"},{"@type":"ListItem","position":2,"name":"Victoria para Butron en la 2\u00ba del nacional"}]},{"@type":"WebSite","@id":"https:\/\/www.mtr-2.com\/#website","url":"https:\/\/www.mtr-2.com\/","name":"MTR2 Live your style","description":"Los dise\u00f1os m\u00e1s exclusivos en gafas, guantes, manillares y accesorios para motocross, enduro, downhill mtb, bmx...","publisher":{"@id":"https:\/\/www.mtr-2.com\/#organization"},"alternateName":"MTR-2 Worldwide | Motocross, enduro, bmx, donwhill mtb, surf - Live Your Style","potentialAction":[{"@type":"SearchAction","target":{"@type":"EntryPoint","urlTemplate":"https:\/\/www.mtr-2.com\/?s={search_term_string}"},"query-input":{"@type":"PropertyValueSpecification","valueRequired":true,"valueName":"search_term_string"}}],"inLanguage":"en-GB"},{"@type":"Organization","@id":"https:\/\/www.mtr-2.com\/#organization","name":"MTR2 Live your style","url":"https:\/\/www.mtr-2.com\/","logo":{"@type":"ImageObject","inLanguage":"en-GB","@id":"https:\/\/www.mtr-2.com\/#\/schema\/logo\/image\/","url":"https:\/\/i0.wp.com\/www.mtr-2.com\/wp-content\/uploads\/2021\/06\/MTR2-Logo-official.webp?fit=350%2C77&ssl=1","contentUrl":"https:\/\/i0.wp.com\/www.mtr-2.com\/wp-content\/uploads\/2021\/06\/MTR2-Logo-official.webp?fit=350%2C77&ssl=1","width":350,"height":77,"caption":"MTR2 Live your style"},"image":{"@id":"https:\/\/www.mtr-2.com\/#\/schema\/logo\/image\/"},"sameAs":["https:\/\/www.facebook.com\/mtr2worldwide\/","https:\/\/www.instagram.com\/mtr2worldwide\/"]},{"@type":"Person","@id":"https:\/\/www.mtr-2.com\/#\/schema\/person\/706b509b2c5ea707a5e7ad0a3423bbdf","name":"MA_gato1987","image":{"@type":"ImageObject","inLanguage":"en-GB","@id":"https:\/\/secure.gravatar.com\/avatar\/9342e24410d9de9fe4cb78c331c83266224f5c7f926924da715c99992ae87037?s=96&d=mm&r=g","url":"https:\/\/secure.gravatar.com\/avatar\/9342e24410d9de9fe4cb78c331c83266224f5c7f926924da715c99992ae87037?s=96&d=mm&r=g","contentUrl":"https:\/\/secure.gravatar.com\/avatar\/9342e24410d9de9fe4cb78c331c83266224f5c7f926924da715c99992ae87037?s=96&d=mm&r=g","caption":"MA_gato1987"},"sameAs":["http:\/\/s311126158.mialojamiento.es"],"url":"https:\/\/www.mtr-2.com\/en\/author\/ma_gato1987"}]}},"jetpack_featured_media_url":"https:\/\/i0.wp.com\/www.mtr-2.com\/wp-content\/uploads\/2025\/02\/BUTRON-MOTOCROSS-SAN-LUCAR-25.webp?fit=790%2C635&ssl=1","jetpack_sharing_enabled":true,"_links":{"self":[{"href":"https:\/\/www.mtr-2.com\/en\/wp-json\/wp\/v2\/posts\/10876","targetHints":{"allow":["GET"]}}],"collection":[{"href":"https:\/\/www.mtr-2.com\/en\/wp-json\/wp\/v2\/posts"}],"about":[{"href":"https:\/\/www.mtr-2.com\/en\/wp-json\/wp\/v2\/types\/post"}],"author":[{"embeddable":true,"href":"https:\/\/www.mtr-2.com\/en\/wp-json\/wp\/v2\/users\/1"}],"replies":[{"embeddable":true,"href":"https:\/\/www.mtr-2.com\/en\/wp-json\/wp\/v2\/comments?post=10876"}],"version-history":[{"count":6,"href":"https:\/\/www.mtr-2.com\/en\/wp-json\/wp\/v2\/posts\/10876\/revisions"}],"predecessor-version":[{"id":10889,"href":"https:\/\/www.mtr-2.com\/en\/wp-json\/wp\/v2\/posts\/10876\/revisions\/10889"}],"wp:featuredmedia":[{"embeddable":true,"href":"https:\/\/www.mtr-2.com\/en\/wp-json\/wp\/v2\/media\/10886"}],"wp:attachment":[{"href":"https:\/\/www.mtr-2.com\/en\/wp-json\/wp\/v2\/media?parent=10876"}],"wp:term":[{"taxonomy":"category","embeddable":true,"href":"https:\/\/www.mtr-2.com\/en\/wp-json\/wp\/v2\/categories?post=10876"},{"taxonomy":"post_tag","embeddable":true,"href":"https:\/\/www.mtr-2.com\/en\/wp-json\/wp\/v2\/tags?post=10876"}],"curies":[{"name":"wp","href":"https:\/\/api.w.org\/{rel}","templated":true}]}}