{"id":6919,"date":"2019-09-08T10:48:11","date_gmt":"2019-09-08T08:48:11","guid":{"rendered":"https:\/\/www.mtr-2.com\/?p=6919"},"modified":"2023-04-19T20:27:33","modified_gmt":"2023-04-19T18:27:33","slug":"diogo-gracia-campeon-sx2-portugal-2019","status":"publish","type":"post","link":"https:\/\/www.mtr-2.com\/en\/diogo-gracia-campeon-sx2-portugal-2019","title":{"rendered":"Diogo Gra\u00e7ia Champion SX2 Portugal 2019"},"content":{"rendered":"<p>After a great season of results, the Portuguese rider Diogo Gra\u00e7ia has finally managed to win 1st place in the Supercross SX2 championship in Portugal. Thus confirming, to be one of the best current riders in Portugal. The now current Champion will end his season at ADAC Supercross in Germany.<\/p>\n<p>With this we get another title for the MTR-2 2.1 handlebars.<\/p>\n<p><img data-recalc-dims=\"1\" fetchpriority=\"high\" decoding=\"async\" class=\"aligncenter wp-image-7783 size-full\" src=\"https:\/\/i0.wp.com\/www.mtr-2.com\/wp-content\/uploads\/2023\/04\/DIOGO_GRACA_PORTUGAL.jpg?resize=800%2C434&#038;ssl=1\" alt=\"\" width=\"800\" height=\"434\" srcset=\"https:\/\/i0.wp.com\/www.mtr-2.com\/wp-content\/uploads\/2023\/04\/DIOGO_GRACA_PORTUGAL.jpg?w=1417&amp;ssl=1 1417w, https:\/\/i0.wp.com\/www.mtr-2.com\/wp-content\/uploads\/2023\/04\/DIOGO_GRACA_PORTUGAL.jpg?resize=300%2C163&amp;ssl=1 300w, https:\/\/i0.wp.com\/www.mtr-2.com\/wp-content\/uploads\/2023\/04\/DIOGO_GRACA_PORTUGAL.jpg?resize=1024%2C555&amp;ssl=1 1024w, https:\/\/i0.wp.com\/www.mtr-2.com\/wp-content\/uploads\/2023\/04\/DIOGO_GRACA_PORTUGAL.jpg?resize=768%2C416&amp;ssl=1 768w, https:\/\/i0.wp.com\/www.mtr-2.com\/wp-content\/uploads\/2023\/04\/DIOGO_GRACA_PORTUGAL.jpg?resize=18%2C10&amp;ssl=1 18w, https:\/\/i0.wp.com\/www.mtr-2.com\/wp-content\/uploads\/2023\/04\/DIOGO_GRACA_PORTUGAL.jpg?resize=500%2C271&amp;ssl=1 500w\" sizes=\"(max-width: 800px) 100vw, 800px\" \/><\/p>","protected":false},"excerpt":{"rendered":"<p>Tr\u00e1s una gran temporada de resultados finalmente el piloto portugues Diogo Gra\u00e7ia ha logrado conquistar el 1\u00ba puesto del campeonato de Supercross SX2 de Portugal. Confirmando as\u00ed, ser uno de los mejores pilotos actuales de Portugal. El ahora actual Campe\u00f3n finalizar\u00e1 su temporada en ADAC Supercross en Alemania. Con este conseguimos otro t\u00edtulo m\u00e1s para [&hellip;]<\/p>\n","protected":false},"author":1,"featured_media":7783,"comment_status":"open","ping_status":"open","sticky":false,"template":"","format":"standard","meta":{"_jetpack_memberships_contains_paid_content":false,"footnotes":""},"categories":[52],"tags":[],"class_list":["post-6919","post","type-post","status-publish","format-standard","has-post-thumbnail","hentry","category-blog"],"yoast_head":"<!-- This site is optimized with the Yoast SEO plugin v27.4 - https:\/\/yoast.com\/product\/yoast-seo-wordpress\/ -->\n<title>Diogo Gra\u00e7ia Campe\u00f3n SX2 Portugal 2019 - MTR2 Live your style<\/title>\n<meta name=\"robots\" content=\"index, follow, max-snippet:-1, max-image-preview:large, max-video-preview:-1\" \/>\n<link rel=\"canonical\" href=\"https:\/\/www.mtr-2.com\/en\/diogo-gracia-campeon-sx2-portugal-2019\/\" \/>\n<meta property=\"og:locale\" content=\"en_GB\" \/>\n<meta property=\"og:type\" content=\"article\" \/>\n<meta property=\"og:title\" content=\"Diogo Gra\u00e7ia Campe\u00f3n SX2 Portugal 2019 - MTR2 Live your style\" \/>\n<meta property=\"og:description\" content=\"Tr\u00e1s una gran temporada de resultados finalmente el piloto portugues Diogo Gra\u00e7ia ha logrado conquistar el 1\u00ba puesto del campeonato de Supercross SX2 de Portugal. Confirmando as\u00ed, ser uno de los mejores pilotos actuales de Portugal. El ahora actual Campe\u00f3n finalizar\u00e1 su temporada en ADAC Supercross en Alemania. Con este conseguimos otro t\u00edtulo m\u00e1s para [&hellip;]\" \/>\n<meta property=\"og:url\" content=\"https:\/\/www.mtr-2.com\/en\/diogo-gracia-campeon-sx2-portugal-2019\/\" \/>\n<meta property=\"og:site_name\" content=\"MTR2 Live your style\" \/>\n<meta property=\"article:publisher\" content=\"https:\/\/www.facebook.com\/mtr2worldwide\/\" \/>\n<meta property=\"article:published_time\" content=\"2019-09-08T08:48:11+00:00\" \/>\n<meta property=\"article:modified_time\" content=\"2023-04-19T18:27:33+00:00\" \/>\n<meta property=\"og:image\" content=\"https:\/\/i0.wp.com\/www.mtr-2.com\/wp-content\/uploads\/2023\/04\/DIOGO_GRACA_PORTUGAL.jpg?fit=1417%2C768&ssl=1\" \/>\n\t<meta property=\"og:image:width\" content=\"1417\" \/>\n\t<meta property=\"og:image:height\" content=\"768\" \/>\n\t<meta property=\"og:image:type\" content=\"image\/jpeg\" \/>\n<meta name=\"author\" content=\"MA_gato1987\" \/>\n<meta name=\"twitter:card\" content=\"summary_large_image\" \/>\n<meta name=\"twitter:label1\" content=\"Written by\" \/>\n\t<meta name=\"twitter:data1\" content=\"MA_gato1987\" \/>\n<script type=\"application\/ld+json\" class=\"yoast-schema-graph\">{\"@context\":\"https:\\\/\\\/schema.org\",\"@graph\":[{\"@type\":\"Article\",\"@id\":\"https:\\\/\\\/www.mtr-2.com\\\/diogo-gracia-campeon-sx2-portugal-2019#article\",\"isPartOf\":{\"@id\":\"https:\\\/\\\/www.mtr-2.com\\\/diogo-gracia-campeon-sx2-portugal-2019\"},\"author\":{\"name\":\"MA_gato1987\",\"@id\":\"https:\\\/\\\/www.mtr-2.com\\\/#\\\/schema\\\/person\\\/706b509b2c5ea707a5e7ad0a3423bbdf\"},\"headline\":\"Diogo Gra\u00e7ia Campe\u00f3n SX2 Portugal 2019\",\"datePublished\":\"2019-09-08T08:48:11+00:00\",\"dateModified\":\"2023-04-19T18:27:33+00:00\",\"mainEntityOfPage\":{\"@id\":\"https:\\\/\\\/www.mtr-2.com\\\/diogo-gracia-campeon-sx2-portugal-2019\"},\"wordCount\":69,\"commentCount\":0,\"publisher\":{\"@id\":\"https:\\\/\\\/www.mtr-2.com\\\/#organization\"},\"image\":{\"@id\":\"https:\\\/\\\/www.mtr-2.com\\\/diogo-gracia-campeon-sx2-portugal-2019#primaryimage\"},\"thumbnailUrl\":\"https:\\\/\\\/i0.wp.com\\\/www.mtr-2.com\\\/wp-content\\\/uploads\\\/2023\\\/04\\\/DIOGO_GRACA_PORTUGAL.jpg?fit=1417%2C768&ssl=1\",\"articleSection\":[\"Blog\"],\"inLanguage\":\"en-GB\",\"potentialAction\":[{\"@type\":\"CommentAction\",\"name\":\"Comment\",\"target\":[\"https:\\\/\\\/www.mtr-2.com\\\/diogo-gracia-campeon-sx2-portugal-2019#respond\"]}]},{\"@type\":\"WebPage\",\"@id\":\"https:\\\/\\\/www.mtr-2.com\\\/diogo-gracia-campeon-sx2-portugal-2019\",\"url\":\"https:\\\/\\\/www.mtr-2.com\\\/diogo-gracia-campeon-sx2-portugal-2019\",\"name\":\"Diogo Gra\u00e7ia Campe\u00f3n SX2 Portugal 2019 - MTR2 Live your style\",\"isPartOf\":{\"@id\":\"https:\\\/\\\/www.mtr-2.com\\\/#website\"},\"primaryImageOfPage\":{\"@id\":\"https:\\\/\\\/www.mtr-2.com\\\/diogo-gracia-campeon-sx2-portugal-2019#primaryimage\"},\"image\":{\"@id\":\"https:\\\/\\\/www.mtr-2.com\\\/diogo-gracia-campeon-sx2-portugal-2019#primaryimage\"},\"thumbnailUrl\":\"https:\\\/\\\/i0.wp.com\\\/www.mtr-2.com\\\/wp-content\\\/uploads\\\/2023\\\/04\\\/DIOGO_GRACA_PORTUGAL.jpg?fit=1417%2C768&ssl=1\",\"datePublished\":\"2019-09-08T08:48:11+00:00\",\"dateModified\":\"2023-04-19T18:27:33+00:00\",\"breadcrumb\":{\"@id\":\"https:\\\/\\\/www.mtr-2.com\\\/diogo-gracia-campeon-sx2-portugal-2019#breadcrumb\"},\"inLanguage\":\"en-GB\",\"potentialAction\":[{\"@type\":\"ReadAction\",\"target\":[\"https:\\\/\\\/www.mtr-2.com\\\/diogo-gracia-campeon-sx2-portugal-2019\"]}]},{\"@type\":\"ImageObject\",\"inLanguage\":\"en-GB\",\"@id\":\"https:\\\/\\\/www.mtr-2.com\\\/diogo-gracia-campeon-sx2-portugal-2019#primaryimage\",\"url\":\"https:\\\/\\\/i0.wp.com\\\/www.mtr-2.com\\\/wp-content\\\/uploads\\\/2023\\\/04\\\/DIOGO_GRACA_PORTUGAL.jpg?fit=1417%2C768&ssl=1\",\"contentUrl\":\"https:\\\/\\\/i0.wp.com\\\/www.mtr-2.com\\\/wp-content\\\/uploads\\\/2023\\\/04\\\/DIOGO_GRACA_PORTUGAL.jpg?fit=1417%2C768&ssl=1\",\"width\":1417,\"height\":768},{\"@type\":\"BreadcrumbList\",\"@id\":\"https:\\\/\\\/www.mtr-2.com\\\/diogo-gracia-campeon-sx2-portugal-2019#breadcrumb\",\"itemListElement\":[{\"@type\":\"ListItem\",\"position\":1,\"name\":\"Portada\",\"item\":\"https:\\\/\\\/www.mtr-2.com\\\/\"},{\"@type\":\"ListItem\",\"position\":2,\"name\":\"Diogo Gra\u00e7ia Campe\u00f3n SX2 Portugal 2019\"}]},{\"@type\":\"WebSite\",\"@id\":\"https:\\\/\\\/www.mtr-2.com\\\/#website\",\"url\":\"https:\\\/\\\/www.mtr-2.com\\\/\",\"name\":\"MTR2 Live your style\",\"description\":\"Los dise\u00f1os m\u00e1s exclusivos en gafas, guantes, manillares y accesorios para motocross, enduro, downhill mtb, bmx...\",\"publisher\":{\"@id\":\"https:\\\/\\\/www.mtr-2.com\\\/#organization\"},\"alternateName\":\"MTR-2 Worldwide | Motocross, enduro, bmx, donwhill mtb, surf - Live Your Style\",\"potentialAction\":[{\"@type\":\"SearchAction\",\"target\":{\"@type\":\"EntryPoint\",\"urlTemplate\":\"https:\\\/\\\/www.mtr-2.com\\\/?s={search_term_string}\"},\"query-input\":{\"@type\":\"PropertyValueSpecification\",\"valueRequired\":true,\"valueName\":\"search_term_string\"}}],\"inLanguage\":\"en-GB\"},{\"@type\":\"Organization\",\"@id\":\"https:\\\/\\\/www.mtr-2.com\\\/#organization\",\"name\":\"MTR2 Live your style\",\"url\":\"https:\\\/\\\/www.mtr-2.com\\\/\",\"logo\":{\"@type\":\"ImageObject\",\"inLanguage\":\"en-GB\",\"@id\":\"https:\\\/\\\/www.mtr-2.com\\\/#\\\/schema\\\/logo\\\/image\\\/\",\"url\":\"https:\\\/\\\/i0.wp.com\\\/www.mtr-2.com\\\/wp-content\\\/uploads\\\/2021\\\/06\\\/MTR2-Logo-official.webp?fit=350%2C77&ssl=1\",\"contentUrl\":\"https:\\\/\\\/i0.wp.com\\\/www.mtr-2.com\\\/wp-content\\\/uploads\\\/2021\\\/06\\\/MTR2-Logo-official.webp?fit=350%2C77&ssl=1\",\"width\":350,\"height\":77,\"caption\":\"MTR2 Live your style\"},\"image\":{\"@id\":\"https:\\\/\\\/www.mtr-2.com\\\/#\\\/schema\\\/logo\\\/image\\\/\"},\"sameAs\":[\"https:\\\/\\\/www.facebook.com\\\/mtr2worldwide\\\/\",\"https:\\\/\\\/www.instagram.com\\\/mtr2worldwide\\\/\"]},{\"@type\":\"Person\",\"@id\":\"https:\\\/\\\/www.mtr-2.com\\\/#\\\/schema\\\/person\\\/706b509b2c5ea707a5e7ad0a3423bbdf\",\"name\":\"MA_gato1987\",\"image\":{\"@type\":\"ImageObject\",\"inLanguage\":\"en-GB\",\"@id\":\"https:\\\/\\\/secure.gravatar.com\\\/avatar\\\/9342e24410d9de9fe4cb78c331c83266224f5c7f926924da715c99992ae87037?s=96&d=mm&r=g\",\"url\":\"https:\\\/\\\/secure.gravatar.com\\\/avatar\\\/9342e24410d9de9fe4cb78c331c83266224f5c7f926924da715c99992ae87037?s=96&d=mm&r=g\",\"contentUrl\":\"https:\\\/\\\/secure.gravatar.com\\\/avatar\\\/9342e24410d9de9fe4cb78c331c83266224f5c7f926924da715c99992ae87037?s=96&d=mm&r=g\",\"caption\":\"MA_gato1987\"},\"sameAs\":[\"http:\\\/\\\/s311126158.mialojamiento.es\"],\"url\":\"https:\\\/\\\/www.mtr-2.com\\\/en\\\/author\\\/ma_gato1987\"}]}<\/script>\n<!-- \/ Yoast SEO plugin. -->","yoast_head_json":{"title":"Diogo Gra\u00e7ia Campe\u00f3n SX2 Portugal 2019 - MTR2 Live your style","robots":{"index":"index","follow":"follow","max-snippet":"max-snippet:-1","max-image-preview":"max-image-preview:large","max-video-preview":"max-video-preview:-1"},"canonical":"https:\/\/www.mtr-2.com\/en\/diogo-gracia-campeon-sx2-portugal-2019\/","og_locale":"en_GB","og_type":"article","og_title":"Diogo Gra\u00e7ia Campe\u00f3n SX2 Portugal 2019 - MTR2 Live your style","og_description":"Tr\u00e1s una gran temporada de resultados finalmente el piloto portugues Diogo Gra\u00e7ia ha logrado conquistar el 1\u00ba puesto del campeonato de Supercross SX2 de Portugal. Confirmando as\u00ed, ser uno de los mejores pilotos actuales de Portugal. El ahora actual Campe\u00f3n finalizar\u00e1 su temporada en ADAC Supercross en Alemania. Con este conseguimos otro t\u00edtulo m\u00e1s para [&hellip;]","og_url":"https:\/\/www.mtr-2.com\/en\/diogo-gracia-campeon-sx2-portugal-2019\/","og_site_name":"MTR2 Live your style","article_publisher":"https:\/\/www.facebook.com\/mtr2worldwide\/","article_published_time":"2019-09-08T08:48:11+00:00","article_modified_time":"2023-04-19T18:27:33+00:00","og_image":[{"width":1417,"height":768,"url":"https:\/\/i0.wp.com\/www.mtr-2.com\/wp-content\/uploads\/2023\/04\/DIOGO_GRACA_PORTUGAL.jpg?fit=1417%2C768&ssl=1","type":"image\/jpeg"}],"author":"MA_gato1987","twitter_card":"summary_large_image","twitter_misc":{"Written by":"MA_gato1987"},"schema":{"@context":"https:\/\/schema.org","@graph":[{"@type":"Article","@id":"https:\/\/www.mtr-2.com\/diogo-gracia-campeon-sx2-portugal-2019#article","isPartOf":{"@id":"https:\/\/www.mtr-2.com\/diogo-gracia-campeon-sx2-portugal-2019"},"author":{"name":"MA_gato1987","@id":"https:\/\/www.mtr-2.com\/#\/schema\/person\/706b509b2c5ea707a5e7ad0a3423bbdf"},"headline":"Diogo Gra\u00e7ia Campe\u00f3n SX2 Portugal 2019","datePublished":"2019-09-08T08:48:11+00:00","dateModified":"2023-04-19T18:27:33+00:00","mainEntityOfPage":{"@id":"https:\/\/www.mtr-2.com\/diogo-gracia-campeon-sx2-portugal-2019"},"wordCount":69,"commentCount":0,"publisher":{"@id":"https:\/\/www.mtr-2.com\/#organization"},"image":{"@id":"https:\/\/www.mtr-2.com\/diogo-gracia-campeon-sx2-portugal-2019#primaryimage"},"thumbnailUrl":"https:\/\/i0.wp.com\/www.mtr-2.com\/wp-content\/uploads\/2023\/04\/DIOGO_GRACA_PORTUGAL.jpg?fit=1417%2C768&ssl=1","articleSection":["Blog"],"inLanguage":"en-GB","potentialAction":[{"@type":"CommentAction","name":"Comment","target":["https:\/\/www.mtr-2.com\/diogo-gracia-campeon-sx2-portugal-2019#respond"]}]},{"@type":"WebPage","@id":"https:\/\/www.mtr-2.com\/diogo-gracia-campeon-sx2-portugal-2019","url":"https:\/\/www.mtr-2.com\/diogo-gracia-campeon-sx2-portugal-2019","name":"Diogo Gra\u00e7ia Campe\u00f3n SX2 Portugal 2019 - MTR2 Live your style","isPartOf":{"@id":"https:\/\/www.mtr-2.com\/#website"},"primaryImageOfPage":{"@id":"https:\/\/www.mtr-2.com\/diogo-gracia-campeon-sx2-portugal-2019#primaryimage"},"image":{"@id":"https:\/\/www.mtr-2.com\/diogo-gracia-campeon-sx2-portugal-2019#primaryimage"},"thumbnailUrl":"https:\/\/i0.wp.com\/www.mtr-2.com\/wp-content\/uploads\/2023\/04\/DIOGO_GRACA_PORTUGAL.jpg?fit=1417%2C768&ssl=1","datePublished":"2019-09-08T08:48:11+00:00","dateModified":"2023-04-19T18:27:33+00:00","breadcrumb":{"@id":"https:\/\/www.mtr-2.com\/diogo-gracia-campeon-sx2-portugal-2019#breadcrumb"},"inLanguage":"en-GB","potentialAction":[{"@type":"ReadAction","target":["https:\/\/www.mtr-2.com\/diogo-gracia-campeon-sx2-portugal-2019"]}]},{"@type":"ImageObject","inLanguage":"en-GB","@id":"https:\/\/www.mtr-2.com\/diogo-gracia-campeon-sx2-portugal-2019#primaryimage","url":"https:\/\/i0.wp.com\/www.mtr-2.com\/wp-content\/uploads\/2023\/04\/DIOGO_GRACA_PORTUGAL.jpg?fit=1417%2C768&ssl=1","contentUrl":"https:\/\/i0.wp.com\/www.mtr-2.com\/wp-content\/uploads\/2023\/04\/DIOGO_GRACA_PORTUGAL.jpg?fit=1417%2C768&ssl=1","width":1417,"height":768},{"@type":"BreadcrumbList","@id":"https:\/\/www.mtr-2.com\/diogo-gracia-campeon-sx2-portugal-2019#breadcrumb","itemListElement":[{"@type":"ListItem","position":1,"name":"Portada","item":"https:\/\/www.mtr-2.com\/"},{"@type":"ListItem","position":2,"name":"Diogo Gra\u00e7ia Campe\u00f3n SX2 Portugal 2019"}]},{"@type":"WebSite","@id":"https:\/\/www.mtr-2.com\/#website","url":"https:\/\/www.mtr-2.com\/","name":"MTR2 Live your style","description":"Los dise\u00f1os m\u00e1s exclusivos en gafas, guantes, manillares y accesorios para motocross, enduro, downhill mtb, bmx...","publisher":{"@id":"https:\/\/www.mtr-2.com\/#organization"},"alternateName":"MTR-2 Worldwide | Motocross, enduro, bmx, donwhill mtb, surf - Live Your Style","potentialAction":[{"@type":"SearchAction","target":{"@type":"EntryPoint","urlTemplate":"https:\/\/www.mtr-2.com\/?s={search_term_string}"},"query-input":{"@type":"PropertyValueSpecification","valueRequired":true,"valueName":"search_term_string"}}],"inLanguage":"en-GB"},{"@type":"Organization","@id":"https:\/\/www.mtr-2.com\/#organization","name":"MTR2 Live your style","url":"https:\/\/www.mtr-2.com\/","logo":{"@type":"ImageObject","inLanguage":"en-GB","@id":"https:\/\/www.mtr-2.com\/#\/schema\/logo\/image\/","url":"https:\/\/i0.wp.com\/www.mtr-2.com\/wp-content\/uploads\/2021\/06\/MTR2-Logo-official.webp?fit=350%2C77&ssl=1","contentUrl":"https:\/\/i0.wp.com\/www.mtr-2.com\/wp-content\/uploads\/2021\/06\/MTR2-Logo-official.webp?fit=350%2C77&ssl=1","width":350,"height":77,"caption":"MTR2 Live your style"},"image":{"@id":"https:\/\/www.mtr-2.com\/#\/schema\/logo\/image\/"},"sameAs":["https:\/\/www.facebook.com\/mtr2worldwide\/","https:\/\/www.instagram.com\/mtr2worldwide\/"]},{"@type":"Person","@id":"https:\/\/www.mtr-2.com\/#\/schema\/person\/706b509b2c5ea707a5e7ad0a3423bbdf","name":"MA_gato1987","image":{"@type":"ImageObject","inLanguage":"en-GB","@id":"https:\/\/secure.gravatar.com\/avatar\/9342e24410d9de9fe4cb78c331c83266224f5c7f926924da715c99992ae87037?s=96&d=mm&r=g","url":"https:\/\/secure.gravatar.com\/avatar\/9342e24410d9de9fe4cb78c331c83266224f5c7f926924da715c99992ae87037?s=96&d=mm&r=g","contentUrl":"https:\/\/secure.gravatar.com\/avatar\/9342e24410d9de9fe4cb78c331c83266224f5c7f926924da715c99992ae87037?s=96&d=mm&r=g","caption":"MA_gato1987"},"sameAs":["http:\/\/s311126158.mialojamiento.es"],"url":"https:\/\/www.mtr-2.com\/en\/author\/ma_gato1987"}]}},"jetpack_featured_media_url":"https:\/\/i0.wp.com\/www.mtr-2.com\/wp-content\/uploads\/2023\/04\/DIOGO_GRACA_PORTUGAL.jpg?fit=1417%2C768&ssl=1","jetpack_sharing_enabled":true,"_links":{"self":[{"href":"https:\/\/www.mtr-2.com\/en\/wp-json\/wp\/v2\/posts\/6919","targetHints":{"allow":["GET"]}}],"collection":[{"href":"https:\/\/www.mtr-2.com\/en\/wp-json\/wp\/v2\/posts"}],"about":[{"href":"https:\/\/www.mtr-2.com\/en\/wp-json\/wp\/v2\/types\/post"}],"author":[{"embeddable":true,"href":"https:\/\/www.mtr-2.com\/en\/wp-json\/wp\/v2\/users\/1"}],"replies":[{"embeddable":true,"href":"https:\/\/www.mtr-2.com\/en\/wp-json\/wp\/v2\/comments?post=6919"}],"version-history":[{"count":3,"href":"https:\/\/www.mtr-2.com\/en\/wp-json\/wp\/v2\/posts\/6919\/revisions"}],"predecessor-version":[{"id":7837,"href":"https:\/\/www.mtr-2.com\/en\/wp-json\/wp\/v2\/posts\/6919\/revisions\/7837"}],"wp:featuredmedia":[{"embeddable":true,"href":"https:\/\/www.mtr-2.com\/en\/wp-json\/wp\/v2\/media\/7783"}],"wp:attachment":[{"href":"https:\/\/www.mtr-2.com\/en\/wp-json\/wp\/v2\/media?parent=6919"}],"wp:term":[{"taxonomy":"category","embeddable":true,"href":"https:\/\/www.mtr-2.com\/en\/wp-json\/wp\/v2\/categories?post=6919"},{"taxonomy":"post_tag","embeddable":true,"href":"https:\/\/www.mtr-2.com\/en\/wp-json\/wp\/v2\/tags?post=6919"}],"curies":[{"name":"wp","href":"https:\/\/api.w.org\/{rel}","templated":true}]}}