{"id":6946,"date":"2019-12-21T10:22:50","date_gmt":"2019-12-21T09:22:50","guid":{"rendered":"https:\/\/www.mtr-2.com\/?p=6946"},"modified":"2023-04-19T20:26:00","modified_gmt":"2023-04-19T18:26:00","slug":"tom-koch-mxgp-2021","status":"publish","type":"post","link":"https:\/\/www.mtr-2.com\/en\/tom-koch-mxgp-2021","title":{"rendered":"Tom Koch MXGP 2020"},"content":{"rendered":"<p><img data-recalc-dims=\"1\" fetchpriority=\"high\" decoding=\"async\" class=\"wp-image-7788 size-full\" src=\"https:\/\/i0.wp.com\/www.mtr-2.com\/wp-content\/uploads\/2023\/04\/TOM-KOCH-ADAC-2-1.jpg?resize=800%2C533&#038;ssl=1\" alt=\"\" width=\"800\" height=\"533\" srcset=\"https:\/\/i0.wp.com\/www.mtr-2.com\/wp-content\/uploads\/2023\/04\/TOM-KOCH-ADAC-2-1.jpg?w=1100&amp;ssl=1 1100w, https:\/\/i0.wp.com\/www.mtr-2.com\/wp-content\/uploads\/2023\/04\/TOM-KOCH-ADAC-2-1.jpg?resize=300%2C200&amp;ssl=1 300w, https:\/\/i0.wp.com\/www.mtr-2.com\/wp-content\/uploads\/2023\/04\/TOM-KOCH-ADAC-2-1.jpg?resize=1024%2C682&amp;ssl=1 1024w, https:\/\/i0.wp.com\/www.mtr-2.com\/wp-content\/uploads\/2023\/04\/TOM-KOCH-ADAC-2-1.jpg?resize=768%2C512&amp;ssl=1 768w, https:\/\/i0.wp.com\/www.mtr-2.com\/wp-content\/uploads\/2023\/04\/TOM-KOCH-ADAC-2-1.jpg?resize=18%2C12&amp;ssl=1 18w, https:\/\/i0.wp.com\/www.mtr-2.com\/wp-content\/uploads\/2023\/04\/TOM-KOCH-ADAC-2-1.jpg?resize=500%2C333&amp;ssl=1 500w\" sizes=\"(max-width: 800px) 100vw, 800px\" \/><\/p>\n<p>Tom Koch, the young rider signed a contract for the upcoming 2020 season with KTM Sarholz. Koch will participate in all the MXGP tests, of course, he will compete in the ADAC MX Master (Germany). Koch has the potential to finish in the top five in the ADAC.<\/p>\n<p><a href=\"https:\/\/i0.wp.com\/www.mtr-2.com\/wp-content\/uploads\/2023\/04\/TOM-KOCH-ADAC-HANDLEBAR-MTR2.jpg?ssl=1\"><img data-recalc-dims=\"1\" decoding=\"async\" class=\"wp-image-7797 size-medium alignright\" src=\"https:\/\/i0.wp.com\/www.mtr-2.com\/wp-content\/uploads\/2023\/04\/TOM-KOCH-ADAC-HANDLEBAR-MTR2-300x200.jpg?resize=300%2C200&#038;ssl=1\" alt=\"\" width=\"300\" height=\"200\" srcset=\"https:\/\/i0.wp.com\/www.mtr-2.com\/wp-content\/uploads\/2023\/04\/TOM-KOCH-ADAC-HANDLEBAR-MTR2.jpg?resize=300%2C200&amp;ssl=1 300w, https:\/\/i0.wp.com\/www.mtr-2.com\/wp-content\/uploads\/2023\/04\/TOM-KOCH-ADAC-HANDLEBAR-MTR2.jpg?resize=1024%2C682&amp;ssl=1 1024w, https:\/\/i0.wp.com\/www.mtr-2.com\/wp-content\/uploads\/2023\/04\/TOM-KOCH-ADAC-HANDLEBAR-MTR2.jpg?resize=768%2C512&amp;ssl=1 768w, https:\/\/i0.wp.com\/www.mtr-2.com\/wp-content\/uploads\/2023\/04\/TOM-KOCH-ADAC-HANDLEBAR-MTR2.jpg?resize=18%2C12&amp;ssl=1 18w, https:\/\/i0.wp.com\/www.mtr-2.com\/wp-content\/uploads\/2023\/04\/TOM-KOCH-ADAC-HANDLEBAR-MTR2.jpg?resize=500%2C333&amp;ssl=1 500w, https:\/\/i0.wp.com\/www.mtr-2.com\/wp-content\/uploads\/2023\/04\/TOM-KOCH-ADAC-HANDLEBAR-MTR2.jpg?w=1100&amp;ssl=1 1100w\" sizes=\"(max-width: 300px) 100vw, 300px\" \/><\/a><\/p>\n<p>KTM Sarholz Team boss believes in the potential of his new prot\u00e9g\u00e9: \u201cWe are delighted that Tom has chosen our team. He has huge potential and could be one of the positive surprises of the next season. With the right level of fitness and the right setup, he can regularly battle for podium places in the ADAC MX Master. He gained experience last season and now it's about turning that into good results.\u201d<\/p>\n<p>The KTM Sarholz will have the support of MTR-2 and its 2.1 Series handlebars that will equip its KTM SXF.<\/p>\n<p>Welcome to the family MTR-2!<\/p>\n<figure id=\"attachment_7798\" aria-describedby=\"caption-attachment-7798\" style=\"width: 1100px\" class=\"wp-caption aligncenter\"><img data-recalc-dims=\"1\" decoding=\"async\" class=\"wp-image-7798 size-full\" src=\"https:\/\/i0.wp.com\/www.mtr-2.com\/wp-content\/uploads\/2023\/04\/TOM-KOCH-ADAC-1.jpg?resize=800%2C533&#038;ssl=1\" alt=\"\" width=\"800\" height=\"533\" srcset=\"https:\/\/i0.wp.com\/www.mtr-2.com\/wp-content\/uploads\/2023\/04\/TOM-KOCH-ADAC-1.jpg?w=1100&amp;ssl=1 1100w, https:\/\/i0.wp.com\/www.mtr-2.com\/wp-content\/uploads\/2023\/04\/TOM-KOCH-ADAC-1.jpg?resize=300%2C200&amp;ssl=1 300w, https:\/\/i0.wp.com\/www.mtr-2.com\/wp-content\/uploads\/2023\/04\/TOM-KOCH-ADAC-1.jpg?resize=1024%2C682&amp;ssl=1 1024w, https:\/\/i0.wp.com\/www.mtr-2.com\/wp-content\/uploads\/2023\/04\/TOM-KOCH-ADAC-1.jpg?resize=768%2C512&amp;ssl=1 768w, https:\/\/i0.wp.com\/www.mtr-2.com\/wp-content\/uploads\/2023\/04\/TOM-KOCH-ADAC-1.jpg?resize=18%2C12&amp;ssl=1 18w, https:\/\/i0.wp.com\/www.mtr-2.com\/wp-content\/uploads\/2023\/04\/TOM-KOCH-ADAC-1.jpg?resize=500%2C333&amp;ssl=1 500w\" sizes=\"(max-width: 800px) 100vw, 800px\" \/><figcaption id=\"caption-attachment-7798\" class=\"wp-caption-text\">Tom Koch ( Deutschland \/ KTM \/ KTM Sarholz Racing Team ) Foto: Steve Bauerschmidt<\/figcaption><\/figure>","protected":false},"excerpt":{"rendered":"<p>Tom Koch, el joven piloto firm\u00f3 un contrato para la pr\u00f3xima temporada 2020 con KTM Sarholz. Koch participar\u00e1 en todas las pruebas de MXGP, por supuesto, competir\u00e1 en el ADAC MX Master (Alemania). Koch tiene potencial para acbar entre los cinco primeros en el ADAC. El jefe del equipo de KTM Sarholz, cree en el [&hellip;]<\/p>\n","protected":false},"author":1,"featured_media":7781,"comment_status":"open","ping_status":"open","sticky":false,"template":"","format":"standard","meta":{"_jetpack_memberships_contains_paid_content":false,"footnotes":""},"categories":[52],"tags":[],"class_list":["post-6946","post","type-post","status-publish","format-standard","has-post-thumbnail","hentry","category-blog"],"yoast_head":"<!-- This site is optimized with the Yoast SEO plugin v27.4 - https:\/\/yoast.com\/product\/yoast-seo-wordpress\/ -->\n<title>Tom Koch MXGP 2020 - MTR2 Live your style<\/title>\n<meta name=\"robots\" content=\"index, follow, max-snippet:-1, max-image-preview:large, max-video-preview:-1\" \/>\n<link rel=\"canonical\" href=\"https:\/\/www.mtr-2.com\/en\/tom-koch-mxgp-2021\/\" \/>\n<meta property=\"og:locale\" content=\"en_GB\" \/>\n<meta property=\"og:type\" content=\"article\" \/>\n<meta property=\"og:title\" content=\"Tom Koch MXGP 2020 - MTR2 Live your style\" \/>\n<meta property=\"og:description\" content=\"Tom Koch, el joven piloto firm\u00f3 un contrato para la pr\u00f3xima temporada 2020 con KTM Sarholz. Koch participar\u00e1 en todas las pruebas de MXGP, por supuesto, competir\u00e1 en el ADAC MX Master (Alemania). Koch tiene potencial para acbar entre los cinco primeros en el ADAC. El jefe del equipo de KTM Sarholz, cree en el [&hellip;]\" \/>\n<meta property=\"og:url\" content=\"https:\/\/www.mtr-2.com\/en\/tom-koch-mxgp-2021\/\" \/>\n<meta property=\"og:site_name\" content=\"MTR2 Live your style\" \/>\n<meta property=\"article:publisher\" content=\"https:\/\/www.facebook.com\/mtr2worldwide\/\" \/>\n<meta property=\"article:published_time\" content=\"2019-12-21T09:22:50+00:00\" \/>\n<meta property=\"article:modified_time\" content=\"2023-04-19T18:26:00+00:00\" \/>\n<meta property=\"og:image\" content=\"https:\/\/i0.wp.com\/www.mtr-2.com\/wp-content\/uploads\/2023\/04\/TOM-KOCH-ADAC-2.jpg?fit=1100%2C733&ssl=1\" \/>\n\t<meta property=\"og:image:width\" content=\"1100\" \/>\n\t<meta property=\"og:image:height\" content=\"733\" \/>\n\t<meta property=\"og:image:type\" content=\"image\/jpeg\" \/>\n<meta name=\"author\" content=\"MA_gato1987\" \/>\n<meta name=\"twitter:card\" content=\"summary_large_image\" \/>\n<meta name=\"twitter:label1\" content=\"Written by\" \/>\n\t<meta name=\"twitter:data1\" content=\"MA_gato1987\" \/>\n\t<meta name=\"twitter:label2\" content=\"Estimated reading time\" \/>\n\t<meta name=\"twitter:data2\" content=\"1 minute\" \/>\n<script type=\"application\/ld+json\" class=\"yoast-schema-graph\">{\"@context\":\"https:\\\/\\\/schema.org\",\"@graph\":[{\"@type\":\"Article\",\"@id\":\"https:\\\/\\\/www.mtr-2.com\\\/tom-koch-mxgp-2021#article\",\"isPartOf\":{\"@id\":\"https:\\\/\\\/www.mtr-2.com\\\/tom-koch-mxgp-2021\"},\"author\":{\"name\":\"MA_gato1987\",\"@id\":\"https:\\\/\\\/www.mtr-2.com\\\/#\\\/schema\\\/person\\\/706b509b2c5ea707a5e7ad0a3423bbdf\"},\"headline\":\"Tom Koch MXGP 2020\",\"datePublished\":\"2019-12-21T09:22:50+00:00\",\"dateModified\":\"2023-04-19T18:26:00+00:00\",\"mainEntityOfPage\":{\"@id\":\"https:\\\/\\\/www.mtr-2.com\\\/tom-koch-mxgp-2021\"},\"wordCount\":173,\"commentCount\":0,\"publisher\":{\"@id\":\"https:\\\/\\\/www.mtr-2.com\\\/#organization\"},\"image\":{\"@id\":\"https:\\\/\\\/www.mtr-2.com\\\/tom-koch-mxgp-2021#primaryimage\"},\"thumbnailUrl\":\"https:\\\/\\\/i0.wp.com\\\/www.mtr-2.com\\\/wp-content\\\/uploads\\\/2023\\\/04\\\/TOM-KOCH-ADAC-2.jpg?fit=1100%2C733&ssl=1\",\"articleSection\":[\"Blog\"],\"inLanguage\":\"en-GB\",\"potentialAction\":[{\"@type\":\"CommentAction\",\"name\":\"Comment\",\"target\":[\"https:\\\/\\\/www.mtr-2.com\\\/tom-koch-mxgp-2021#respond\"]}]},{\"@type\":\"WebPage\",\"@id\":\"https:\\\/\\\/www.mtr-2.com\\\/tom-koch-mxgp-2021\",\"url\":\"https:\\\/\\\/www.mtr-2.com\\\/tom-koch-mxgp-2021\",\"name\":\"Tom Koch MXGP 2020 - MTR2 Live your style\",\"isPartOf\":{\"@id\":\"https:\\\/\\\/www.mtr-2.com\\\/#website\"},\"primaryImageOfPage\":{\"@id\":\"https:\\\/\\\/www.mtr-2.com\\\/tom-koch-mxgp-2021#primaryimage\"},\"image\":{\"@id\":\"https:\\\/\\\/www.mtr-2.com\\\/tom-koch-mxgp-2021#primaryimage\"},\"thumbnailUrl\":\"https:\\\/\\\/i0.wp.com\\\/www.mtr-2.com\\\/wp-content\\\/uploads\\\/2023\\\/04\\\/TOM-KOCH-ADAC-2.jpg?fit=1100%2C733&ssl=1\",\"datePublished\":\"2019-12-21T09:22:50+00:00\",\"dateModified\":\"2023-04-19T18:26:00+00:00\",\"breadcrumb\":{\"@id\":\"https:\\\/\\\/www.mtr-2.com\\\/tom-koch-mxgp-2021#breadcrumb\"},\"inLanguage\":\"en-GB\",\"potentialAction\":[{\"@type\":\"ReadAction\",\"target\":[\"https:\\\/\\\/www.mtr-2.com\\\/tom-koch-mxgp-2021\"]}]},{\"@type\":\"ImageObject\",\"inLanguage\":\"en-GB\",\"@id\":\"https:\\\/\\\/www.mtr-2.com\\\/tom-koch-mxgp-2021#primaryimage\",\"url\":\"https:\\\/\\\/i0.wp.com\\\/www.mtr-2.com\\\/wp-content\\\/uploads\\\/2023\\\/04\\\/TOM-KOCH-ADAC-2.jpg?fit=1100%2C733&ssl=1\",\"contentUrl\":\"https:\\\/\\\/i0.wp.com\\\/www.mtr-2.com\\\/wp-content\\\/uploads\\\/2023\\\/04\\\/TOM-KOCH-ADAC-2.jpg?fit=1100%2C733&ssl=1\",\"width\":1100,\"height\":733,\"caption\":\"Grevenbroich , 180220 , Shooting KTM Sarholz Racing Team Im Bild: Tom Koch ( Deutschland \\\/ KTM \\\/ KTM Sarholz Racing Team ) Foto: Steve Bauerschmidt\"},{\"@type\":\"BreadcrumbList\",\"@id\":\"https:\\\/\\\/www.mtr-2.com\\\/tom-koch-mxgp-2021#breadcrumb\",\"itemListElement\":[{\"@type\":\"ListItem\",\"position\":1,\"name\":\"Portada\",\"item\":\"https:\\\/\\\/www.mtr-2.com\\\/\"},{\"@type\":\"ListItem\",\"position\":2,\"name\":\"Tom Koch MXGP 2020\"}]},{\"@type\":\"WebSite\",\"@id\":\"https:\\\/\\\/www.mtr-2.com\\\/#website\",\"url\":\"https:\\\/\\\/www.mtr-2.com\\\/\",\"name\":\"MTR2 Live your style\",\"description\":\"Los dise\u00f1os m\u00e1s exclusivos en gafas, guantes, manillares y accesorios para motocross, enduro, downhill mtb, bmx...\",\"publisher\":{\"@id\":\"https:\\\/\\\/www.mtr-2.com\\\/#organization\"},\"alternateName\":\"MTR-2 Worldwide | Motocross, enduro, bmx, donwhill mtb, surf - Live Your Style\",\"potentialAction\":[{\"@type\":\"SearchAction\",\"target\":{\"@type\":\"EntryPoint\",\"urlTemplate\":\"https:\\\/\\\/www.mtr-2.com\\\/?s={search_term_string}\"},\"query-input\":{\"@type\":\"PropertyValueSpecification\",\"valueRequired\":true,\"valueName\":\"search_term_string\"}}],\"inLanguage\":\"en-GB\"},{\"@type\":\"Organization\",\"@id\":\"https:\\\/\\\/www.mtr-2.com\\\/#organization\",\"name\":\"MTR2 Live your style\",\"url\":\"https:\\\/\\\/www.mtr-2.com\\\/\",\"logo\":{\"@type\":\"ImageObject\",\"inLanguage\":\"en-GB\",\"@id\":\"https:\\\/\\\/www.mtr-2.com\\\/#\\\/schema\\\/logo\\\/image\\\/\",\"url\":\"https:\\\/\\\/i0.wp.com\\\/www.mtr-2.com\\\/wp-content\\\/uploads\\\/2021\\\/06\\\/MTR2-Logo-official.webp?fit=350%2C77&ssl=1\",\"contentUrl\":\"https:\\\/\\\/i0.wp.com\\\/www.mtr-2.com\\\/wp-content\\\/uploads\\\/2021\\\/06\\\/MTR2-Logo-official.webp?fit=350%2C77&ssl=1\",\"width\":350,\"height\":77,\"caption\":\"MTR2 Live your style\"},\"image\":{\"@id\":\"https:\\\/\\\/www.mtr-2.com\\\/#\\\/schema\\\/logo\\\/image\\\/\"},\"sameAs\":[\"https:\\\/\\\/www.facebook.com\\\/mtr2worldwide\\\/\",\"https:\\\/\\\/www.instagram.com\\\/mtr2worldwide\\\/\"]},{\"@type\":\"Person\",\"@id\":\"https:\\\/\\\/www.mtr-2.com\\\/#\\\/schema\\\/person\\\/706b509b2c5ea707a5e7ad0a3423bbdf\",\"name\":\"MA_gato1987\",\"image\":{\"@type\":\"ImageObject\",\"inLanguage\":\"en-GB\",\"@id\":\"https:\\\/\\\/secure.gravatar.com\\\/avatar\\\/9342e24410d9de9fe4cb78c331c83266224f5c7f926924da715c99992ae87037?s=96&d=mm&r=g\",\"url\":\"https:\\\/\\\/secure.gravatar.com\\\/avatar\\\/9342e24410d9de9fe4cb78c331c83266224f5c7f926924da715c99992ae87037?s=96&d=mm&r=g\",\"contentUrl\":\"https:\\\/\\\/secure.gravatar.com\\\/avatar\\\/9342e24410d9de9fe4cb78c331c83266224f5c7f926924da715c99992ae87037?s=96&d=mm&r=g\",\"caption\":\"MA_gato1987\"},\"sameAs\":[\"http:\\\/\\\/s311126158.mialojamiento.es\"],\"url\":\"https:\\\/\\\/www.mtr-2.com\\\/en\\\/author\\\/ma_gato1987\"}]}<\/script>\n<!-- \/ Yoast SEO plugin. -->","yoast_head_json":{"title":"Tom Koch MXGP 2020 - MTR2 Live your style","robots":{"index":"index","follow":"follow","max-snippet":"max-snippet:-1","max-image-preview":"max-image-preview:large","max-video-preview":"max-video-preview:-1"},"canonical":"https:\/\/www.mtr-2.com\/en\/tom-koch-mxgp-2021\/","og_locale":"en_GB","og_type":"article","og_title":"Tom Koch MXGP 2020 - MTR2 Live your style","og_description":"Tom Koch, el joven piloto firm\u00f3 un contrato para la pr\u00f3xima temporada 2020 con KTM Sarholz. Koch participar\u00e1 en todas las pruebas de MXGP, por supuesto, competir\u00e1 en el ADAC MX Master (Alemania). Koch tiene potencial para acbar entre los cinco primeros en el ADAC. El jefe del equipo de KTM Sarholz, cree en el [&hellip;]","og_url":"https:\/\/www.mtr-2.com\/en\/tom-koch-mxgp-2021\/","og_site_name":"MTR2 Live your style","article_publisher":"https:\/\/www.facebook.com\/mtr2worldwide\/","article_published_time":"2019-12-21T09:22:50+00:00","article_modified_time":"2023-04-19T18:26:00+00:00","og_image":[{"width":1100,"height":733,"url":"https:\/\/i0.wp.com\/www.mtr-2.com\/wp-content\/uploads\/2023\/04\/TOM-KOCH-ADAC-2.jpg?fit=1100%2C733&ssl=1","type":"image\/jpeg"}],"author":"MA_gato1987","twitter_card":"summary_large_image","twitter_misc":{"Written by":"MA_gato1987","Estimated reading time":"1 minute"},"schema":{"@context":"https:\/\/schema.org","@graph":[{"@type":"Article","@id":"https:\/\/www.mtr-2.com\/tom-koch-mxgp-2021#article","isPartOf":{"@id":"https:\/\/www.mtr-2.com\/tom-koch-mxgp-2021"},"author":{"name":"MA_gato1987","@id":"https:\/\/www.mtr-2.com\/#\/schema\/person\/706b509b2c5ea707a5e7ad0a3423bbdf"},"headline":"Tom Koch MXGP 2020","datePublished":"2019-12-21T09:22:50+00:00","dateModified":"2023-04-19T18:26:00+00:00","mainEntityOfPage":{"@id":"https:\/\/www.mtr-2.com\/tom-koch-mxgp-2021"},"wordCount":173,"commentCount":0,"publisher":{"@id":"https:\/\/www.mtr-2.com\/#organization"},"image":{"@id":"https:\/\/www.mtr-2.com\/tom-koch-mxgp-2021#primaryimage"},"thumbnailUrl":"https:\/\/i0.wp.com\/www.mtr-2.com\/wp-content\/uploads\/2023\/04\/TOM-KOCH-ADAC-2.jpg?fit=1100%2C733&ssl=1","articleSection":["Blog"],"inLanguage":"en-GB","potentialAction":[{"@type":"CommentAction","name":"Comment","target":["https:\/\/www.mtr-2.com\/tom-koch-mxgp-2021#respond"]}]},{"@type":"WebPage","@id":"https:\/\/www.mtr-2.com\/tom-koch-mxgp-2021","url":"https:\/\/www.mtr-2.com\/tom-koch-mxgp-2021","name":"Tom Koch MXGP 2020 - MTR2 Live your style","isPartOf":{"@id":"https:\/\/www.mtr-2.com\/#website"},"primaryImageOfPage":{"@id":"https:\/\/www.mtr-2.com\/tom-koch-mxgp-2021#primaryimage"},"image":{"@id":"https:\/\/www.mtr-2.com\/tom-koch-mxgp-2021#primaryimage"},"thumbnailUrl":"https:\/\/i0.wp.com\/www.mtr-2.com\/wp-content\/uploads\/2023\/04\/TOM-KOCH-ADAC-2.jpg?fit=1100%2C733&ssl=1","datePublished":"2019-12-21T09:22:50+00:00","dateModified":"2023-04-19T18:26:00+00:00","breadcrumb":{"@id":"https:\/\/www.mtr-2.com\/tom-koch-mxgp-2021#breadcrumb"},"inLanguage":"en-GB","potentialAction":[{"@type":"ReadAction","target":["https:\/\/www.mtr-2.com\/tom-koch-mxgp-2021"]}]},{"@type":"ImageObject","inLanguage":"en-GB","@id":"https:\/\/www.mtr-2.com\/tom-koch-mxgp-2021#primaryimage","url":"https:\/\/i0.wp.com\/www.mtr-2.com\/wp-content\/uploads\/2023\/04\/TOM-KOCH-ADAC-2.jpg?fit=1100%2C733&ssl=1","contentUrl":"https:\/\/i0.wp.com\/www.mtr-2.com\/wp-content\/uploads\/2023\/04\/TOM-KOCH-ADAC-2.jpg?fit=1100%2C733&ssl=1","width":1100,"height":733,"caption":"Grevenbroich , 180220 , Shooting KTM Sarholz Racing Team Im Bild: Tom Koch ( Deutschland \/ KTM \/ KTM Sarholz Racing Team ) Foto: Steve Bauerschmidt"},{"@type":"BreadcrumbList","@id":"https:\/\/www.mtr-2.com\/tom-koch-mxgp-2021#breadcrumb","itemListElement":[{"@type":"ListItem","position":1,"name":"Portada","item":"https:\/\/www.mtr-2.com\/"},{"@type":"ListItem","position":2,"name":"Tom Koch MXGP 2020"}]},{"@type":"WebSite","@id":"https:\/\/www.mtr-2.com\/#website","url":"https:\/\/www.mtr-2.com\/","name":"MTR2 Live your style","description":"Los dise\u00f1os m\u00e1s exclusivos en gafas, guantes, manillares y accesorios para motocross, enduro, downhill mtb, bmx...","publisher":{"@id":"https:\/\/www.mtr-2.com\/#organization"},"alternateName":"MTR-2 Worldwide | Motocross, enduro, bmx, donwhill mtb, surf - Live Your Style","potentialAction":[{"@type":"SearchAction","target":{"@type":"EntryPoint","urlTemplate":"https:\/\/www.mtr-2.com\/?s={search_term_string}"},"query-input":{"@type":"PropertyValueSpecification","valueRequired":true,"valueName":"search_term_string"}}],"inLanguage":"en-GB"},{"@type":"Organization","@id":"https:\/\/www.mtr-2.com\/#organization","name":"MTR2 Live your style","url":"https:\/\/www.mtr-2.com\/","logo":{"@type":"ImageObject","inLanguage":"en-GB","@id":"https:\/\/www.mtr-2.com\/#\/schema\/logo\/image\/","url":"https:\/\/i0.wp.com\/www.mtr-2.com\/wp-content\/uploads\/2021\/06\/MTR2-Logo-official.webp?fit=350%2C77&ssl=1","contentUrl":"https:\/\/i0.wp.com\/www.mtr-2.com\/wp-content\/uploads\/2021\/06\/MTR2-Logo-official.webp?fit=350%2C77&ssl=1","width":350,"height":77,"caption":"MTR2 Live your style"},"image":{"@id":"https:\/\/www.mtr-2.com\/#\/schema\/logo\/image\/"},"sameAs":["https:\/\/www.facebook.com\/mtr2worldwide\/","https:\/\/www.instagram.com\/mtr2worldwide\/"]},{"@type":"Person","@id":"https:\/\/www.mtr-2.com\/#\/schema\/person\/706b509b2c5ea707a5e7ad0a3423bbdf","name":"MA_gato1987","image":{"@type":"ImageObject","inLanguage":"en-GB","@id":"https:\/\/secure.gravatar.com\/avatar\/9342e24410d9de9fe4cb78c331c83266224f5c7f926924da715c99992ae87037?s=96&d=mm&r=g","url":"https:\/\/secure.gravatar.com\/avatar\/9342e24410d9de9fe4cb78c331c83266224f5c7f926924da715c99992ae87037?s=96&d=mm&r=g","contentUrl":"https:\/\/secure.gravatar.com\/avatar\/9342e24410d9de9fe4cb78c331c83266224f5c7f926924da715c99992ae87037?s=96&d=mm&r=g","caption":"MA_gato1987"},"sameAs":["http:\/\/s311126158.mialojamiento.es"],"url":"https:\/\/www.mtr-2.com\/en\/author\/ma_gato1987"}]}},"jetpack_featured_media_url":"https:\/\/i0.wp.com\/www.mtr-2.com\/wp-content\/uploads\/2023\/04\/TOM-KOCH-ADAC-2.jpg?fit=1100%2C733&ssl=1","jetpack_sharing_enabled":true,"_links":{"self":[{"href":"https:\/\/www.mtr-2.com\/en\/wp-json\/wp\/v2\/posts\/6946","targetHints":{"allow":["GET"]}}],"collection":[{"href":"https:\/\/www.mtr-2.com\/en\/wp-json\/wp\/v2\/posts"}],"about":[{"href":"https:\/\/www.mtr-2.com\/en\/wp-json\/wp\/v2\/types\/post"}],"author":[{"embeddable":true,"href":"https:\/\/www.mtr-2.com\/en\/wp-json\/wp\/v2\/users\/1"}],"replies":[{"embeddable":true,"href":"https:\/\/www.mtr-2.com\/en\/wp-json\/wp\/v2\/comments?post=6946"}],"version-history":[{"count":5,"href":"https:\/\/www.mtr-2.com\/en\/wp-json\/wp\/v2\/posts\/6946\/revisions"}],"predecessor-version":[{"id":7836,"href":"https:\/\/www.mtr-2.com\/en\/wp-json\/wp\/v2\/posts\/6946\/revisions\/7836"}],"wp:featuredmedia":[{"embeddable":true,"href":"https:\/\/www.mtr-2.com\/en\/wp-json\/wp\/v2\/media\/7781"}],"wp:attachment":[{"href":"https:\/\/www.mtr-2.com\/en\/wp-json\/wp\/v2\/media?parent=6946"}],"wp:term":[{"taxonomy":"category","embeddable":true,"href":"https:\/\/www.mtr-2.com\/en\/wp-json\/wp\/v2\/categories?post=6946"},{"taxonomy":"post_tag","embeddable":true,"href":"https:\/\/www.mtr-2.com\/en\/wp-json\/wp\/v2\/tags?post=6946"}],"curies":[{"name":"wp","href":"https:\/\/api.w.org\/{rel}","templated":true}]}}