{"id":7026,"date":"2022-10-30T12:00:51","date_gmt":"2022-10-30T11:00:51","guid":{"rendered":"https:\/\/www.mtr-2.com\/?p=7026"},"modified":"2023-04-19T19:57:06","modified_gmt":"2023-04-19T17:57:06","slug":"adria-monne-campeon-de-espana-mxsub18-2022","status":"publish","type":"post","link":"https:\/\/www.mtr-2.com\/en\/adria-monne-campeon-de-espana-mxsub18-2022","title":{"rendered":"Adri\u00e0 Monn\u00e9 Champion Spain MXSub18 2022"},"content":{"rendered":"<p>Adri\u00e0 Monn\u00e9, the rider from Bellpuig (Lerida) won the 2022 Spanish Sub18 Championship at the complicated circuit of La Ba\u00f1eza (Le\u00f3n). A weekend marked by rain, they rode a complicated and demanding track, the rider from Team TRT KTM, opted for calm and conservative riding in order to take care of the mechanics and score as many points as possible without making mistakes, which would give him the final victory of the championship.<\/p>\n<p><a href=\"https:\/\/i0.wp.com\/www.mtr-2.com\/wp-content\/uploads\/2023\/04\/LA-BANEZA-2022-MONNE-MOTOCROSS-1.jpg?ssl=1\"><img data-recalc-dims=\"1\" fetchpriority=\"high\" decoding=\"async\" class=\"wp-image-7773 size-medium alignleft\" src=\"https:\/\/i0.wp.com\/www.mtr-2.com\/wp-content\/uploads\/2023\/04\/LA-BANEZA-2022-MONNE-MOTOCROSS-1-300x292.jpg?resize=300%2C292&#038;ssl=1\" alt=\"\" width=\"300\" height=\"292\" srcset=\"https:\/\/i0.wp.com\/www.mtr-2.com\/wp-content\/uploads\/2023\/04\/LA-BANEZA-2022-MONNE-MOTOCROSS-1.jpg?resize=300%2C292&amp;ssl=1 300w, https:\/\/i0.wp.com\/www.mtr-2.com\/wp-content\/uploads\/2023\/04\/LA-BANEZA-2022-MONNE-MOTOCROSS-1.jpg?resize=12%2C12&amp;ssl=1 12w, https:\/\/i0.wp.com\/www.mtr-2.com\/wp-content\/uploads\/2023\/04\/LA-BANEZA-2022-MONNE-MOTOCROSS-1.jpg?resize=50%2C50&amp;ssl=1 50w, https:\/\/i0.wp.com\/www.mtr-2.com\/wp-content\/uploads\/2023\/04\/LA-BANEZA-2022-MONNE-MOTOCROSS-1.jpg?w=479&amp;ssl=1 479w\" sizes=\"(max-width: 300px) 100vw, 300px\" \/><\/a>Adri\u00e0 adds two consecutive titles in 2021 and 2022, affirming himself as one of the best riders in Spain. Both championships Adri\u00e0 has used the MTR-2 2.1 Series handlebar.<\/p>\n<p>Thank you for adding another championship.<\/p>\n<p>&nbsp;<\/p>\n<p>&nbsp;<\/p>\n<p>&nbsp;<\/p>\n<p><img data-recalc-dims=\"1\" decoding=\"async\" class=\"alignnone wp-image-7774 size-full\" src=\"https:\/\/i0.wp.com\/www.mtr-2.com\/wp-content\/uploads\/2023\/04\/LA-BANEZA-2022-MONNE-MOTOCROSS-2.jpg?resize=800%2C533&#038;ssl=1\" alt=\"\" width=\"800\" height=\"533\" srcset=\"https:\/\/i0.wp.com\/www.mtr-2.com\/wp-content\/uploads\/2023\/04\/LA-BANEZA-2022-MONNE-MOTOCROSS-2.jpg?w=1100&amp;ssl=1 1100w, https:\/\/i0.wp.com\/www.mtr-2.com\/wp-content\/uploads\/2023\/04\/LA-BANEZA-2022-MONNE-MOTOCROSS-2.jpg?resize=300%2C200&amp;ssl=1 300w, https:\/\/i0.wp.com\/www.mtr-2.com\/wp-content\/uploads\/2023\/04\/LA-BANEZA-2022-MONNE-MOTOCROSS-2.jpg?resize=1024%2C682&amp;ssl=1 1024w, https:\/\/i0.wp.com\/www.mtr-2.com\/wp-content\/uploads\/2023\/04\/LA-BANEZA-2022-MONNE-MOTOCROSS-2.jpg?resize=768%2C512&amp;ssl=1 768w, https:\/\/i0.wp.com\/www.mtr-2.com\/wp-content\/uploads\/2023\/04\/LA-BANEZA-2022-MONNE-MOTOCROSS-2.jpg?resize=18%2C12&amp;ssl=1 18w, https:\/\/i0.wp.com\/www.mtr-2.com\/wp-content\/uploads\/2023\/04\/LA-BANEZA-2022-MONNE-MOTOCROSS-2.jpg?resize=500%2C333&amp;ssl=1 500w\" sizes=\"(max-width: 800px) 100vw, 800px\" \/><\/p>\n<p>&nbsp;<\/p>","protected":false},"excerpt":{"rendered":"<p>Adri\u00e0 Monn\u00e9, el piloto de Bellpuig (Lerida) se hac\u00eda con el Campeoanto de Espa\u00f1a Sub18 2022 en el complicado circuito de La Ba\u00f1eza (Le\u00f3n). Un fin de semana marcado por la lluvias, hacian una pista complicada y exigente, el piloto del Team TRT KTM, obto por pilotaje tranquilo y conservador a fin de cuidar la [&hellip;]<\/p>\n","protected":false},"author":1,"featured_media":7773,"comment_status":"open","ping_status":"open","sticky":false,"template":"","format":"standard","meta":{"_jetpack_memberships_contains_paid_content":false,"footnotes":""},"categories":[52],"tags":[],"class_list":["post-7026","post","type-post","status-publish","format-standard","has-post-thumbnail","hentry","category-blog"],"yoast_head":"<!-- This site is optimized with the Yoast SEO plugin v27.5 - https:\/\/yoast.com\/product\/yoast-seo-wordpress\/ -->\n<title>Adri\u00e0 Monn\u00e9 Campe\u00f3n de Espa\u00f1a MXSub18 2022 - MTR2 Live your style<\/title>\n<meta name=\"robots\" content=\"index, follow, max-snippet:-1, max-image-preview:large, max-video-preview:-1\" \/>\n<link rel=\"canonical\" href=\"https:\/\/www.mtr-2.com\/en\/adria-monne-campeon-de-espana-mxsub18-2022\" \/>\n<meta property=\"og:locale\" content=\"en_GB\" \/>\n<meta property=\"og:type\" content=\"article\" \/>\n<meta property=\"og:title\" content=\"Adri\u00e0 Monn\u00e9 Campe\u00f3n de Espa\u00f1a MXSub18 2022 - MTR2 Live your style\" \/>\n<meta property=\"og:description\" content=\"Adri\u00e0 Monn\u00e9, el piloto de Bellpuig (Lerida) se hac\u00eda con el Campeoanto de Espa\u00f1a Sub18 2022 en el complicado circuito de La Ba\u00f1eza (Le\u00f3n). Un fin de semana marcado por la lluvias, hacian una pista complicada y exigente, el piloto del Team TRT KTM, obto por pilotaje tranquilo y conservador a fin de cuidar la [&hellip;]\" \/>\n<meta property=\"og:url\" content=\"https:\/\/www.mtr-2.com\/en\/adria-monne-campeon-de-espana-mxsub18-2022\" \/>\n<meta property=\"og:site_name\" content=\"MTR2 Live your style\" \/>\n<meta property=\"article:publisher\" content=\"https:\/\/www.facebook.com\/mtr2worldwide\/\" \/>\n<meta property=\"article:published_time\" content=\"2022-10-30T11:00:51+00:00\" \/>\n<meta property=\"article:modified_time\" content=\"2023-04-19T17:57:06+00:00\" \/>\n<meta property=\"og:image\" content=\"https:\/\/i0.wp.com\/www.mtr-2.com\/wp-content\/uploads\/2023\/04\/LA-BANEZA-2022-MONNE-MOTOCROSS-1.jpg?fit=479%2C466&ssl=1\" \/>\n\t<meta property=\"og:image:width\" content=\"479\" \/>\n\t<meta property=\"og:image:height\" content=\"466\" \/>\n\t<meta property=\"og:image:type\" content=\"image\/jpeg\" \/>\n<meta name=\"author\" content=\"MA_gato1987\" \/>\n<meta name=\"twitter:card\" content=\"summary_large_image\" \/>\n<meta name=\"twitter:label1\" content=\"Written by\" \/>\n\t<meta name=\"twitter:data1\" content=\"MA_gato1987\" \/>\n\t<meta name=\"twitter:label2\" content=\"Estimated reading time\" \/>\n\t<meta name=\"twitter:data2\" content=\"1 minute\" \/>\n<script type=\"application\/ld+json\" class=\"yoast-schema-graph\">{\"@context\":\"https:\\\/\\\/schema.org\",\"@graph\":[{\"@type\":\"Article\",\"@id\":\"https:\\\/\\\/www.mtr-2.com\\\/en\\\/adria-monne-campeon-de-espana-mxsub18-2022#article\",\"isPartOf\":{\"@id\":\"https:\\\/\\\/www.mtr-2.com\\\/en\\\/adria-monne-campeon-de-espana-mxsub18-2022\"},\"author\":{\"name\":\"MA_gato1987\",\"@id\":\"https:\\\/\\\/www.mtr-2.com\\\/en\\\/#\\\/schema\\\/person\\\/706b509b2c5ea707a5e7ad0a3423bbdf\"},\"headline\":\"Adri\u00e0 Monn\u00e9 Campe\u00f3n de Espa\u00f1a MXSub18 2022\",\"datePublished\":\"2022-10-30T11:00:51+00:00\",\"dateModified\":\"2023-04-19T17:57:06+00:00\",\"mainEntityOfPage\":{\"@id\":\"https:\\\/\\\/www.mtr-2.com\\\/en\\\/adria-monne-campeon-de-espana-mxsub18-2022\"},\"wordCount\":127,\"commentCount\":0,\"publisher\":{\"@id\":\"https:\\\/\\\/www.mtr-2.com\\\/en\\\/#organization\"},\"image\":{\"@id\":\"https:\\\/\\\/www.mtr-2.com\\\/en\\\/adria-monne-campeon-de-espana-mxsub18-2022#primaryimage\"},\"thumbnailUrl\":\"https:\\\/\\\/i0.wp.com\\\/www.mtr-2.com\\\/wp-content\\\/uploads\\\/2023\\\/04\\\/LA-BANEZA-2022-MONNE-MOTOCROSS-1.jpg?fit=479%2C466&ssl=1\",\"articleSection\":[\"Blog\"],\"inLanguage\":\"en-GB\",\"potentialAction\":[{\"@type\":\"CommentAction\",\"name\":\"Comment\",\"target\":[\"https:\\\/\\\/www.mtr-2.com\\\/en\\\/adria-monne-campeon-de-espana-mxsub18-2022#respond\"]}]},{\"@type\":\"WebPage\",\"@id\":\"https:\\\/\\\/www.mtr-2.com\\\/en\\\/adria-monne-campeon-de-espana-mxsub18-2022\",\"url\":\"https:\\\/\\\/www.mtr-2.com\\\/en\\\/adria-monne-campeon-de-espana-mxsub18-2022\",\"name\":\"Adri\u00e0 Monn\u00e9 Campe\u00f3n de Espa\u00f1a MXSub18 2022 - MTR2 Live your style\",\"isPartOf\":{\"@id\":\"https:\\\/\\\/www.mtr-2.com\\\/en\\\/#website\"},\"primaryImageOfPage\":{\"@id\":\"https:\\\/\\\/www.mtr-2.com\\\/en\\\/adria-monne-campeon-de-espana-mxsub18-2022#primaryimage\"},\"image\":{\"@id\":\"https:\\\/\\\/www.mtr-2.com\\\/en\\\/adria-monne-campeon-de-espana-mxsub18-2022#primaryimage\"},\"thumbnailUrl\":\"https:\\\/\\\/i0.wp.com\\\/www.mtr-2.com\\\/wp-content\\\/uploads\\\/2023\\\/04\\\/LA-BANEZA-2022-MONNE-MOTOCROSS-1.jpg?fit=479%2C466&ssl=1\",\"datePublished\":\"2022-10-30T11:00:51+00:00\",\"dateModified\":\"2023-04-19T17:57:06+00:00\",\"breadcrumb\":{\"@id\":\"https:\\\/\\\/www.mtr-2.com\\\/en\\\/adria-monne-campeon-de-espana-mxsub18-2022#breadcrumb\"},\"inLanguage\":\"en-GB\",\"potentialAction\":[{\"@type\":\"ReadAction\",\"target\":[\"https:\\\/\\\/www.mtr-2.com\\\/en\\\/adria-monne-campeon-de-espana-mxsub18-2022\"]}]},{\"@type\":\"ImageObject\",\"inLanguage\":\"en-GB\",\"@id\":\"https:\\\/\\\/www.mtr-2.com\\\/en\\\/adria-monne-campeon-de-espana-mxsub18-2022#primaryimage\",\"url\":\"https:\\\/\\\/i0.wp.com\\\/www.mtr-2.com\\\/wp-content\\\/uploads\\\/2023\\\/04\\\/LA-BANEZA-2022-MONNE-MOTOCROSS-1.jpg?fit=479%2C466&ssl=1\",\"contentUrl\":\"https:\\\/\\\/i0.wp.com\\\/www.mtr-2.com\\\/wp-content\\\/uploads\\\/2023\\\/04\\\/LA-BANEZA-2022-MONNE-MOTOCROSS-1.jpg?fit=479%2C466&ssl=1\",\"width\":479,\"height\":466},{\"@type\":\"BreadcrumbList\",\"@id\":\"https:\\\/\\\/www.mtr-2.com\\\/en\\\/adria-monne-campeon-de-espana-mxsub18-2022#breadcrumb\",\"itemListElement\":[{\"@type\":\"ListItem\",\"position\":1,\"name\":\"Portada\",\"item\":\"https:\\\/\\\/www.mtr-2.com\\\/en\\\/\"},{\"@type\":\"ListItem\",\"position\":2,\"name\":\"Adri\u00e0 Monn\u00e9 Campe\u00f3n de Espa\u00f1a MXSub18 2022\"}]},{\"@type\":\"WebSite\",\"@id\":\"https:\\\/\\\/www.mtr-2.com\\\/en\\\/#website\",\"url\":\"https:\\\/\\\/www.mtr-2.com\\\/en\\\/\",\"name\":\"MTR2 Live your style\",\"description\":\"Los dise\u00f1os m\u00e1s exclusivos en gafas, guantes, manillares y accesorios para motocross, enduro, downhill mtb, bmx...\",\"publisher\":{\"@id\":\"https:\\\/\\\/www.mtr-2.com\\\/en\\\/#organization\"},\"alternateName\":\"MTR-2 Worldwide | Motocross, enduro, bmx, donwhill mtb, surf - Live Your Style\",\"potentialAction\":[{\"@type\":\"SearchAction\",\"target\":{\"@type\":\"EntryPoint\",\"urlTemplate\":\"https:\\\/\\\/www.mtr-2.com\\\/en\\\/?s={search_term_string}\"},\"query-input\":{\"@type\":\"PropertyValueSpecification\",\"valueRequired\":true,\"valueName\":\"search_term_string\"}}],\"inLanguage\":\"en-GB\"},{\"@type\":\"Organization\",\"@id\":\"https:\\\/\\\/www.mtr-2.com\\\/en\\\/#organization\",\"name\":\"MTR2 Live your style\",\"url\":\"https:\\\/\\\/www.mtr-2.com\\\/en\\\/\",\"logo\":{\"@type\":\"ImageObject\",\"inLanguage\":\"en-GB\",\"@id\":\"https:\\\/\\\/www.mtr-2.com\\\/en\\\/#\\\/schema\\\/logo\\\/image\\\/\",\"url\":\"https:\\\/\\\/i0.wp.com\\\/www.mtr-2.com\\\/wp-content\\\/uploads\\\/2021\\\/06\\\/MTR2-Logo-official.webp?fit=350%2C77&ssl=1\",\"contentUrl\":\"https:\\\/\\\/i0.wp.com\\\/www.mtr-2.com\\\/wp-content\\\/uploads\\\/2021\\\/06\\\/MTR2-Logo-official.webp?fit=350%2C77&ssl=1\",\"width\":350,\"height\":77,\"caption\":\"MTR2 Live your style\"},\"image\":{\"@id\":\"https:\\\/\\\/www.mtr-2.com\\\/en\\\/#\\\/schema\\\/logo\\\/image\\\/\"},\"sameAs\":[\"https:\\\/\\\/www.facebook.com\\\/mtr2worldwide\\\/\",\"https:\\\/\\\/www.instagram.com\\\/mtr2worldwide\\\/\"]},{\"@type\":\"Person\",\"@id\":\"https:\\\/\\\/www.mtr-2.com\\\/en\\\/#\\\/schema\\\/person\\\/706b509b2c5ea707a5e7ad0a3423bbdf\",\"name\":\"MA_gato1987\",\"image\":{\"@type\":\"ImageObject\",\"inLanguage\":\"en-GB\",\"@id\":\"https:\\\/\\\/secure.gravatar.com\\\/avatar\\\/9342e24410d9de9fe4cb78c331c83266224f5c7f926924da715c99992ae87037?s=96&d=mm&r=g\",\"url\":\"https:\\\/\\\/secure.gravatar.com\\\/avatar\\\/9342e24410d9de9fe4cb78c331c83266224f5c7f926924da715c99992ae87037?s=96&d=mm&r=g\",\"contentUrl\":\"https:\\\/\\\/secure.gravatar.com\\\/avatar\\\/9342e24410d9de9fe4cb78c331c83266224f5c7f926924da715c99992ae87037?s=96&d=mm&r=g\",\"caption\":\"MA_gato1987\"},\"sameAs\":[\"http:\\\/\\\/s311126158.mialojamiento.es\"],\"url\":\"https:\\\/\\\/www.mtr-2.com\\\/en\\\/author\\\/ma_gato1987\"}]}<\/script>\n<!-- \/ Yoast SEO plugin. -->","yoast_head_json":{"title":"Adri\u00e0 Monn\u00e9 Campe\u00f3n de Espa\u00f1a MXSub18 2022 - MTR2 Live your style","robots":{"index":"index","follow":"follow","max-snippet":"max-snippet:-1","max-image-preview":"max-image-preview:large","max-video-preview":"max-video-preview:-1"},"canonical":"https:\/\/www.mtr-2.com\/en\/adria-monne-campeon-de-espana-mxsub18-2022","og_locale":"en_GB","og_type":"article","og_title":"Adri\u00e0 Monn\u00e9 Campe\u00f3n de Espa\u00f1a MXSub18 2022 - MTR2 Live your style","og_description":"Adri\u00e0 Monn\u00e9, el piloto de Bellpuig (Lerida) se hac\u00eda con el Campeoanto de Espa\u00f1a Sub18 2022 en el complicado circuito de La Ba\u00f1eza (Le\u00f3n). Un fin de semana marcado por la lluvias, hacian una pista complicada y exigente, el piloto del Team TRT KTM, obto por pilotaje tranquilo y conservador a fin de cuidar la [&hellip;]","og_url":"https:\/\/www.mtr-2.com\/en\/adria-monne-campeon-de-espana-mxsub18-2022","og_site_name":"MTR2 Live your style","article_publisher":"https:\/\/www.facebook.com\/mtr2worldwide\/","article_published_time":"2022-10-30T11:00:51+00:00","article_modified_time":"2023-04-19T17:57:06+00:00","og_image":[{"width":479,"height":466,"url":"https:\/\/i0.wp.com\/www.mtr-2.com\/wp-content\/uploads\/2023\/04\/LA-BANEZA-2022-MONNE-MOTOCROSS-1.jpg?fit=479%2C466&ssl=1","type":"image\/jpeg"}],"author":"MA_gato1987","twitter_card":"summary_large_image","twitter_misc":{"Written by":"MA_gato1987","Estimated reading time":"1 minute"},"schema":{"@context":"https:\/\/schema.org","@graph":[{"@type":"Article","@id":"https:\/\/www.mtr-2.com\/en\/adria-monne-campeon-de-espana-mxsub18-2022#article","isPartOf":{"@id":"https:\/\/www.mtr-2.com\/en\/adria-monne-campeon-de-espana-mxsub18-2022"},"author":{"name":"MA_gato1987","@id":"https:\/\/www.mtr-2.com\/en\/#\/schema\/person\/706b509b2c5ea707a5e7ad0a3423bbdf"},"headline":"Adri\u00e0 Monn\u00e9 Campe\u00f3n de Espa\u00f1a MXSub18 2022","datePublished":"2022-10-30T11:00:51+00:00","dateModified":"2023-04-19T17:57:06+00:00","mainEntityOfPage":{"@id":"https:\/\/www.mtr-2.com\/en\/adria-monne-campeon-de-espana-mxsub18-2022"},"wordCount":127,"commentCount":0,"publisher":{"@id":"https:\/\/www.mtr-2.com\/en\/#organization"},"image":{"@id":"https:\/\/www.mtr-2.com\/en\/adria-monne-campeon-de-espana-mxsub18-2022#primaryimage"},"thumbnailUrl":"https:\/\/i0.wp.com\/www.mtr-2.com\/wp-content\/uploads\/2023\/04\/LA-BANEZA-2022-MONNE-MOTOCROSS-1.jpg?fit=479%2C466&ssl=1","articleSection":["Blog"],"inLanguage":"en-GB","potentialAction":[{"@type":"CommentAction","name":"Comment","target":["https:\/\/www.mtr-2.com\/en\/adria-monne-campeon-de-espana-mxsub18-2022#respond"]}]},{"@type":"WebPage","@id":"https:\/\/www.mtr-2.com\/en\/adria-monne-campeon-de-espana-mxsub18-2022","url":"https:\/\/www.mtr-2.com\/en\/adria-monne-campeon-de-espana-mxsub18-2022","name":"Adri\u00e0 Monn\u00e9 Campe\u00f3n de Espa\u00f1a MXSub18 2022 - MTR2 Live your style","isPartOf":{"@id":"https:\/\/www.mtr-2.com\/en\/#website"},"primaryImageOfPage":{"@id":"https:\/\/www.mtr-2.com\/en\/adria-monne-campeon-de-espana-mxsub18-2022#primaryimage"},"image":{"@id":"https:\/\/www.mtr-2.com\/en\/adria-monne-campeon-de-espana-mxsub18-2022#primaryimage"},"thumbnailUrl":"https:\/\/i0.wp.com\/www.mtr-2.com\/wp-content\/uploads\/2023\/04\/LA-BANEZA-2022-MONNE-MOTOCROSS-1.jpg?fit=479%2C466&ssl=1","datePublished":"2022-10-30T11:00:51+00:00","dateModified":"2023-04-19T17:57:06+00:00","breadcrumb":{"@id":"https:\/\/www.mtr-2.com\/en\/adria-monne-campeon-de-espana-mxsub18-2022#breadcrumb"},"inLanguage":"en-GB","potentialAction":[{"@type":"ReadAction","target":["https:\/\/www.mtr-2.com\/en\/adria-monne-campeon-de-espana-mxsub18-2022"]}]},{"@type":"ImageObject","inLanguage":"en-GB","@id":"https:\/\/www.mtr-2.com\/en\/adria-monne-campeon-de-espana-mxsub18-2022#primaryimage","url":"https:\/\/i0.wp.com\/www.mtr-2.com\/wp-content\/uploads\/2023\/04\/LA-BANEZA-2022-MONNE-MOTOCROSS-1.jpg?fit=479%2C466&ssl=1","contentUrl":"https:\/\/i0.wp.com\/www.mtr-2.com\/wp-content\/uploads\/2023\/04\/LA-BANEZA-2022-MONNE-MOTOCROSS-1.jpg?fit=479%2C466&ssl=1","width":479,"height":466},{"@type":"BreadcrumbList","@id":"https:\/\/www.mtr-2.com\/en\/adria-monne-campeon-de-espana-mxsub18-2022#breadcrumb","itemListElement":[{"@type":"ListItem","position":1,"name":"Portada","item":"https:\/\/www.mtr-2.com\/en\/"},{"@type":"ListItem","position":2,"name":"Adri\u00e0 Monn\u00e9 Campe\u00f3n de Espa\u00f1a MXSub18 2022"}]},{"@type":"WebSite","@id":"https:\/\/www.mtr-2.com\/en\/#website","url":"https:\/\/www.mtr-2.com\/en\/","name":"MTR2 Live your style","description":"Los dise\u00f1os m\u00e1s exclusivos en gafas, guantes, manillares y accesorios para motocross, enduro, downhill mtb, bmx...","publisher":{"@id":"https:\/\/www.mtr-2.com\/en\/#organization"},"alternateName":"MTR-2 Worldwide | Motocross, enduro, bmx, donwhill mtb, surf - Live Your Style","potentialAction":[{"@type":"SearchAction","target":{"@type":"EntryPoint","urlTemplate":"https:\/\/www.mtr-2.com\/en\/?s={search_term_string}"},"query-input":{"@type":"PropertyValueSpecification","valueRequired":true,"valueName":"search_term_string"}}],"inLanguage":"en-GB"},{"@type":"Organization","@id":"https:\/\/www.mtr-2.com\/en\/#organization","name":"MTR2 Live your style","url":"https:\/\/www.mtr-2.com\/en\/","logo":{"@type":"ImageObject","inLanguage":"en-GB","@id":"https:\/\/www.mtr-2.com\/en\/#\/schema\/logo\/image\/","url":"https:\/\/i0.wp.com\/www.mtr-2.com\/wp-content\/uploads\/2021\/06\/MTR2-Logo-official.webp?fit=350%2C77&ssl=1","contentUrl":"https:\/\/i0.wp.com\/www.mtr-2.com\/wp-content\/uploads\/2021\/06\/MTR2-Logo-official.webp?fit=350%2C77&ssl=1","width":350,"height":77,"caption":"MTR2 Live your style"},"image":{"@id":"https:\/\/www.mtr-2.com\/en\/#\/schema\/logo\/image\/"},"sameAs":["https:\/\/www.facebook.com\/mtr2worldwide\/","https:\/\/www.instagram.com\/mtr2worldwide\/"]},{"@type":"Person","@id":"https:\/\/www.mtr-2.com\/en\/#\/schema\/person\/706b509b2c5ea707a5e7ad0a3423bbdf","name":"MA_gato1987","image":{"@type":"ImageObject","inLanguage":"en-GB","@id":"https:\/\/secure.gravatar.com\/avatar\/9342e24410d9de9fe4cb78c331c83266224f5c7f926924da715c99992ae87037?s=96&d=mm&r=g","url":"https:\/\/secure.gravatar.com\/avatar\/9342e24410d9de9fe4cb78c331c83266224f5c7f926924da715c99992ae87037?s=96&d=mm&r=g","contentUrl":"https:\/\/secure.gravatar.com\/avatar\/9342e24410d9de9fe4cb78c331c83266224f5c7f926924da715c99992ae87037?s=96&d=mm&r=g","caption":"MA_gato1987"},"sameAs":["http:\/\/s311126158.mialojamiento.es"],"url":"https:\/\/www.mtr-2.com\/en\/author\/ma_gato1987"}]}},"jetpack_featured_media_url":"https:\/\/i0.wp.com\/www.mtr-2.com\/wp-content\/uploads\/2023\/04\/LA-BANEZA-2022-MONNE-MOTOCROSS-1.jpg?fit=479%2C466&ssl=1","jetpack_sharing_enabled":true,"_links":{"self":[{"href":"https:\/\/www.mtr-2.com\/en\/wp-json\/wp\/v2\/posts\/7026","targetHints":{"allow":["GET"]}}],"collection":[{"href":"https:\/\/www.mtr-2.com\/en\/wp-json\/wp\/v2\/posts"}],"about":[{"href":"https:\/\/www.mtr-2.com\/en\/wp-json\/wp\/v2\/types\/post"}],"author":[{"embeddable":true,"href":"https:\/\/www.mtr-2.com\/en\/wp-json\/wp\/v2\/users\/1"}],"replies":[{"embeddable":true,"href":"https:\/\/www.mtr-2.com\/en\/wp-json\/wp\/v2\/comments?post=7026"}],"version-history":[{"count":15,"href":"https:\/\/www.mtr-2.com\/en\/wp-json\/wp\/v2\/posts\/7026\/revisions"}],"predecessor-version":[{"id":7821,"href":"https:\/\/www.mtr-2.com\/en\/wp-json\/wp\/v2\/posts\/7026\/revisions\/7821"}],"wp:featuredmedia":[{"embeddable":true,"href":"https:\/\/www.mtr-2.com\/en\/wp-json\/wp\/v2\/media\/7773"}],"wp:attachment":[{"href":"https:\/\/www.mtr-2.com\/en\/wp-json\/wp\/v2\/media?parent=7026"}],"wp:term":[{"taxonomy":"category","embeddable":true,"href":"https:\/\/www.mtr-2.com\/en\/wp-json\/wp\/v2\/categories?post=7026"},{"taxonomy":"post_tag","embeddable":true,"href":"https:\/\/www.mtr-2.com\/en\/wp-json\/wp\/v2\/tags?post=7026"}],"curies":[{"name":"wp","href":"https:\/\/api.w.org\/{rel}","templated":true}]}}