{"id":7944,"date":"2023-05-14T18:00:30","date_gmt":"2023-05-14T16:00:30","guid":{"rendered":"https:\/\/www.mtr-2.com\/?p=7944"},"modified":"2023-05-25T11:49:21","modified_gmt":"2023-05-25T09:49:21","slug":"butron-campeon-de-espana-y-monne-subcampeon","status":"publish","type":"post","link":"https:\/\/www.mtr-2.com\/en\/butron-campeon-de-espana-y-monne-subcampeon","title":{"rendered":"Butr\u00f3n Champion of Spain and Monn\u00e8 second"},"content":{"rendered":"<p><img data-recalc-dims=\"1\" fetchpriority=\"high\" decoding=\"async\" class=\"aligncenter wp-image-7945 size-full\" src=\"https:\/\/i0.wp.com\/www.mtr-2.com\/wp-content\/uploads\/2023\/05\/BUTRON-CHAMPION-SPAIN-MOTOCROSS-2023.jpg?resize=800%2C533\" alt=\"\" width=\"800\" height=\"533\" srcset=\"https:\/\/i0.wp.com\/www.mtr-2.com\/wp-content\/uploads\/2023\/05\/BUTRON-CHAMPION-SPAIN-MOTOCROSS-2023.jpg?w=1100&amp;ssl=1 1100w, https:\/\/i0.wp.com\/www.mtr-2.com\/wp-content\/uploads\/2023\/05\/BUTRON-CHAMPION-SPAIN-MOTOCROSS-2023.jpg?resize=300%2C200&amp;ssl=1 300w, https:\/\/i0.wp.com\/www.mtr-2.com\/wp-content\/uploads\/2023\/05\/BUTRON-CHAMPION-SPAIN-MOTOCROSS-2023.jpg?resize=1024%2C682&amp;ssl=1 1024w, https:\/\/i0.wp.com\/www.mtr-2.com\/wp-content\/uploads\/2023\/05\/BUTRON-CHAMPION-SPAIN-MOTOCROSS-2023.jpg?resize=768%2C512&amp;ssl=1 768w, https:\/\/i0.wp.com\/www.mtr-2.com\/wp-content\/uploads\/2023\/05\/BUTRON-CHAMPION-SPAIN-MOTOCROSS-2023.jpg?resize=18%2C12&amp;ssl=1 18w, https:\/\/i0.wp.com\/www.mtr-2.com\/wp-content\/uploads\/2023\/05\/BUTRON-CHAMPION-SPAIN-MOTOCROSS-2023.jpg?resize=500%2C333&amp;ssl=1 500w\" sizes=\"(max-width: 800px) 100vw, 800px\" \/><\/p>\n<p>Alhama de Murcia has hosted the last round of the Spanish Elite Motocross Championship.<\/p>\n<p>intense weekend<strong>\u00a0<\/strong>to resolve the MX1 and MX2 titles at stake where our riders had options in both categories, after a season, concentrated in the first half of the year, which began in February and now ends in May.<\/p>\n<p>Jos\u00e9 Antonio Butr\u00f3n (MX1) and Adr\u00eda Monn\u00e8 (MX2) were the fastest on Saturday's time trials. Being a good Sunday for both drivers, Butr\u00f3n was conservative and after a race where he was second overall, he won the Spanish MX1 Championship.<\/p>\n<p>Meanwhile in MX2 Adr\u00eda Monn\u00e8 managed to finish the season in second place in the championship.<\/p>\n<p>Thanks champions.<\/p>","protected":false},"excerpt":{"rendered":"<p>Alhama de Murcia ha acogido la \u00faltima prueba del Campeonato deEspa\u00f1a de Motocross \u00c9lite. Intenso fin de semana\u00a0para resolver los t\u00edtulos en juego de MX1 y MX2 donde nuestros pilotos ten\u00edan opciones en ambas categor\u00edas, tras una temporada, concentrada en la primera mitad del a\u00f1o, que comenz\u00f3 en febrero y acaba ahora en mayo. Jos\u00e9 [&hellip;]<\/p>\n","protected":false},"author":1,"featured_media":7945,"comment_status":"open","ping_status":"open","sticky":false,"template":"","format":"standard","meta":{"_jetpack_memberships_contains_paid_content":false,"footnotes":""},"categories":[52],"tags":[233,231,232,225,236,234,219,235],"class_list":["post-7944","post","type-post","status-publish","format-standard","has-post-thumbnail","hentry","category-blog","tag-adria-monne","tag-butron","tag-jose-antonio-butron","tag-ktm","tag-ktm-enduro","tag-monne-motocross","tag-motocross","tag-trt-ktm"],"yoast_head":"<!-- This site is optimized with the Yoast SEO plugin v27.5 - https:\/\/yoast.com\/product\/yoast-seo-wordpress\/ -->\n<title>Butr\u00f3n Campe\u00f3n de Espa\u00f1a y Monn\u00e8 Subcampe\u00f3n - MTR2 Live your style<\/title>\n<meta name=\"robots\" content=\"index, follow, max-snippet:-1, max-image-preview:large, max-video-preview:-1\" \/>\n<link rel=\"canonical\" href=\"https:\/\/www.mtr-2.com\/en\/butron-campeon-de-espana-y-monne-subcampeon\" \/>\n<meta property=\"og:locale\" content=\"en_GB\" \/>\n<meta property=\"og:type\" content=\"article\" \/>\n<meta property=\"og:title\" content=\"Butr\u00f3n Campe\u00f3n de Espa\u00f1a y Monn\u00e8 Subcampe\u00f3n - MTR2 Live your style\" \/>\n<meta property=\"og:description\" content=\"Alhama de Murcia ha acogido la \u00faltima prueba del Campeonato deEspa\u00f1a de Motocross \u00c9lite. Intenso fin de semana\u00a0para resolver los t\u00edtulos en juego de MX1 y MX2 donde nuestros pilotos ten\u00edan opciones en ambas categor\u00edas, tras una temporada, concentrada en la primera mitad del a\u00f1o, que comenz\u00f3 en febrero y acaba ahora en mayo. Jos\u00e9 [&hellip;]\" \/>\n<meta property=\"og:url\" content=\"https:\/\/www.mtr-2.com\/en\/butron-campeon-de-espana-y-monne-subcampeon\" \/>\n<meta property=\"og:site_name\" content=\"MTR2 Live your style\" \/>\n<meta property=\"article:publisher\" content=\"https:\/\/www.facebook.com\/mtr2worldwide\/\" \/>\n<meta property=\"article:published_time\" content=\"2023-05-14T16:00:30+00:00\" \/>\n<meta property=\"article:modified_time\" content=\"2023-05-25T09:49:21+00:00\" \/>\n<meta property=\"og:image\" content=\"https:\/\/i0.wp.com\/www.mtr-2.com\/wp-content\/uploads\/2023\/05\/BUTRON-CHAMPION-SPAIN-MOTOCROSS-2023.jpg?fit=1100%2C733&ssl=1\" \/>\n\t<meta property=\"og:image:width\" content=\"1100\" \/>\n\t<meta property=\"og:image:height\" content=\"733\" \/>\n\t<meta property=\"og:image:type\" content=\"image\/jpeg\" \/>\n<meta name=\"author\" content=\"MA_gato1987\" \/>\n<meta name=\"twitter:card\" content=\"summary_large_image\" \/>\n<meta name=\"twitter:label1\" content=\"Written by\" \/>\n\t<meta name=\"twitter:data1\" content=\"MA_gato1987\" \/>\n\t<meta name=\"twitter:label2\" content=\"Estimated reading time\" \/>\n\t<meta name=\"twitter:data2\" content=\"1 minute\" \/>\n<script type=\"application\/ld+json\" class=\"yoast-schema-graph\">{\"@context\":\"https:\\\/\\\/schema.org\",\"@graph\":[{\"@type\":\"Article\",\"@id\":\"https:\\\/\\\/www.mtr-2.com\\\/en\\\/butron-campeon-de-espana-y-monne-subcampeon#article\",\"isPartOf\":{\"@id\":\"https:\\\/\\\/www.mtr-2.com\\\/en\\\/butron-campeon-de-espana-y-monne-subcampeon\"},\"author\":{\"name\":\"MA_gato1987\",\"@id\":\"https:\\\/\\\/www.mtr-2.com\\\/#\\\/schema\\\/person\\\/706b509b2c5ea707a5e7ad0a3423bbdf\"},\"headline\":\"Butr\u00f3n Campe\u00f3n de Espa\u00f1a y Monn\u00e8 Subcampe\u00f3n\",\"datePublished\":\"2023-05-14T16:00:30+00:00\",\"dateModified\":\"2023-05-25T09:49:21+00:00\",\"mainEntityOfPage\":{\"@id\":\"https:\\\/\\\/www.mtr-2.com\\\/en\\\/butron-campeon-de-espana-y-monne-subcampeon\"},\"wordCount\":140,\"commentCount\":0,\"publisher\":{\"@id\":\"https:\\\/\\\/www.mtr-2.com\\\/#organization\"},\"image\":{\"@id\":\"https:\\\/\\\/www.mtr-2.com\\\/en\\\/butron-campeon-de-espana-y-monne-subcampeon#primaryimage\"},\"thumbnailUrl\":\"https:\\\/\\\/i0.wp.com\\\/www.mtr-2.com\\\/wp-content\\\/uploads\\\/2023\\\/05\\\/BUTRON-CHAMPION-SPAIN-MOTOCROSS-2023.jpg?fit=1100%2C733&ssl=1\",\"keywords\":[\"adria monne\",\"butron\",\"jose antonio butron\",\"ktm\",\"ktm enduro\",\"monne motocross\",\"motocross\",\"trt ktm\"],\"articleSection\":[\"Blog\"],\"inLanguage\":\"en-GB\",\"potentialAction\":[{\"@type\":\"CommentAction\",\"name\":\"Comment\",\"target\":[\"https:\\\/\\\/www.mtr-2.com\\\/en\\\/butron-campeon-de-espana-y-monne-subcampeon#respond\"]}]},{\"@type\":\"WebPage\",\"@id\":\"https:\\\/\\\/www.mtr-2.com\\\/en\\\/butron-campeon-de-espana-y-monne-subcampeon\",\"url\":\"https:\\\/\\\/www.mtr-2.com\\\/en\\\/butron-campeon-de-espana-y-monne-subcampeon\",\"name\":\"Butr\u00f3n Campe\u00f3n de Espa\u00f1a y Monn\u00e8 Subcampe\u00f3n - MTR2 Live your style\",\"isPartOf\":{\"@id\":\"https:\\\/\\\/www.mtr-2.com\\\/#website\"},\"primaryImageOfPage\":{\"@id\":\"https:\\\/\\\/www.mtr-2.com\\\/en\\\/butron-campeon-de-espana-y-monne-subcampeon#primaryimage\"},\"image\":{\"@id\":\"https:\\\/\\\/www.mtr-2.com\\\/en\\\/butron-campeon-de-espana-y-monne-subcampeon#primaryimage\"},\"thumbnailUrl\":\"https:\\\/\\\/i0.wp.com\\\/www.mtr-2.com\\\/wp-content\\\/uploads\\\/2023\\\/05\\\/BUTRON-CHAMPION-SPAIN-MOTOCROSS-2023.jpg?fit=1100%2C733&ssl=1\",\"datePublished\":\"2023-05-14T16:00:30+00:00\",\"dateModified\":\"2023-05-25T09:49:21+00:00\",\"breadcrumb\":{\"@id\":\"https:\\\/\\\/www.mtr-2.com\\\/en\\\/butron-campeon-de-espana-y-monne-subcampeon#breadcrumb\"},\"inLanguage\":\"en-GB\",\"potentialAction\":[{\"@type\":\"ReadAction\",\"target\":[\"https:\\\/\\\/www.mtr-2.com\\\/en\\\/butron-campeon-de-espana-y-monne-subcampeon\"]}]},{\"@type\":\"ImageObject\",\"inLanguage\":\"en-GB\",\"@id\":\"https:\\\/\\\/www.mtr-2.com\\\/en\\\/butron-campeon-de-espana-y-monne-subcampeon#primaryimage\",\"url\":\"https:\\\/\\\/i0.wp.com\\\/www.mtr-2.com\\\/wp-content\\\/uploads\\\/2023\\\/05\\\/BUTRON-CHAMPION-SPAIN-MOTOCROSS-2023.jpg?fit=1100%2C733&ssl=1\",\"contentUrl\":\"https:\\\/\\\/i0.wp.com\\\/www.mtr-2.com\\\/wp-content\\\/uploads\\\/2023\\\/05\\\/BUTRON-CHAMPION-SPAIN-MOTOCROSS-2023.jpg?fit=1100%2C733&ssl=1\",\"width\":1100,\"height\":733},{\"@type\":\"BreadcrumbList\",\"@id\":\"https:\\\/\\\/www.mtr-2.com\\\/en\\\/butron-campeon-de-espana-y-monne-subcampeon#breadcrumb\",\"itemListElement\":[{\"@type\":\"ListItem\",\"position\":1,\"name\":\"Portada\",\"item\":\"https:\\\/\\\/www.mtr-2.com\\\/\"},{\"@type\":\"ListItem\",\"position\":2,\"name\":\"Butr\u00f3n Campe\u00f3n de Espa\u00f1a y Monn\u00e8 Subcampe\u00f3n\"}]},{\"@type\":\"WebSite\",\"@id\":\"https:\\\/\\\/www.mtr-2.com\\\/#website\",\"url\":\"https:\\\/\\\/www.mtr-2.com\\\/\",\"name\":\"MTR2 Live your style\",\"description\":\"Los dise\u00f1os m\u00e1s exclusivos en gafas, guantes, manillares y accesorios para motocross, enduro, downhill mtb, bmx...\",\"publisher\":{\"@id\":\"https:\\\/\\\/www.mtr-2.com\\\/#organization\"},\"alternateName\":\"MTR-2 Worldwide | Motocross, enduro, bmx, donwhill mtb, surf - Live Your Style\",\"potentialAction\":[{\"@type\":\"SearchAction\",\"target\":{\"@type\":\"EntryPoint\",\"urlTemplate\":\"https:\\\/\\\/www.mtr-2.com\\\/?s={search_term_string}\"},\"query-input\":{\"@type\":\"PropertyValueSpecification\",\"valueRequired\":true,\"valueName\":\"search_term_string\"}}],\"inLanguage\":\"en-GB\"},{\"@type\":\"Organization\",\"@id\":\"https:\\\/\\\/www.mtr-2.com\\\/#organization\",\"name\":\"MTR2 Live your style\",\"url\":\"https:\\\/\\\/www.mtr-2.com\\\/\",\"logo\":{\"@type\":\"ImageObject\",\"inLanguage\":\"en-GB\",\"@id\":\"https:\\\/\\\/www.mtr-2.com\\\/#\\\/schema\\\/logo\\\/image\\\/\",\"url\":\"https:\\\/\\\/i0.wp.com\\\/www.mtr-2.com\\\/wp-content\\\/uploads\\\/2021\\\/06\\\/MTR2-Logo-official.webp?fit=350%2C77&ssl=1\",\"contentUrl\":\"https:\\\/\\\/i0.wp.com\\\/www.mtr-2.com\\\/wp-content\\\/uploads\\\/2021\\\/06\\\/MTR2-Logo-official.webp?fit=350%2C77&ssl=1\",\"width\":350,\"height\":77,\"caption\":\"MTR2 Live your style\"},\"image\":{\"@id\":\"https:\\\/\\\/www.mtr-2.com\\\/#\\\/schema\\\/logo\\\/image\\\/\"},\"sameAs\":[\"https:\\\/\\\/www.facebook.com\\\/mtr2worldwide\\\/\",\"https:\\\/\\\/www.instagram.com\\\/mtr2worldwide\\\/\"]},{\"@type\":\"Person\",\"@id\":\"https:\\\/\\\/www.mtr-2.com\\\/#\\\/schema\\\/person\\\/706b509b2c5ea707a5e7ad0a3423bbdf\",\"name\":\"MA_gato1987\",\"image\":{\"@type\":\"ImageObject\",\"inLanguage\":\"en-GB\",\"@id\":\"https:\\\/\\\/secure.gravatar.com\\\/avatar\\\/9342e24410d9de9fe4cb78c331c83266224f5c7f926924da715c99992ae87037?s=96&d=mm&r=g\",\"url\":\"https:\\\/\\\/secure.gravatar.com\\\/avatar\\\/9342e24410d9de9fe4cb78c331c83266224f5c7f926924da715c99992ae87037?s=96&d=mm&r=g\",\"contentUrl\":\"https:\\\/\\\/secure.gravatar.com\\\/avatar\\\/9342e24410d9de9fe4cb78c331c83266224f5c7f926924da715c99992ae87037?s=96&d=mm&r=g\",\"caption\":\"MA_gato1987\"},\"sameAs\":[\"http:\\\/\\\/s311126158.mialojamiento.es\"],\"url\":\"https:\\\/\\\/www.mtr-2.com\\\/en\\\/author\\\/ma_gato1987\"}]}<\/script>\n<!-- \/ Yoast SEO plugin. -->","yoast_head_json":{"title":"Butr\u00f3n Campe\u00f3n de Espa\u00f1a y Monn\u00e8 Subcampe\u00f3n - MTR2 Live your style","robots":{"index":"index","follow":"follow","max-snippet":"max-snippet:-1","max-image-preview":"max-image-preview:large","max-video-preview":"max-video-preview:-1"},"canonical":"https:\/\/www.mtr-2.com\/en\/butron-campeon-de-espana-y-monne-subcampeon","og_locale":"en_GB","og_type":"article","og_title":"Butr\u00f3n Campe\u00f3n de Espa\u00f1a y Monn\u00e8 Subcampe\u00f3n - MTR2 Live your style","og_description":"Alhama de Murcia ha acogido la \u00faltima prueba del Campeonato deEspa\u00f1a de Motocross \u00c9lite. Intenso fin de semana\u00a0para resolver los t\u00edtulos en juego de MX1 y MX2 donde nuestros pilotos ten\u00edan opciones en ambas categor\u00edas, tras una temporada, concentrada en la primera mitad del a\u00f1o, que comenz\u00f3 en febrero y acaba ahora en mayo. Jos\u00e9 [&hellip;]","og_url":"https:\/\/www.mtr-2.com\/en\/butron-campeon-de-espana-y-monne-subcampeon","og_site_name":"MTR2 Live your style","article_publisher":"https:\/\/www.facebook.com\/mtr2worldwide\/","article_published_time":"2023-05-14T16:00:30+00:00","article_modified_time":"2023-05-25T09:49:21+00:00","og_image":[{"width":1100,"height":733,"url":"https:\/\/i0.wp.com\/www.mtr-2.com\/wp-content\/uploads\/2023\/05\/BUTRON-CHAMPION-SPAIN-MOTOCROSS-2023.jpg?fit=1100%2C733&ssl=1","type":"image\/jpeg"}],"author":"MA_gato1987","twitter_card":"summary_large_image","twitter_misc":{"Written by":"MA_gato1987","Estimated reading time":"1 minute"},"schema":{"@context":"https:\/\/schema.org","@graph":[{"@type":"Article","@id":"https:\/\/www.mtr-2.com\/en\/butron-campeon-de-espana-y-monne-subcampeon#article","isPartOf":{"@id":"https:\/\/www.mtr-2.com\/en\/butron-campeon-de-espana-y-monne-subcampeon"},"author":{"name":"MA_gato1987","@id":"https:\/\/www.mtr-2.com\/#\/schema\/person\/706b509b2c5ea707a5e7ad0a3423bbdf"},"headline":"Butr\u00f3n Campe\u00f3n de Espa\u00f1a y Monn\u00e8 Subcampe\u00f3n","datePublished":"2023-05-14T16:00:30+00:00","dateModified":"2023-05-25T09:49:21+00:00","mainEntityOfPage":{"@id":"https:\/\/www.mtr-2.com\/en\/butron-campeon-de-espana-y-monne-subcampeon"},"wordCount":140,"commentCount":0,"publisher":{"@id":"https:\/\/www.mtr-2.com\/#organization"},"image":{"@id":"https:\/\/www.mtr-2.com\/en\/butron-campeon-de-espana-y-monne-subcampeon#primaryimage"},"thumbnailUrl":"https:\/\/i0.wp.com\/www.mtr-2.com\/wp-content\/uploads\/2023\/05\/BUTRON-CHAMPION-SPAIN-MOTOCROSS-2023.jpg?fit=1100%2C733&ssl=1","keywords":["adria monne","butron","jose antonio butron","ktm","ktm enduro","monne motocross","motocross","trt ktm"],"articleSection":["Blog"],"inLanguage":"en-GB","potentialAction":[{"@type":"CommentAction","name":"Comment","target":["https:\/\/www.mtr-2.com\/en\/butron-campeon-de-espana-y-monne-subcampeon#respond"]}]},{"@type":"WebPage","@id":"https:\/\/www.mtr-2.com\/en\/butron-campeon-de-espana-y-monne-subcampeon","url":"https:\/\/www.mtr-2.com\/en\/butron-campeon-de-espana-y-monne-subcampeon","name":"Butr\u00f3n Campe\u00f3n de Espa\u00f1a y Monn\u00e8 Subcampe\u00f3n - MTR2 Live your style","isPartOf":{"@id":"https:\/\/www.mtr-2.com\/#website"},"primaryImageOfPage":{"@id":"https:\/\/www.mtr-2.com\/en\/butron-campeon-de-espana-y-monne-subcampeon#primaryimage"},"image":{"@id":"https:\/\/www.mtr-2.com\/en\/butron-campeon-de-espana-y-monne-subcampeon#primaryimage"},"thumbnailUrl":"https:\/\/i0.wp.com\/www.mtr-2.com\/wp-content\/uploads\/2023\/05\/BUTRON-CHAMPION-SPAIN-MOTOCROSS-2023.jpg?fit=1100%2C733&ssl=1","datePublished":"2023-05-14T16:00:30+00:00","dateModified":"2023-05-25T09:49:21+00:00","breadcrumb":{"@id":"https:\/\/www.mtr-2.com\/en\/butron-campeon-de-espana-y-monne-subcampeon#breadcrumb"},"inLanguage":"en-GB","potentialAction":[{"@type":"ReadAction","target":["https:\/\/www.mtr-2.com\/en\/butron-campeon-de-espana-y-monne-subcampeon"]}]},{"@type":"ImageObject","inLanguage":"en-GB","@id":"https:\/\/www.mtr-2.com\/en\/butron-campeon-de-espana-y-monne-subcampeon#primaryimage","url":"https:\/\/i0.wp.com\/www.mtr-2.com\/wp-content\/uploads\/2023\/05\/BUTRON-CHAMPION-SPAIN-MOTOCROSS-2023.jpg?fit=1100%2C733&ssl=1","contentUrl":"https:\/\/i0.wp.com\/www.mtr-2.com\/wp-content\/uploads\/2023\/05\/BUTRON-CHAMPION-SPAIN-MOTOCROSS-2023.jpg?fit=1100%2C733&ssl=1","width":1100,"height":733},{"@type":"BreadcrumbList","@id":"https:\/\/www.mtr-2.com\/en\/butron-campeon-de-espana-y-monne-subcampeon#breadcrumb","itemListElement":[{"@type":"ListItem","position":1,"name":"Portada","item":"https:\/\/www.mtr-2.com\/"},{"@type":"ListItem","position":2,"name":"Butr\u00f3n Campe\u00f3n de Espa\u00f1a y Monn\u00e8 Subcampe\u00f3n"}]},{"@type":"WebSite","@id":"https:\/\/www.mtr-2.com\/#website","url":"https:\/\/www.mtr-2.com\/","name":"MTR2 Live your style","description":"Los dise\u00f1os m\u00e1s exclusivos en gafas, guantes, manillares y accesorios para motocross, enduro, downhill mtb, bmx...","publisher":{"@id":"https:\/\/www.mtr-2.com\/#organization"},"alternateName":"MTR-2 Worldwide | Motocross, enduro, bmx, donwhill mtb, surf - Live Your Style","potentialAction":[{"@type":"SearchAction","target":{"@type":"EntryPoint","urlTemplate":"https:\/\/www.mtr-2.com\/?s={search_term_string}"},"query-input":{"@type":"PropertyValueSpecification","valueRequired":true,"valueName":"search_term_string"}}],"inLanguage":"en-GB"},{"@type":"Organization","@id":"https:\/\/www.mtr-2.com\/#organization","name":"MTR2 Live your style","url":"https:\/\/www.mtr-2.com\/","logo":{"@type":"ImageObject","inLanguage":"en-GB","@id":"https:\/\/www.mtr-2.com\/#\/schema\/logo\/image\/","url":"https:\/\/i0.wp.com\/www.mtr-2.com\/wp-content\/uploads\/2021\/06\/MTR2-Logo-official.webp?fit=350%2C77&ssl=1","contentUrl":"https:\/\/i0.wp.com\/www.mtr-2.com\/wp-content\/uploads\/2021\/06\/MTR2-Logo-official.webp?fit=350%2C77&ssl=1","width":350,"height":77,"caption":"MTR2 Live your style"},"image":{"@id":"https:\/\/www.mtr-2.com\/#\/schema\/logo\/image\/"},"sameAs":["https:\/\/www.facebook.com\/mtr2worldwide\/","https:\/\/www.instagram.com\/mtr2worldwide\/"]},{"@type":"Person","@id":"https:\/\/www.mtr-2.com\/#\/schema\/person\/706b509b2c5ea707a5e7ad0a3423bbdf","name":"MA_gato1987","image":{"@type":"ImageObject","inLanguage":"en-GB","@id":"https:\/\/secure.gravatar.com\/avatar\/9342e24410d9de9fe4cb78c331c83266224f5c7f926924da715c99992ae87037?s=96&d=mm&r=g","url":"https:\/\/secure.gravatar.com\/avatar\/9342e24410d9de9fe4cb78c331c83266224f5c7f926924da715c99992ae87037?s=96&d=mm&r=g","contentUrl":"https:\/\/secure.gravatar.com\/avatar\/9342e24410d9de9fe4cb78c331c83266224f5c7f926924da715c99992ae87037?s=96&d=mm&r=g","caption":"MA_gato1987"},"sameAs":["http:\/\/s311126158.mialojamiento.es"],"url":"https:\/\/www.mtr-2.com\/en\/author\/ma_gato1987"}]}},"jetpack_featured_media_url":"https:\/\/i0.wp.com\/www.mtr-2.com\/wp-content\/uploads\/2023\/05\/BUTRON-CHAMPION-SPAIN-MOTOCROSS-2023.jpg?fit=1100%2C733&ssl=1","jetpack_sharing_enabled":true,"_links":{"self":[{"href":"https:\/\/www.mtr-2.com\/en\/wp-json\/wp\/v2\/posts\/7944","targetHints":{"allow":["GET"]}}],"collection":[{"href":"https:\/\/www.mtr-2.com\/en\/wp-json\/wp\/v2\/posts"}],"about":[{"href":"https:\/\/www.mtr-2.com\/en\/wp-json\/wp\/v2\/types\/post"}],"author":[{"embeddable":true,"href":"https:\/\/www.mtr-2.com\/en\/wp-json\/wp\/v2\/users\/1"}],"replies":[{"embeddable":true,"href":"https:\/\/www.mtr-2.com\/en\/wp-json\/wp\/v2\/comments?post=7944"}],"version-history":[{"count":1,"href":"https:\/\/www.mtr-2.com\/en\/wp-json\/wp\/v2\/posts\/7944\/revisions"}],"predecessor-version":[{"id":7946,"href":"https:\/\/www.mtr-2.com\/en\/wp-json\/wp\/v2\/posts\/7944\/revisions\/7946"}],"wp:featuredmedia":[{"embeddable":true,"href":"https:\/\/www.mtr-2.com\/en\/wp-json\/wp\/v2\/media\/7945"}],"wp:attachment":[{"href":"https:\/\/www.mtr-2.com\/en\/wp-json\/wp\/v2\/media?parent=7944"}],"wp:term":[{"taxonomy":"category","embeddable":true,"href":"https:\/\/www.mtr-2.com\/en\/wp-json\/wp\/v2\/categories?post=7944"},{"taxonomy":"post_tag","embeddable":true,"href":"https:\/\/www.mtr-2.com\/en\/wp-json\/wp\/v2\/tags?post=7944"}],"curies":[{"name":"wp","href":"https:\/\/api.w.org\/{rel}","templated":true}]}}