{"id":7991,"date":"2023-05-29T17:30:30","date_gmt":"2023-05-29T15:30:30","guid":{"rendered":"https:\/\/www.mtr-2.com\/?p=7991"},"modified":"2023-05-29T17:40:04","modified_gmt":"2023-05-29T15:40:04","slug":"paulo-alberto-campeon-portugal-mx1-2023","status":"publish","type":"post","link":"https:\/\/www.mtr-2.com\/en\/paulo-alberto-campeon-portugal-mx1-2023","title":{"rendered":"Paulo Alberto Champion Portugal MX1 2023"},"content":{"rendered":"<p><img data-recalc-dims=\"1\" fetchpriority=\"high\" decoding=\"async\" class=\"aligncenter wp-image-7992 size-large\" src=\"https:\/\/i0.wp.com\/www.mtr-2.com\/wp-content\/uploads\/2023\/05\/PAULO-ALBERTO-CAMPEAO-PORTUGAL.jpg?resize=800%2C533\" alt=\"\" width=\"800\" height=\"533\" srcset=\"https:\/\/i0.wp.com\/www.mtr-2.com\/wp-content\/uploads\/2023\/05\/PAULO-ALBERTO-CAMPEAO-PORTUGAL.jpg?resize=1024%2C682&amp;ssl=1 1024w, https:\/\/i0.wp.com\/www.mtr-2.com\/wp-content\/uploads\/2023\/05\/PAULO-ALBERTO-CAMPEAO-PORTUGAL.jpg?resize=300%2C200&amp;ssl=1 300w, https:\/\/i0.wp.com\/www.mtr-2.com\/wp-content\/uploads\/2023\/05\/PAULO-ALBERTO-CAMPEAO-PORTUGAL.jpg?resize=768%2C512&amp;ssl=1 768w, https:\/\/i0.wp.com\/www.mtr-2.com\/wp-content\/uploads\/2023\/05\/PAULO-ALBERTO-CAMPEAO-PORTUGAL.jpg?resize=18%2C12&amp;ssl=1 18w, https:\/\/i0.wp.com\/www.mtr-2.com\/wp-content\/uploads\/2023\/05\/PAULO-ALBERTO-CAMPEAO-PORTUGAL.jpg?resize=500%2C333&amp;ssl=1 500w, https:\/\/i0.wp.com\/www.mtr-2.com\/wp-content\/uploads\/2023\/05\/PAULO-ALBERTO-CAMPEAO-PORTUGAL.jpg?w=1100&amp;ssl=1 1100w\" sizes=\"(max-width: 800px) 100vw, 800px\" \/><\/p>\n<p>One race away from finishing the Portuguese Motocross national championship, Paulo Alberto is proclaimed 2023 MX1 national champion.<\/p>\n<p>In Fern\u00e3o Joanes (Portugal), Paulo Alberto was the protagonist of the weekend, being the author of the \"holeshot\", in the first race, achieving second place.<\/p>\n<p>The second race held under heavy rain, Paulo Alberto took the lead again, fighting for several laps finally managing to secure first place, which would give him the title of MX1 2023 national champion, with one test to go.<\/p>\n<p>Paulo Alberto MTR-2 rider with the 2.1 handlebar still has a long season ahead of him in the Brazilian championship.<\/p>\n<p>Thanks Champion.<\/p>","protected":false},"excerpt":{"rendered":"<p>A una prueba de terminar el campeonato nacional de Motocross portugu\u00e9s, Paulo Alberto se proclama campe\u00f3n nacional de MX1 2023. En Fern\u00e3o Joanes (Portugal),\u00a0Paulo Alberto fue protagonista del fin de semana, siendo autor del \u201choleshot\u201d, en la primera carrera logrando el segundo puesto. La segunda carrera celebrada bajo una fuerte lluvia,\u00a0Paulo Alberto volvi\u00f3 a tomar [&hellip;]<\/p>\n","protected":false},"author":1,"featured_media":7992,"comment_status":"open","ping_status":"open","sticky":false,"template":"","format":"standard","meta":{"_jetpack_memberships_contains_paid_content":false,"footnotes":""},"categories":[52],"tags":[247,246,245,219,243,248,249],"class_list":["post-7991","post","type-post","status-publish","format-standard","has-post-thumbnail","hentry","category-blog","tag-campeao-arenacross","tag-campeao-motocross","tag-campeao-paulo-alberto","tag-motocross","tag-motocross-portugal","tag-paulo-alberto","tag-yamaha"],"yoast_head":"<!-- This site is optimized with the Yoast SEO plugin v27.5 - https:\/\/yoast.com\/product\/yoast-seo-wordpress\/ -->\n<title>Paulo Alberto Campe\u00f3n Portugal MX1 2023 - MTR2 Live your style<\/title>\n<meta name=\"robots\" content=\"index, follow, max-snippet:-1, max-image-preview:large, max-video-preview:-1\" \/>\n<link rel=\"canonical\" href=\"http:\/\/www.mtr-2.com\/en\/paulo-alberto-campeon-portugal-mx1-2023\/\" \/>\n<meta property=\"og:locale\" content=\"en_GB\" \/>\n<meta property=\"og:type\" content=\"article\" \/>\n<meta property=\"og:title\" content=\"Paulo Alberto Campe\u00f3n Portugal MX1 2023 - MTR2 Live your style\" \/>\n<meta property=\"og:description\" content=\"A una prueba de terminar el campeonato nacional de Motocross portugu\u00e9s, Paulo Alberto se proclama campe\u00f3n nacional de MX1 2023. En Fern\u00e3o Joanes (Portugal),\u00a0Paulo Alberto fue protagonista del fin de semana, siendo autor del \u201choleshot\u201d, en la primera carrera logrando el segundo puesto. La segunda carrera celebrada bajo una fuerte lluvia,\u00a0Paulo Alberto volvi\u00f3 a tomar [&hellip;]\" \/>\n<meta property=\"og:url\" content=\"http:\/\/www.mtr-2.com\/en\/paulo-alberto-campeon-portugal-mx1-2023\/\" \/>\n<meta property=\"og:site_name\" content=\"MTR2 Live your style\" \/>\n<meta property=\"article:publisher\" content=\"https:\/\/www.facebook.com\/mtr2worldwide\/\" \/>\n<meta property=\"article:published_time\" content=\"2023-05-29T15:30:30+00:00\" \/>\n<meta property=\"article:modified_time\" content=\"2023-05-29T15:40:04+00:00\" \/>\n<meta property=\"og:image\" content=\"https:\/\/i0.wp.com\/www.mtr-2.com\/wp-content\/uploads\/2023\/05\/PAULO-ALBERTO-CAMPEAO-PORTUGAL.jpg?fit=1100%2C733\" \/>\n\t<meta property=\"og:image:width\" content=\"1100\" \/>\n\t<meta property=\"og:image:height\" content=\"733\" \/>\n\t<meta property=\"og:image:type\" content=\"image\/jpeg\" \/>\n<meta name=\"author\" content=\"MA_gato1987\" \/>\n<meta name=\"twitter:card\" content=\"summary_large_image\" \/>\n<meta name=\"twitter:label1\" content=\"Written by\" \/>\n\t<meta name=\"twitter:data1\" content=\"MA_gato1987\" \/>\n\t<meta name=\"twitter:label2\" content=\"Estimated reading time\" \/>\n\t<meta name=\"twitter:data2\" content=\"1 minute\" \/>\n<script type=\"application\/ld+json\" class=\"yoast-schema-graph\">{\"@context\":\"https:\\\/\\\/schema.org\",\"@graph\":[{\"@type\":\"Article\",\"@id\":\"http:\\\/\\\/www.mtr-2.com\\\/paulo-alberto-campeon-portugal-mx1-2023#article\",\"isPartOf\":{\"@id\":\"http:\\\/\\\/www.mtr-2.com\\\/paulo-alberto-campeon-portugal-mx1-2023\"},\"author\":{\"name\":\"MA_gato1987\",\"@id\":\"http:\\\/\\\/www.mtr-2.com\\\/en\\\/#\\\/schema\\\/person\\\/706b509b2c5ea707a5e7ad0a3423bbdf\"},\"headline\":\"Paulo Alberto Campe\u00f3n Portugal MX1 2023\",\"datePublished\":\"2023-05-29T15:30:30+00:00\",\"dateModified\":\"2023-05-29T15:40:04+00:00\",\"mainEntityOfPage\":{\"@id\":\"http:\\\/\\\/www.mtr-2.com\\\/paulo-alberto-campeon-portugal-mx1-2023\"},\"wordCount\":120,\"commentCount\":0,\"publisher\":{\"@id\":\"http:\\\/\\\/www.mtr-2.com\\\/en\\\/#organization\"},\"image\":{\"@id\":\"http:\\\/\\\/www.mtr-2.com\\\/paulo-alberto-campeon-portugal-mx1-2023#primaryimage\"},\"thumbnailUrl\":\"https:\\\/\\\/i0.wp.com\\\/www.mtr-2.com\\\/wp-content\\\/uploads\\\/2023\\\/05\\\/PAULO-ALBERTO-CAMPEAO-PORTUGAL.jpg?fit=1100%2C733&ssl=1\",\"keywords\":[\"CAMPE\u00c3O ARENACROSS\",\"CAMPE\u00c3O MOTOCROSS\",\"CAMPE\u00c3O paulo alberto\",\"motocross\",\"motocross portugal\",\"PAULO ALBERTO\",\"YAMAHA\"],\"articleSection\":[\"Blog\"],\"inLanguage\":\"en-GB\",\"potentialAction\":[{\"@type\":\"CommentAction\",\"name\":\"Comment\",\"target\":[\"http:\\\/\\\/www.mtr-2.com\\\/paulo-alberto-campeon-portugal-mx1-2023#respond\"]}]},{\"@type\":\"WebPage\",\"@id\":\"http:\\\/\\\/www.mtr-2.com\\\/paulo-alberto-campeon-portugal-mx1-2023\",\"url\":\"http:\\\/\\\/www.mtr-2.com\\\/paulo-alberto-campeon-portugal-mx1-2023\",\"name\":\"Paulo Alberto Campe\u00f3n Portugal MX1 2023 - MTR2 Live your style\",\"isPartOf\":{\"@id\":\"http:\\\/\\\/www.mtr-2.com\\\/en\\\/#website\"},\"primaryImageOfPage\":{\"@id\":\"http:\\\/\\\/www.mtr-2.com\\\/paulo-alberto-campeon-portugal-mx1-2023#primaryimage\"},\"image\":{\"@id\":\"http:\\\/\\\/www.mtr-2.com\\\/paulo-alberto-campeon-portugal-mx1-2023#primaryimage\"},\"thumbnailUrl\":\"https:\\\/\\\/i0.wp.com\\\/www.mtr-2.com\\\/wp-content\\\/uploads\\\/2023\\\/05\\\/PAULO-ALBERTO-CAMPEAO-PORTUGAL.jpg?fit=1100%2C733&ssl=1\",\"datePublished\":\"2023-05-29T15:30:30+00:00\",\"dateModified\":\"2023-05-29T15:40:04+00:00\",\"breadcrumb\":{\"@id\":\"http:\\\/\\\/www.mtr-2.com\\\/paulo-alberto-campeon-portugal-mx1-2023#breadcrumb\"},\"inLanguage\":\"en-GB\",\"potentialAction\":[{\"@type\":\"ReadAction\",\"target\":[\"http:\\\/\\\/www.mtr-2.com\\\/paulo-alberto-campeon-portugal-mx1-2023\"]}]},{\"@type\":\"ImageObject\",\"inLanguage\":\"en-GB\",\"@id\":\"http:\\\/\\\/www.mtr-2.com\\\/paulo-alberto-campeon-portugal-mx1-2023#primaryimage\",\"url\":\"https:\\\/\\\/i0.wp.com\\\/www.mtr-2.com\\\/wp-content\\\/uploads\\\/2023\\\/05\\\/PAULO-ALBERTO-CAMPEAO-PORTUGAL.jpg?fit=1100%2C733&ssl=1\",\"contentUrl\":\"https:\\\/\\\/i0.wp.com\\\/www.mtr-2.com\\\/wp-content\\\/uploads\\\/2023\\\/05\\\/PAULO-ALBERTO-CAMPEAO-PORTUGAL.jpg?fit=1100%2C733&ssl=1\",\"width\":1100,\"height\":733},{\"@type\":\"BreadcrumbList\",\"@id\":\"http:\\\/\\\/www.mtr-2.com\\\/paulo-alberto-campeon-portugal-mx1-2023#breadcrumb\",\"itemListElement\":[{\"@type\":\"ListItem\",\"position\":1,\"name\":\"Portada\",\"item\":\"http:\\\/\\\/www.mtr-2.com\\\/en\\\/\"},{\"@type\":\"ListItem\",\"position\":2,\"name\":\"Paulo Alberto Campe\u00f3n Portugal MX1 2023\"}]},{\"@type\":\"WebSite\",\"@id\":\"http:\\\/\\\/www.mtr-2.com\\\/en\\\/#website\",\"url\":\"http:\\\/\\\/www.mtr-2.com\\\/en\\\/\",\"name\":\"MTR2 Live your style\",\"description\":\"Los dise\u00f1os m\u00e1s exclusivos en gafas, guantes, manillares y accesorios para motocross, enduro, downhill mtb, bmx...\",\"publisher\":{\"@id\":\"http:\\\/\\\/www.mtr-2.com\\\/en\\\/#organization\"},\"alternateName\":\"MTR-2 Worldwide | Motocross, enduro, bmx, donwhill mtb, surf - Live Your Style\",\"potentialAction\":[{\"@type\":\"SearchAction\",\"target\":{\"@type\":\"EntryPoint\",\"urlTemplate\":\"http:\\\/\\\/www.mtr-2.com\\\/en\\\/?s={search_term_string}\"},\"query-input\":{\"@type\":\"PropertyValueSpecification\",\"valueRequired\":true,\"valueName\":\"search_term_string\"}}],\"inLanguage\":\"en-GB\"},{\"@type\":\"Organization\",\"@id\":\"http:\\\/\\\/www.mtr-2.com\\\/en\\\/#organization\",\"name\":\"MTR2 Live your style\",\"url\":\"http:\\\/\\\/www.mtr-2.com\\\/en\\\/\",\"logo\":{\"@type\":\"ImageObject\",\"inLanguage\":\"en-GB\",\"@id\":\"http:\\\/\\\/www.mtr-2.com\\\/en\\\/#\\\/schema\\\/logo\\\/image\\\/\",\"url\":\"https:\\\/\\\/i0.wp.com\\\/www.mtr-2.com\\\/wp-content\\\/uploads\\\/2021\\\/06\\\/MTR2-Logo-official.webp?fit=350%2C77&ssl=1\",\"contentUrl\":\"https:\\\/\\\/i0.wp.com\\\/www.mtr-2.com\\\/wp-content\\\/uploads\\\/2021\\\/06\\\/MTR2-Logo-official.webp?fit=350%2C77&ssl=1\",\"width\":350,\"height\":77,\"caption\":\"MTR2 Live your style\"},\"image\":{\"@id\":\"http:\\\/\\\/www.mtr-2.com\\\/en\\\/#\\\/schema\\\/logo\\\/image\\\/\"},\"sameAs\":[\"https:\\\/\\\/www.facebook.com\\\/mtr2worldwide\\\/\",\"https:\\\/\\\/www.instagram.com\\\/mtr2worldwide\\\/\"]},{\"@type\":\"Person\",\"@id\":\"http:\\\/\\\/www.mtr-2.com\\\/en\\\/#\\\/schema\\\/person\\\/706b509b2c5ea707a5e7ad0a3423bbdf\",\"name\":\"MA_gato1987\",\"image\":{\"@type\":\"ImageObject\",\"inLanguage\":\"en-GB\",\"@id\":\"https:\\\/\\\/secure.gravatar.com\\\/avatar\\\/9342e24410d9de9fe4cb78c331c83266224f5c7f926924da715c99992ae87037?s=96&d=mm&r=g\",\"url\":\"https:\\\/\\\/secure.gravatar.com\\\/avatar\\\/9342e24410d9de9fe4cb78c331c83266224f5c7f926924da715c99992ae87037?s=96&d=mm&r=g\",\"contentUrl\":\"https:\\\/\\\/secure.gravatar.com\\\/avatar\\\/9342e24410d9de9fe4cb78c331c83266224f5c7f926924da715c99992ae87037?s=96&d=mm&r=g\",\"caption\":\"MA_gato1987\"},\"sameAs\":[\"http:\\\/\\\/s311126158.mialojamiento.es\"],\"url\":\"https:\\\/\\\/www.mtr-2.com\\\/en\\\/author\\\/ma_gato1987\"}]}<\/script>\n<!-- \/ Yoast SEO plugin. -->","yoast_head_json":{"title":"Paulo Alberto Campe\u00f3n Portugal MX1 2023 - MTR2 Live your style","robots":{"index":"index","follow":"follow","max-snippet":"max-snippet:-1","max-image-preview":"max-image-preview:large","max-video-preview":"max-video-preview:-1"},"canonical":"http:\/\/www.mtr-2.com\/en\/paulo-alberto-campeon-portugal-mx1-2023\/","og_locale":"en_GB","og_type":"article","og_title":"Paulo Alberto Campe\u00f3n Portugal MX1 2023 - MTR2 Live your style","og_description":"A una prueba de terminar el campeonato nacional de Motocross portugu\u00e9s, Paulo Alberto se proclama campe\u00f3n nacional de MX1 2023. En Fern\u00e3o Joanes (Portugal),\u00a0Paulo Alberto fue protagonista del fin de semana, siendo autor del \u201choleshot\u201d, en la primera carrera logrando el segundo puesto. La segunda carrera celebrada bajo una fuerte lluvia,\u00a0Paulo Alberto volvi\u00f3 a tomar [&hellip;]","og_url":"http:\/\/www.mtr-2.com\/en\/paulo-alberto-campeon-portugal-mx1-2023\/","og_site_name":"MTR2 Live your style","article_publisher":"https:\/\/www.facebook.com\/mtr2worldwide\/","article_published_time":"2023-05-29T15:30:30+00:00","article_modified_time":"2023-05-29T15:40:04+00:00","og_image":[{"width":1100,"height":733,"url":"https:\/\/i0.wp.com\/www.mtr-2.com\/wp-content\/uploads\/2023\/05\/PAULO-ALBERTO-CAMPEAO-PORTUGAL.jpg?fit=1100%2C733","type":"image\/jpeg"}],"author":"MA_gato1987","twitter_card":"summary_large_image","twitter_misc":{"Written by":"MA_gato1987","Estimated reading time":"1 minute"},"schema":{"@context":"https:\/\/schema.org","@graph":[{"@type":"Article","@id":"http:\/\/www.mtr-2.com\/paulo-alberto-campeon-portugal-mx1-2023#article","isPartOf":{"@id":"http:\/\/www.mtr-2.com\/paulo-alberto-campeon-portugal-mx1-2023"},"author":{"name":"MA_gato1987","@id":"http:\/\/www.mtr-2.com\/en\/#\/schema\/person\/706b509b2c5ea707a5e7ad0a3423bbdf"},"headline":"Paulo Alberto Campe\u00f3n Portugal MX1 2023","datePublished":"2023-05-29T15:30:30+00:00","dateModified":"2023-05-29T15:40:04+00:00","mainEntityOfPage":{"@id":"http:\/\/www.mtr-2.com\/paulo-alberto-campeon-portugal-mx1-2023"},"wordCount":120,"commentCount":0,"publisher":{"@id":"http:\/\/www.mtr-2.com\/en\/#organization"},"image":{"@id":"http:\/\/www.mtr-2.com\/paulo-alberto-campeon-portugal-mx1-2023#primaryimage"},"thumbnailUrl":"https:\/\/i0.wp.com\/www.mtr-2.com\/wp-content\/uploads\/2023\/05\/PAULO-ALBERTO-CAMPEAO-PORTUGAL.jpg?fit=1100%2C733&ssl=1","keywords":["CAMPE\u00c3O ARENACROSS","CAMPE\u00c3O MOTOCROSS","CAMPE\u00c3O paulo alberto","motocross","motocross portugal","PAULO ALBERTO","YAMAHA"],"articleSection":["Blog"],"inLanguage":"en-GB","potentialAction":[{"@type":"CommentAction","name":"Comment","target":["http:\/\/www.mtr-2.com\/paulo-alberto-campeon-portugal-mx1-2023#respond"]}]},{"@type":"WebPage","@id":"http:\/\/www.mtr-2.com\/paulo-alberto-campeon-portugal-mx1-2023","url":"http:\/\/www.mtr-2.com\/paulo-alberto-campeon-portugal-mx1-2023","name":"Paulo Alberto Campe\u00f3n Portugal MX1 2023 - MTR2 Live your style","isPartOf":{"@id":"http:\/\/www.mtr-2.com\/en\/#website"},"primaryImageOfPage":{"@id":"http:\/\/www.mtr-2.com\/paulo-alberto-campeon-portugal-mx1-2023#primaryimage"},"image":{"@id":"http:\/\/www.mtr-2.com\/paulo-alberto-campeon-portugal-mx1-2023#primaryimage"},"thumbnailUrl":"https:\/\/i0.wp.com\/www.mtr-2.com\/wp-content\/uploads\/2023\/05\/PAULO-ALBERTO-CAMPEAO-PORTUGAL.jpg?fit=1100%2C733&ssl=1","datePublished":"2023-05-29T15:30:30+00:00","dateModified":"2023-05-29T15:40:04+00:00","breadcrumb":{"@id":"http:\/\/www.mtr-2.com\/paulo-alberto-campeon-portugal-mx1-2023#breadcrumb"},"inLanguage":"en-GB","potentialAction":[{"@type":"ReadAction","target":["http:\/\/www.mtr-2.com\/paulo-alberto-campeon-portugal-mx1-2023"]}]},{"@type":"ImageObject","inLanguage":"en-GB","@id":"http:\/\/www.mtr-2.com\/paulo-alberto-campeon-portugal-mx1-2023#primaryimage","url":"https:\/\/i0.wp.com\/www.mtr-2.com\/wp-content\/uploads\/2023\/05\/PAULO-ALBERTO-CAMPEAO-PORTUGAL.jpg?fit=1100%2C733&ssl=1","contentUrl":"https:\/\/i0.wp.com\/www.mtr-2.com\/wp-content\/uploads\/2023\/05\/PAULO-ALBERTO-CAMPEAO-PORTUGAL.jpg?fit=1100%2C733&ssl=1","width":1100,"height":733},{"@type":"BreadcrumbList","@id":"http:\/\/www.mtr-2.com\/paulo-alberto-campeon-portugal-mx1-2023#breadcrumb","itemListElement":[{"@type":"ListItem","position":1,"name":"Portada","item":"http:\/\/www.mtr-2.com\/en\/"},{"@type":"ListItem","position":2,"name":"Paulo Alberto Campe\u00f3n Portugal MX1 2023"}]},{"@type":"WebSite","@id":"http:\/\/www.mtr-2.com\/en\/#website","url":"http:\/\/www.mtr-2.com\/en\/","name":"MTR2 Live your style","description":"Los dise\u00f1os m\u00e1s exclusivos en gafas, guantes, manillares y accesorios para motocross, enduro, downhill mtb, bmx...","publisher":{"@id":"http:\/\/www.mtr-2.com\/en\/#organization"},"alternateName":"MTR-2 Worldwide | Motocross, enduro, bmx, donwhill mtb, surf - Live Your Style","potentialAction":[{"@type":"SearchAction","target":{"@type":"EntryPoint","urlTemplate":"http:\/\/www.mtr-2.com\/en\/?s={search_term_string}"},"query-input":{"@type":"PropertyValueSpecification","valueRequired":true,"valueName":"search_term_string"}}],"inLanguage":"en-GB"},{"@type":"Organization","@id":"http:\/\/www.mtr-2.com\/en\/#organization","name":"MTR2 Live your style","url":"http:\/\/www.mtr-2.com\/en\/","logo":{"@type":"ImageObject","inLanguage":"en-GB","@id":"http:\/\/www.mtr-2.com\/en\/#\/schema\/logo\/image\/","url":"https:\/\/i0.wp.com\/www.mtr-2.com\/wp-content\/uploads\/2021\/06\/MTR2-Logo-official.webp?fit=350%2C77&ssl=1","contentUrl":"https:\/\/i0.wp.com\/www.mtr-2.com\/wp-content\/uploads\/2021\/06\/MTR2-Logo-official.webp?fit=350%2C77&ssl=1","width":350,"height":77,"caption":"MTR2 Live your style"},"image":{"@id":"http:\/\/www.mtr-2.com\/en\/#\/schema\/logo\/image\/"},"sameAs":["https:\/\/www.facebook.com\/mtr2worldwide\/","https:\/\/www.instagram.com\/mtr2worldwide\/"]},{"@type":"Person","@id":"http:\/\/www.mtr-2.com\/en\/#\/schema\/person\/706b509b2c5ea707a5e7ad0a3423bbdf","name":"MA_gato1987","image":{"@type":"ImageObject","inLanguage":"en-GB","@id":"https:\/\/secure.gravatar.com\/avatar\/9342e24410d9de9fe4cb78c331c83266224f5c7f926924da715c99992ae87037?s=96&d=mm&r=g","url":"https:\/\/secure.gravatar.com\/avatar\/9342e24410d9de9fe4cb78c331c83266224f5c7f926924da715c99992ae87037?s=96&d=mm&r=g","contentUrl":"https:\/\/secure.gravatar.com\/avatar\/9342e24410d9de9fe4cb78c331c83266224f5c7f926924da715c99992ae87037?s=96&d=mm&r=g","caption":"MA_gato1987"},"sameAs":["http:\/\/s311126158.mialojamiento.es"],"url":"https:\/\/www.mtr-2.com\/en\/author\/ma_gato1987"}]}},"jetpack_featured_media_url":"https:\/\/i0.wp.com\/www.mtr-2.com\/wp-content\/uploads\/2023\/05\/PAULO-ALBERTO-CAMPEAO-PORTUGAL.jpg?fit=1100%2C733&ssl=1","jetpack_sharing_enabled":true,"_links":{"self":[{"href":"https:\/\/www.mtr-2.com\/en\/wp-json\/wp\/v2\/posts\/7991","targetHints":{"allow":["GET"]}}],"collection":[{"href":"https:\/\/www.mtr-2.com\/en\/wp-json\/wp\/v2\/posts"}],"about":[{"href":"https:\/\/www.mtr-2.com\/en\/wp-json\/wp\/v2\/types\/post"}],"author":[{"embeddable":true,"href":"https:\/\/www.mtr-2.com\/en\/wp-json\/wp\/v2\/users\/1"}],"replies":[{"embeddable":true,"href":"https:\/\/www.mtr-2.com\/en\/wp-json\/wp\/v2\/comments?post=7991"}],"version-history":[{"count":4,"href":"https:\/\/www.mtr-2.com\/en\/wp-json\/wp\/v2\/posts\/7991\/revisions"}],"predecessor-version":[{"id":7996,"href":"https:\/\/www.mtr-2.com\/en\/wp-json\/wp\/v2\/posts\/7991\/revisions\/7996"}],"wp:featuredmedia":[{"embeddable":true,"href":"https:\/\/www.mtr-2.com\/en\/wp-json\/wp\/v2\/media\/7992"}],"wp:attachment":[{"href":"https:\/\/www.mtr-2.com\/en\/wp-json\/wp\/v2\/media?parent=7991"}],"wp:term":[{"taxonomy":"category","embeddable":true,"href":"https:\/\/www.mtr-2.com\/en\/wp-json\/wp\/v2\/categories?post=7991"},{"taxonomy":"post_tag","embeddable":true,"href":"https:\/\/www.mtr-2.com\/en\/wp-json\/wp\/v2\/tags?post=7991"}],"curies":[{"name":"wp","href":"https:\/\/api.w.org\/{rel}","templated":true}]}}