{"id":8049,"date":"2023-07-03T10:00:24","date_gmt":"2023-07-03T08:00:24","guid":{"rendered":"https:\/\/www.mtr-2.com\/?p=8049"},"modified":"2023-07-05T20:38:32","modified_gmt":"2023-07-05T18:38:32","slug":"campeon-arenacross-brasil-2023-paulo-alberto","status":"publish","type":"post","link":"https:\/\/www.mtr-2.com\/en\/campeon-arenacross-brasil-2023-paulo-alberto","title":{"rendered":"Paulo Alberto Champion Arenacross Brasil 2023"},"content":{"rendered":"<p><a href=\"https:\/\/i0.wp.com\/www.mtr-2.com\/wp-content\/uploads\/2023\/07\/PAULO-ALBERTO-CAMPEAO-ARENACROSS-BRASIL-2023-2.jpg\"><img data-recalc-dims=\"1\" fetchpriority=\"high\" decoding=\"async\" class=\"alignright wp-image-8051\" src=\"https:\/\/i0.wp.com\/www.mtr-2.com\/wp-content\/uploads\/2023\/07\/PAULO-ALBERTO-CAMPEAO-ARENACROSS-BRASIL-2023-2.jpg?resize=422%2C623\" alt=\"\" width=\"422\" height=\"623\" srcset=\"https:\/\/i0.wp.com\/www.mtr-2.com\/wp-content\/uploads\/2023\/07\/PAULO-ALBERTO-CAMPEAO-ARENACROSS-BRASIL-2023-2.jpg?w=606&amp;ssl=1 606w, https:\/\/i0.wp.com\/www.mtr-2.com\/wp-content\/uploads\/2023\/07\/PAULO-ALBERTO-CAMPEAO-ARENACROSS-BRASIL-2023-2.jpg?resize=203%2C300&amp;ssl=1 203w, https:\/\/i0.wp.com\/www.mtr-2.com\/wp-content\/uploads\/2023\/07\/PAULO-ALBERTO-CAMPEAO-ARENACROSS-BRASIL-2023-2.jpg?resize=8%2C12&amp;ssl=1 8w, https:\/\/i0.wp.com\/www.mtr-2.com\/wp-content\/uploads\/2023\/07\/PAULO-ALBERTO-CAMPEAO-ARENACROSS-BRASIL-2023-2.jpg?resize=500%2C738&amp;ssl=1 500w\" sizes=\"(max-width: 422px) 100vw, 422px\" \/><\/a><span style=\"font-size: 16px;\">An epic night closed the 25th anniversary edition of Arenacross, the last\u00a0<\/span><span style=\"font-size: 16px;\">race of <\/span><span style=\"font-size: 16px;\">brazilian arenacross championship\u00a0 <\/span><span style=\"font-size: 16px;\">was held in <\/span><span style=\"font-size: 16px;\">Pavilh\u00e3o do Anhembi, in S\u00e3o Paulo (Brazil). The Portuguese driver Paulo Alberto won the title in the highest PRO category, in front of an audience that saw up close a driving spectacle on a technical and fast circuit.<\/span><\/p>\n<p>The PRO category was attended by invited riders, such as Justin Starling, Tyler Bowers and Tristan Lane, from the United States, as well as Joan Cros, from Spain. The track was designed by the English builders Justin Barclay and Alfie Smith, responsible for the layouts of the main competitions, such as MXGP and WSX.<\/p>\n<p>Paulo Alberto, a Yamaha Brasil Monster Energy rider and official MTR-2 rider, confirmed his superiority over his rivals in the main category, thus achieving his sixth Arenacross championship. The Portuguese won all eight races of the season, got the best in all 1\u00d71 Duels, winning all possible points.<\/p>\n<p>Thanks to Paulo Alberto we added a new international title for MTR-2, which places us among the best.<\/p>\n<p>Congratulations champion.<\/p>","protected":false},"excerpt":{"rendered":"<p>Una noche \u00e9pica cerr\u00f3 la edici\u00f3n 25 aniversario del Arenacross, la \u00faltima\u00a0carrera del campeonato brasile\u00f1o de Arenacross\u00a0 se celebr\u00f3 en Pavilh\u00e3o do Anhembi, en S\u00e3o Paulo (Brasil). El piloto portugu\u00e9s Paulo Alberto conquisto el t\u00edtulo en la categor\u00eda m\u00e1xima PRO, frente a un p\u00fablico que vio de cerca un espect\u00e1culo de conducci\u00f3n en un circuito [&hellip;]<\/p>\n","protected":false},"author":1,"featured_media":8051,"comment_status":"open","ping_status":"open","sticky":false,"template":"","format":"standard","meta":{"_jetpack_memberships_contains_paid_content":false,"footnotes":""},"categories":[52],"tags":[326,245,329,325,243,248,323,244,324,327,328],"class_list":["post-8049","post","type-post","status-publish","format-standard","has-post-thumbnail","hentry","category-blog","tag-arenacross-brasil","tag-campeao-paulo-alberto","tag-monster-energy","tag-motocross-brasil","tag-motocross-portugal","tag-paulo-alberto","tag-paulo-alberto-brasil","tag-paulo-alberto-motocross","tag-paulo-alberto-mx1","tag-yamaha-brasil","tag-yamaha-yz"],"yoast_head":"<!-- This site is optimized with the Yoast SEO plugin v27.5 - https:\/\/yoast.com\/product\/yoast-seo-wordpress\/ -->\n<title>Paulo Alberto Campe\u00f3n Arenacross Brasil 2023 - MTR-2 Worldwide<\/title>\n<meta name=\"robots\" content=\"index, follow, max-snippet:-1, max-image-preview:large, max-video-preview:-1\" \/>\n<link rel=\"canonical\" href=\"https:\/\/www.mtr-2.com\/en\/campeon-arenacross-brasil-2023-paulo-alberto\/\" \/>\n<meta property=\"og:locale\" content=\"en_GB\" \/>\n<meta property=\"og:type\" content=\"article\" \/>\n<meta property=\"og:title\" content=\"Paulo Alberto Campe\u00f3n Arenacross Brasil 2023 - MTR-2 Worldwide\" \/>\n<meta property=\"og:description\" content=\"Una noche \u00e9pica cerr\u00f3 la edici\u00f3n 25 aniversario del Arenacross, la \u00faltima\u00a0carrera del campeonato brasile\u00f1o de Arenacross\u00a0 se celebr\u00f3 en Pavilh\u00e3o do Anhembi, en S\u00e3o Paulo (Brasil). El piloto portugu\u00e9s Paulo Alberto conquisto el t\u00edtulo en la categor\u00eda m\u00e1xima PRO, frente a un p\u00fablico que vio de cerca un espect\u00e1culo de conducci\u00f3n en un circuito [&hellip;]\" \/>\n<meta property=\"og:url\" content=\"https:\/\/www.mtr-2.com\/en\/campeon-arenacross-brasil-2023-paulo-alberto\/\" \/>\n<meta property=\"og:site_name\" content=\"MTR2 Live your style\" \/>\n<meta property=\"article:publisher\" content=\"https:\/\/www.facebook.com\/mtr2worldwide\/\" \/>\n<meta property=\"article:published_time\" content=\"2023-07-03T08:00:24+00:00\" \/>\n<meta property=\"article:modified_time\" content=\"2023-07-05T18:38:32+00:00\" \/>\n<meta property=\"og:image\" content=\"https:\/\/i0.wp.com\/www.mtr-2.com\/wp-content\/uploads\/2023\/07\/PAULO-ALBERTO-CAMPEAO-ARENACROSS-BRASIL-2023-2.jpg?fit=606%2C895&ssl=1\" \/>\n\t<meta property=\"og:image:width\" content=\"606\" \/>\n\t<meta property=\"og:image:height\" content=\"895\" \/>\n\t<meta property=\"og:image:type\" content=\"image\/jpeg\" \/>\n<meta name=\"author\" content=\"MA_gato1987\" \/>\n<meta name=\"twitter:card\" content=\"summary_large_image\" \/>\n<meta name=\"twitter:label1\" content=\"Written by\" \/>\n\t<meta name=\"twitter:data1\" content=\"MA_gato1987\" \/>\n\t<meta name=\"twitter:label2\" content=\"Estimated reading time\" \/>\n\t<meta name=\"twitter:data2\" content=\"2 minutes\" \/>\n<script type=\"application\/ld+json\" class=\"yoast-schema-graph\">{\"@context\":\"https:\\\/\\\/schema.org\",\"@graph\":[{\"@type\":\"Article\",\"@id\":\"https:\\\/\\\/www.mtr-2.com\\\/campeon-arenacross-brasil-2023-paulo-alberto#article\",\"isPartOf\":{\"@id\":\"https:\\\/\\\/www.mtr-2.com\\\/campeon-arenacross-brasil-2023-paulo-alberto\"},\"author\":{\"name\":\"MA_gato1987\",\"@id\":\"https:\\\/\\\/www.mtr-2.com\\\/#\\\/schema\\\/person\\\/706b509b2c5ea707a5e7ad0a3423bbdf\"},\"headline\":\"Paulo Alberto Campe\u00f3n Arenacross Brasil 2023\",\"datePublished\":\"2023-07-03T08:00:24+00:00\",\"dateModified\":\"2023-07-05T18:38:32+00:00\",\"mainEntityOfPage\":{\"@id\":\"https:\\\/\\\/www.mtr-2.com\\\/campeon-arenacross-brasil-2023-paulo-alberto\"},\"wordCount\":207,\"commentCount\":0,\"publisher\":{\"@id\":\"https:\\\/\\\/www.mtr-2.com\\\/#organization\"},\"image\":{\"@id\":\"https:\\\/\\\/www.mtr-2.com\\\/campeon-arenacross-brasil-2023-paulo-alberto#primaryimage\"},\"thumbnailUrl\":\"https:\\\/\\\/i0.wp.com\\\/www.mtr-2.com\\\/wp-content\\\/uploads\\\/2023\\\/07\\\/PAULO-ALBERTO-CAMPEAO-ARENACROSS-BRASIL-2023-2.jpg?fit=606%2C895&ssl=1\",\"keywords\":[\"arenacross brasil\",\"CAMPE\u00c3O paulo alberto\",\"monster energy\",\"motocross brasil\",\"motocross portugal\",\"PAULO ALBERTO\",\"paulo alberto brasil\",\"paulo alberto motocross\",\"paulo alberto mx1\",\"yamaha brasil\",\"yamaha yz\"],\"articleSection\":[\"Blog\"],\"inLanguage\":\"en-GB\",\"potentialAction\":[{\"@type\":\"CommentAction\",\"name\":\"Comment\",\"target\":[\"https:\\\/\\\/www.mtr-2.com\\\/campeon-arenacross-brasil-2023-paulo-alberto#respond\"]}]},{\"@type\":\"WebPage\",\"@id\":\"https:\\\/\\\/www.mtr-2.com\\\/campeon-arenacross-brasil-2023-paulo-alberto\",\"url\":\"https:\\\/\\\/www.mtr-2.com\\\/campeon-arenacross-brasil-2023-paulo-alberto\",\"name\":\"Paulo Alberto Campe\u00f3n Arenacross Brasil 2023 - MTR-2 Worldwide\",\"isPartOf\":{\"@id\":\"https:\\\/\\\/www.mtr-2.com\\\/#website\"},\"primaryImageOfPage\":{\"@id\":\"https:\\\/\\\/www.mtr-2.com\\\/campeon-arenacross-brasil-2023-paulo-alberto#primaryimage\"},\"image\":{\"@id\":\"https:\\\/\\\/www.mtr-2.com\\\/campeon-arenacross-brasil-2023-paulo-alberto#primaryimage\"},\"thumbnailUrl\":\"https:\\\/\\\/i0.wp.com\\\/www.mtr-2.com\\\/wp-content\\\/uploads\\\/2023\\\/07\\\/PAULO-ALBERTO-CAMPEAO-ARENACROSS-BRASIL-2023-2.jpg?fit=606%2C895&ssl=1\",\"datePublished\":\"2023-07-03T08:00:24+00:00\",\"dateModified\":\"2023-07-05T18:38:32+00:00\",\"breadcrumb\":{\"@id\":\"https:\\\/\\\/www.mtr-2.com\\\/campeon-arenacross-brasil-2023-paulo-alberto#breadcrumb\"},\"inLanguage\":\"en-GB\",\"potentialAction\":[{\"@type\":\"ReadAction\",\"target\":[\"https:\\\/\\\/www.mtr-2.com\\\/campeon-arenacross-brasil-2023-paulo-alberto\"]}]},{\"@type\":\"ImageObject\",\"inLanguage\":\"en-GB\",\"@id\":\"https:\\\/\\\/www.mtr-2.com\\\/campeon-arenacross-brasil-2023-paulo-alberto#primaryimage\",\"url\":\"https:\\\/\\\/i0.wp.com\\\/www.mtr-2.com\\\/wp-content\\\/uploads\\\/2023\\\/07\\\/PAULO-ALBERTO-CAMPEAO-ARENACROSS-BRASIL-2023-2.jpg?fit=606%2C895&ssl=1\",\"contentUrl\":\"https:\\\/\\\/i0.wp.com\\\/www.mtr-2.com\\\/wp-content\\\/uploads\\\/2023\\\/07\\\/PAULO-ALBERTO-CAMPEAO-ARENACROSS-BRASIL-2023-2.jpg?fit=606%2C895&ssl=1\",\"width\":606,\"height\":895},{\"@type\":\"BreadcrumbList\",\"@id\":\"https:\\\/\\\/www.mtr-2.com\\\/campeon-arenacross-brasil-2023-paulo-alberto#breadcrumb\",\"itemListElement\":[{\"@type\":\"ListItem\",\"position\":1,\"name\":\"Portada\",\"item\":\"https:\\\/\\\/www.mtr-2.com\\\/\"},{\"@type\":\"ListItem\",\"position\":2,\"name\":\"Paulo Alberto Campe\u00f3n Arenacross Brasil 2023\"}]},{\"@type\":\"WebSite\",\"@id\":\"https:\\\/\\\/www.mtr-2.com\\\/#website\",\"url\":\"https:\\\/\\\/www.mtr-2.com\\\/\",\"name\":\"MTR2 Live your style\",\"description\":\"Los dise\u00f1os m\u00e1s exclusivos en gafas, guantes, manillares y accesorios para motocross, enduro, downhill mtb, bmx...\",\"publisher\":{\"@id\":\"https:\\\/\\\/www.mtr-2.com\\\/#organization\"},\"alternateName\":\"MTR-2 Worldwide | Motocross, enduro, bmx, donwhill mtb, surf - Live Your Style\",\"potentialAction\":[{\"@type\":\"SearchAction\",\"target\":{\"@type\":\"EntryPoint\",\"urlTemplate\":\"https:\\\/\\\/www.mtr-2.com\\\/?s={search_term_string}\"},\"query-input\":{\"@type\":\"PropertyValueSpecification\",\"valueRequired\":true,\"valueName\":\"search_term_string\"}}],\"inLanguage\":\"en-GB\"},{\"@type\":\"Organization\",\"@id\":\"https:\\\/\\\/www.mtr-2.com\\\/#organization\",\"name\":\"MTR2 Live your style\",\"url\":\"https:\\\/\\\/www.mtr-2.com\\\/\",\"logo\":{\"@type\":\"ImageObject\",\"inLanguage\":\"en-GB\",\"@id\":\"https:\\\/\\\/www.mtr-2.com\\\/#\\\/schema\\\/logo\\\/image\\\/\",\"url\":\"https:\\\/\\\/i0.wp.com\\\/www.mtr-2.com\\\/wp-content\\\/uploads\\\/2021\\\/06\\\/MTR2-Logo-official.webp?fit=350%2C77&ssl=1\",\"contentUrl\":\"https:\\\/\\\/i0.wp.com\\\/www.mtr-2.com\\\/wp-content\\\/uploads\\\/2021\\\/06\\\/MTR2-Logo-official.webp?fit=350%2C77&ssl=1\",\"width\":350,\"height\":77,\"caption\":\"MTR2 Live your style\"},\"image\":{\"@id\":\"https:\\\/\\\/www.mtr-2.com\\\/#\\\/schema\\\/logo\\\/image\\\/\"},\"sameAs\":[\"https:\\\/\\\/www.facebook.com\\\/mtr2worldwide\\\/\",\"https:\\\/\\\/www.instagram.com\\\/mtr2worldwide\\\/\"]},{\"@type\":\"Person\",\"@id\":\"https:\\\/\\\/www.mtr-2.com\\\/#\\\/schema\\\/person\\\/706b509b2c5ea707a5e7ad0a3423bbdf\",\"name\":\"MA_gato1987\",\"image\":{\"@type\":\"ImageObject\",\"inLanguage\":\"en-GB\",\"@id\":\"https:\\\/\\\/secure.gravatar.com\\\/avatar\\\/9342e24410d9de9fe4cb78c331c83266224f5c7f926924da715c99992ae87037?s=96&d=mm&r=g\",\"url\":\"https:\\\/\\\/secure.gravatar.com\\\/avatar\\\/9342e24410d9de9fe4cb78c331c83266224f5c7f926924da715c99992ae87037?s=96&d=mm&r=g\",\"contentUrl\":\"https:\\\/\\\/secure.gravatar.com\\\/avatar\\\/9342e24410d9de9fe4cb78c331c83266224f5c7f926924da715c99992ae87037?s=96&d=mm&r=g\",\"caption\":\"MA_gato1987\"},\"sameAs\":[\"http:\\\/\\\/s311126158.mialojamiento.es\"],\"url\":\"https:\\\/\\\/www.mtr-2.com\\\/en\\\/author\\\/ma_gato1987\"}]}<\/script>\n<!-- \/ Yoast SEO plugin. -->","yoast_head_json":{"title":"Paulo Alberto Campe\u00f3n Arenacross Brasil 2023 - MTR-2 Worldwide","robots":{"index":"index","follow":"follow","max-snippet":"max-snippet:-1","max-image-preview":"max-image-preview:large","max-video-preview":"max-video-preview:-1"},"canonical":"https:\/\/www.mtr-2.com\/en\/campeon-arenacross-brasil-2023-paulo-alberto\/","og_locale":"en_GB","og_type":"article","og_title":"Paulo Alberto Campe\u00f3n Arenacross Brasil 2023 - MTR-2 Worldwide","og_description":"Una noche \u00e9pica cerr\u00f3 la edici\u00f3n 25 aniversario del Arenacross, la \u00faltima\u00a0carrera del campeonato brasile\u00f1o de Arenacross\u00a0 se celebr\u00f3 en Pavilh\u00e3o do Anhembi, en S\u00e3o Paulo (Brasil). El piloto portugu\u00e9s Paulo Alberto conquisto el t\u00edtulo en la categor\u00eda m\u00e1xima PRO, frente a un p\u00fablico que vio de cerca un espect\u00e1culo de conducci\u00f3n en un circuito [&hellip;]","og_url":"https:\/\/www.mtr-2.com\/en\/campeon-arenacross-brasil-2023-paulo-alberto\/","og_site_name":"MTR2 Live your style","article_publisher":"https:\/\/www.facebook.com\/mtr2worldwide\/","article_published_time":"2023-07-03T08:00:24+00:00","article_modified_time":"2023-07-05T18:38:32+00:00","og_image":[{"width":606,"height":895,"url":"https:\/\/i0.wp.com\/www.mtr-2.com\/wp-content\/uploads\/2023\/07\/PAULO-ALBERTO-CAMPEAO-ARENACROSS-BRASIL-2023-2.jpg?fit=606%2C895&ssl=1","type":"image\/jpeg"}],"author":"MA_gato1987","twitter_card":"summary_large_image","twitter_misc":{"Written by":"MA_gato1987","Estimated reading time":"2 minutes"},"schema":{"@context":"https:\/\/schema.org","@graph":[{"@type":"Article","@id":"https:\/\/www.mtr-2.com\/campeon-arenacross-brasil-2023-paulo-alberto#article","isPartOf":{"@id":"https:\/\/www.mtr-2.com\/campeon-arenacross-brasil-2023-paulo-alberto"},"author":{"name":"MA_gato1987","@id":"https:\/\/www.mtr-2.com\/#\/schema\/person\/706b509b2c5ea707a5e7ad0a3423bbdf"},"headline":"Paulo Alberto Campe\u00f3n Arenacross Brasil 2023","datePublished":"2023-07-03T08:00:24+00:00","dateModified":"2023-07-05T18:38:32+00:00","mainEntityOfPage":{"@id":"https:\/\/www.mtr-2.com\/campeon-arenacross-brasil-2023-paulo-alberto"},"wordCount":207,"commentCount":0,"publisher":{"@id":"https:\/\/www.mtr-2.com\/#organization"},"image":{"@id":"https:\/\/www.mtr-2.com\/campeon-arenacross-brasil-2023-paulo-alberto#primaryimage"},"thumbnailUrl":"https:\/\/i0.wp.com\/www.mtr-2.com\/wp-content\/uploads\/2023\/07\/PAULO-ALBERTO-CAMPEAO-ARENACROSS-BRASIL-2023-2.jpg?fit=606%2C895&ssl=1","keywords":["arenacross brasil","CAMPE\u00c3O paulo alberto","monster energy","motocross brasil","motocross portugal","PAULO ALBERTO","paulo alberto brasil","paulo alberto motocross","paulo alberto mx1","yamaha brasil","yamaha yz"],"articleSection":["Blog"],"inLanguage":"en-GB","potentialAction":[{"@type":"CommentAction","name":"Comment","target":["https:\/\/www.mtr-2.com\/campeon-arenacross-brasil-2023-paulo-alberto#respond"]}]},{"@type":"WebPage","@id":"https:\/\/www.mtr-2.com\/campeon-arenacross-brasil-2023-paulo-alberto","url":"https:\/\/www.mtr-2.com\/campeon-arenacross-brasil-2023-paulo-alberto","name":"Paulo Alberto Campe\u00f3n Arenacross Brasil 2023 - MTR-2 Worldwide","isPartOf":{"@id":"https:\/\/www.mtr-2.com\/#website"},"primaryImageOfPage":{"@id":"https:\/\/www.mtr-2.com\/campeon-arenacross-brasil-2023-paulo-alberto#primaryimage"},"image":{"@id":"https:\/\/www.mtr-2.com\/campeon-arenacross-brasil-2023-paulo-alberto#primaryimage"},"thumbnailUrl":"https:\/\/i0.wp.com\/www.mtr-2.com\/wp-content\/uploads\/2023\/07\/PAULO-ALBERTO-CAMPEAO-ARENACROSS-BRASIL-2023-2.jpg?fit=606%2C895&ssl=1","datePublished":"2023-07-03T08:00:24+00:00","dateModified":"2023-07-05T18:38:32+00:00","breadcrumb":{"@id":"https:\/\/www.mtr-2.com\/campeon-arenacross-brasil-2023-paulo-alberto#breadcrumb"},"inLanguage":"en-GB","potentialAction":[{"@type":"ReadAction","target":["https:\/\/www.mtr-2.com\/campeon-arenacross-brasil-2023-paulo-alberto"]}]},{"@type":"ImageObject","inLanguage":"en-GB","@id":"https:\/\/www.mtr-2.com\/campeon-arenacross-brasil-2023-paulo-alberto#primaryimage","url":"https:\/\/i0.wp.com\/www.mtr-2.com\/wp-content\/uploads\/2023\/07\/PAULO-ALBERTO-CAMPEAO-ARENACROSS-BRASIL-2023-2.jpg?fit=606%2C895&ssl=1","contentUrl":"https:\/\/i0.wp.com\/www.mtr-2.com\/wp-content\/uploads\/2023\/07\/PAULO-ALBERTO-CAMPEAO-ARENACROSS-BRASIL-2023-2.jpg?fit=606%2C895&ssl=1","width":606,"height":895},{"@type":"BreadcrumbList","@id":"https:\/\/www.mtr-2.com\/campeon-arenacross-brasil-2023-paulo-alberto#breadcrumb","itemListElement":[{"@type":"ListItem","position":1,"name":"Portada","item":"https:\/\/www.mtr-2.com\/"},{"@type":"ListItem","position":2,"name":"Paulo Alberto Campe\u00f3n Arenacross Brasil 2023"}]},{"@type":"WebSite","@id":"https:\/\/www.mtr-2.com\/#website","url":"https:\/\/www.mtr-2.com\/","name":"MTR2 Live your style","description":"Los dise\u00f1os m\u00e1s exclusivos en gafas, guantes, manillares y accesorios para motocross, enduro, downhill mtb, bmx...","publisher":{"@id":"https:\/\/www.mtr-2.com\/#organization"},"alternateName":"MTR-2 Worldwide | Motocross, enduro, bmx, donwhill mtb, surf - Live Your Style","potentialAction":[{"@type":"SearchAction","target":{"@type":"EntryPoint","urlTemplate":"https:\/\/www.mtr-2.com\/?s={search_term_string}"},"query-input":{"@type":"PropertyValueSpecification","valueRequired":true,"valueName":"search_term_string"}}],"inLanguage":"en-GB"},{"@type":"Organization","@id":"https:\/\/www.mtr-2.com\/#organization","name":"MTR2 Live your style","url":"https:\/\/www.mtr-2.com\/","logo":{"@type":"ImageObject","inLanguage":"en-GB","@id":"https:\/\/www.mtr-2.com\/#\/schema\/logo\/image\/","url":"https:\/\/i0.wp.com\/www.mtr-2.com\/wp-content\/uploads\/2021\/06\/MTR2-Logo-official.webp?fit=350%2C77&ssl=1","contentUrl":"https:\/\/i0.wp.com\/www.mtr-2.com\/wp-content\/uploads\/2021\/06\/MTR2-Logo-official.webp?fit=350%2C77&ssl=1","width":350,"height":77,"caption":"MTR2 Live your style"},"image":{"@id":"https:\/\/www.mtr-2.com\/#\/schema\/logo\/image\/"},"sameAs":["https:\/\/www.facebook.com\/mtr2worldwide\/","https:\/\/www.instagram.com\/mtr2worldwide\/"]},{"@type":"Person","@id":"https:\/\/www.mtr-2.com\/#\/schema\/person\/706b509b2c5ea707a5e7ad0a3423bbdf","name":"MA_gato1987","image":{"@type":"ImageObject","inLanguage":"en-GB","@id":"https:\/\/secure.gravatar.com\/avatar\/9342e24410d9de9fe4cb78c331c83266224f5c7f926924da715c99992ae87037?s=96&d=mm&r=g","url":"https:\/\/secure.gravatar.com\/avatar\/9342e24410d9de9fe4cb78c331c83266224f5c7f926924da715c99992ae87037?s=96&d=mm&r=g","contentUrl":"https:\/\/secure.gravatar.com\/avatar\/9342e24410d9de9fe4cb78c331c83266224f5c7f926924da715c99992ae87037?s=96&d=mm&r=g","caption":"MA_gato1987"},"sameAs":["http:\/\/s311126158.mialojamiento.es"],"url":"https:\/\/www.mtr-2.com\/en\/author\/ma_gato1987"}]}},"jetpack_featured_media_url":"https:\/\/i0.wp.com\/www.mtr-2.com\/wp-content\/uploads\/2023\/07\/PAULO-ALBERTO-CAMPEAO-ARENACROSS-BRASIL-2023-2.jpg?fit=606%2C895&ssl=1","jetpack_sharing_enabled":true,"_links":{"self":[{"href":"https:\/\/www.mtr-2.com\/en\/wp-json\/wp\/v2\/posts\/8049","targetHints":{"allow":["GET"]}}],"collection":[{"href":"https:\/\/www.mtr-2.com\/en\/wp-json\/wp\/v2\/posts"}],"about":[{"href":"https:\/\/www.mtr-2.com\/en\/wp-json\/wp\/v2\/types\/post"}],"author":[{"embeddable":true,"href":"https:\/\/www.mtr-2.com\/en\/wp-json\/wp\/v2\/users\/1"}],"replies":[{"embeddable":true,"href":"https:\/\/www.mtr-2.com\/en\/wp-json\/wp\/v2\/comments?post=8049"}],"version-history":[{"count":6,"href":"https:\/\/www.mtr-2.com\/en\/wp-json\/wp\/v2\/posts\/8049\/revisions"}],"predecessor-version":[{"id":8057,"href":"https:\/\/www.mtr-2.com\/en\/wp-json\/wp\/v2\/posts\/8049\/revisions\/8057"}],"wp:featuredmedia":[{"embeddable":true,"href":"https:\/\/www.mtr-2.com\/en\/wp-json\/wp\/v2\/media\/8051"}],"wp:attachment":[{"href":"https:\/\/www.mtr-2.com\/en\/wp-json\/wp\/v2\/media?parent=8049"}],"wp:term":[{"taxonomy":"category","embeddable":true,"href":"https:\/\/www.mtr-2.com\/en\/wp-json\/wp\/v2\/categories?post=8049"},{"taxonomy":"post_tag","embeddable":true,"href":"https:\/\/www.mtr-2.com\/en\/wp-json\/wp\/v2\/tags?post=8049"}],"curies":[{"name":"wp","href":"https:\/\/api.w.org\/{rel}","templated":true}]}}