{"id":8406,"date":"2023-10-02T12:00:58","date_gmt":"2023-10-02T10:00:58","guid":{"rendered":"https:\/\/www.mtr-2.com\/?p=8406"},"modified":"2023-11-06T13:47:07","modified_gmt":"2023-11-06T12:47:07","slug":"subcampeon-mx1-brasil-para-paulo-alberto","status":"publish","type":"post","link":"https:\/\/www.mtr-2.com\/en\/subcampeon-mx1-brasil-para-paulo-alberto","title":{"rendered":"Paulo Alberto 2nd MX1 Brazil"},"content":{"rendered":"<p><img data-recalc-dims=\"1\" fetchpriority=\"high\" decoding=\"async\" class=\"aligncenter wp-image-8407 size-large\" src=\"https:\/\/i0.wp.com\/www.mtr-2.com\/wp-content\/uploads\/2023\/11\/PAULO_ALBERTO_CHAMPION-BRASIL-MX1.jpg?resize=800%2C541\" alt=\"\" width=\"800\" height=\"541\" srcset=\"https:\/\/i0.wp.com\/www.mtr-2.com\/wp-content\/uploads\/2023\/11\/PAULO_ALBERTO_CHAMPION-BRASIL-MX1.jpg?resize=1024%2C693&amp;ssl=1 1024w, https:\/\/i0.wp.com\/www.mtr-2.com\/wp-content\/uploads\/2023\/11\/PAULO_ALBERTO_CHAMPION-BRASIL-MX1.jpg?resize=300%2C203&amp;ssl=1 300w, https:\/\/i0.wp.com\/www.mtr-2.com\/wp-content\/uploads\/2023\/11\/PAULO_ALBERTO_CHAMPION-BRASIL-MX1.jpg?resize=768%2C520&amp;ssl=1 768w, https:\/\/i0.wp.com\/www.mtr-2.com\/wp-content\/uploads\/2023\/11\/PAULO_ALBERTO_CHAMPION-BRASIL-MX1.jpg?resize=18%2C12&amp;ssl=1 18w, https:\/\/i0.wp.com\/www.mtr-2.com\/wp-content\/uploads\/2023\/11\/PAULO_ALBERTO_CHAMPION-BRASIL-MX1.jpg?resize=500%2C338&amp;ssl=1 500w, https:\/\/i0.wp.com\/www.mtr-2.com\/wp-content\/uploads\/2023\/11\/PAULO_ALBERTO_CHAMPION-BRASIL-MX1.jpg?w=1442&amp;ssl=1 1442w\" sizes=\"(max-width: 800px) 100vw, 800px\" \/><\/p>\n<p>The last stage of the Brazilian Motocross Championship took place in Canelinha, (Santa Catarina, Brazil).<\/p>\n<p>Paulo Alberto came into this race with a mathematical chance of fighting for the MX1 title but, in the first race, the championship was handed over to his teammate, F\u00e1bio Santos. A crash on the first lap of the second moto relegated him to 17th place and the Yamaha rider had to do a recovery run. At the end of the championship, Portuguese placed 2nd in Brazilian MX1.<\/p>\n<p>This result adds up to a great year for Paulo, who almost won all the titles in the championships where he has participated.<\/p>","protected":false},"excerpt":{"rendered":"<p>La \u00faltima etapa del\u00a0campeonato brasile\u00f1o de Motocross\u00a0se desarroll\u00f3 en\u00a0Canelinha\u00a0, (Santa Catarina, Brasil). Paulo Alberto\u00a0lleg\u00f3 a esta carrera con\u00a0posibilidades matem\u00e1ticas de luchar por el t\u00edtulo de MX1\u00a0pero, en la primera manga, el campeonato fue entregado a su compa\u00f1ero de equipo, F\u00e1bio Santos.\u00a0Una\u00a0ca\u00edda en la primera vuelta de la segunda manga lo releg\u00f3 al puesto 17\u00a0y el [&hellip;]<\/p>\n","protected":false},"author":1,"featured_media":8407,"comment_status":"open","ping_status":"open","sticky":false,"template":"","format":"standard","meta":{"_jetpack_memberships_contains_paid_content":false,"footnotes":""},"categories":[52],"tags":[386,247,387,246,245,388,390,325,243,221,248,327,389],"class_list":["post-8406","post","type-post","status-publish","format-standard","has-post-thumbnail","hentry","category-blog","tag-campao-brasil-mx","tag-campeao-arenacross","tag-campeao-brasil-motocross","tag-campeao-motocross","tag-campeao-paulo-alberto","tag-campeao-portugal-motocross","tag-ktm-portugal","tag-motocross-brasil","tag-motocross-portugal","tag-mxgp","tag-paulo-alberto","tag-yamaha-brasil","tag-yamaha-portugal"],"yoast_head":"<!-- This site is optimized with the Yoast SEO plugin v27.5 - https:\/\/yoast.com\/product\/yoast-seo-wordpress\/ -->\n<title>Paulo Alberto Subcampe\u00f3n MX1 Brasil - MTR2 Live your style<\/title>\n<meta name=\"robots\" content=\"index, follow, max-snippet:-1, max-image-preview:large, max-video-preview:-1\" \/>\n<link rel=\"canonical\" href=\"https:\/\/www.mtr-2.com\/en\/subcampeon-mx1-brasil-para-paulo-alberto\/\" \/>\n<meta property=\"og:locale\" content=\"en_GB\" \/>\n<meta property=\"og:type\" content=\"article\" \/>\n<meta property=\"og:title\" content=\"Paulo Alberto Subcampe\u00f3n MX1 Brasil - MTR2 Live your style\" \/>\n<meta property=\"og:description\" content=\"La \u00faltima etapa del\u00a0campeonato brasile\u00f1o de Motocross\u00a0se desarroll\u00f3 en\u00a0Canelinha\u00a0, (Santa Catarina, Brasil). Paulo Alberto\u00a0lleg\u00f3 a esta carrera con\u00a0posibilidades matem\u00e1ticas de luchar por el t\u00edtulo de MX1\u00a0pero, en la primera manga, el campeonato fue entregado a su compa\u00f1ero de equipo, F\u00e1bio Santos.\u00a0Una\u00a0ca\u00edda en la primera vuelta de la segunda manga lo releg\u00f3 al puesto 17\u00a0y el [&hellip;]\" \/>\n<meta property=\"og:url\" content=\"https:\/\/www.mtr-2.com\/en\/subcampeon-mx1-brasil-para-paulo-alberto\/\" \/>\n<meta property=\"og:site_name\" content=\"MTR2 Live your style\" \/>\n<meta property=\"article:publisher\" content=\"https:\/\/www.facebook.com\/mtr2worldwide\/\" \/>\n<meta property=\"article:published_time\" content=\"2023-10-02T10:00:58+00:00\" \/>\n<meta property=\"article:modified_time\" content=\"2023-11-06T12:47:07+00:00\" \/>\n<meta property=\"og:image\" content=\"https:\/\/i0.wp.com\/www.mtr-2.com\/wp-content\/uploads\/2023\/11\/PAULO_ALBERTO_CHAMPION-BRASIL-MX1.jpg?fit=1442%2C976&ssl=1\" \/>\n\t<meta property=\"og:image:width\" content=\"1442\" \/>\n\t<meta property=\"og:image:height\" content=\"976\" \/>\n\t<meta property=\"og:image:type\" content=\"image\/jpeg\" \/>\n<meta name=\"author\" content=\"MA_gato1987\" \/>\n<meta name=\"twitter:card\" content=\"summary_large_image\" \/>\n<meta name=\"twitter:label1\" content=\"Written by\" \/>\n\t<meta name=\"twitter:data1\" content=\"MA_gato1987\" \/>\n\t<meta name=\"twitter:label2\" content=\"Estimated reading time\" \/>\n\t<meta name=\"twitter:data2\" content=\"1 minute\" \/>\n<script type=\"application\/ld+json\" class=\"yoast-schema-graph\">{\"@context\":\"https:\\\/\\\/schema.org\",\"@graph\":[{\"@type\":\"Article\",\"@id\":\"https:\\\/\\\/www.mtr-2.com\\\/subcampeon-mx1-brasil-para-paulo-alberto#article\",\"isPartOf\":{\"@id\":\"https:\\\/\\\/www.mtr-2.com\\\/subcampeon-mx1-brasil-para-paulo-alberto\"},\"author\":{\"name\":\"MA_gato1987\",\"@id\":\"https:\\\/\\\/www.mtr-2.com\\\/#\\\/schema\\\/person\\\/706b509b2c5ea707a5e7ad0a3423bbdf\"},\"headline\":\"Paulo Alberto Subcampe\u00f3n MX1 Brasil\",\"datePublished\":\"2023-10-02T10:00:58+00:00\",\"dateModified\":\"2023-11-06T12:47:07+00:00\",\"mainEntityOfPage\":{\"@id\":\"https:\\\/\\\/www.mtr-2.com\\\/subcampeon-mx1-brasil-para-paulo-alberto\"},\"wordCount\":124,\"commentCount\":0,\"publisher\":{\"@id\":\"https:\\\/\\\/www.mtr-2.com\\\/#organization\"},\"image\":{\"@id\":\"https:\\\/\\\/www.mtr-2.com\\\/subcampeon-mx1-brasil-para-paulo-alberto#primaryimage\"},\"thumbnailUrl\":\"https:\\\/\\\/i0.wp.com\\\/www.mtr-2.com\\\/wp-content\\\/uploads\\\/2023\\\/11\\\/PAULO_ALBERTO_CHAMPION-BRASIL-MX1.jpg?fit=1442%2C976&ssl=1\",\"keywords\":[\"CAMPAO BRASIL MX\",\"CAMPE\u00c3O ARENACROSS\",\"CAMPEAO BRASIL MOTOCROSS\",\"CAMPE\u00c3O MOTOCROSS\",\"CAMPE\u00c3O paulo alberto\",\"CAMPEAO PORTUGAL MOTOCROSS\",\"ktm portugal\",\"motocross brasil\",\"motocross portugal\",\"mxgp\",\"PAULO ALBERTO\",\"yamaha brasil\",\"yamaha portugal\"],\"articleSection\":[\"Blog\"],\"inLanguage\":\"en-GB\",\"potentialAction\":[{\"@type\":\"CommentAction\",\"name\":\"Comment\",\"target\":[\"https:\\\/\\\/www.mtr-2.com\\\/subcampeon-mx1-brasil-para-paulo-alberto#respond\"]}]},{\"@type\":\"WebPage\",\"@id\":\"https:\\\/\\\/www.mtr-2.com\\\/subcampeon-mx1-brasil-para-paulo-alberto\",\"url\":\"https:\\\/\\\/www.mtr-2.com\\\/subcampeon-mx1-brasil-para-paulo-alberto\",\"name\":\"Paulo Alberto Subcampe\u00f3n MX1 Brasil - MTR2 Live your style\",\"isPartOf\":{\"@id\":\"https:\\\/\\\/www.mtr-2.com\\\/#website\"},\"primaryImageOfPage\":{\"@id\":\"https:\\\/\\\/www.mtr-2.com\\\/subcampeon-mx1-brasil-para-paulo-alberto#primaryimage\"},\"image\":{\"@id\":\"https:\\\/\\\/www.mtr-2.com\\\/subcampeon-mx1-brasil-para-paulo-alberto#primaryimage\"},\"thumbnailUrl\":\"https:\\\/\\\/i0.wp.com\\\/www.mtr-2.com\\\/wp-content\\\/uploads\\\/2023\\\/11\\\/PAULO_ALBERTO_CHAMPION-BRASIL-MX1.jpg?fit=1442%2C976&ssl=1\",\"datePublished\":\"2023-10-02T10:00:58+00:00\",\"dateModified\":\"2023-11-06T12:47:07+00:00\",\"breadcrumb\":{\"@id\":\"https:\\\/\\\/www.mtr-2.com\\\/subcampeon-mx1-brasil-para-paulo-alberto#breadcrumb\"},\"inLanguage\":\"en-GB\",\"potentialAction\":[{\"@type\":\"ReadAction\",\"target\":[\"https:\\\/\\\/www.mtr-2.com\\\/subcampeon-mx1-brasil-para-paulo-alberto\"]}]},{\"@type\":\"ImageObject\",\"inLanguage\":\"en-GB\",\"@id\":\"https:\\\/\\\/www.mtr-2.com\\\/subcampeon-mx1-brasil-para-paulo-alberto#primaryimage\",\"url\":\"https:\\\/\\\/i0.wp.com\\\/www.mtr-2.com\\\/wp-content\\\/uploads\\\/2023\\\/11\\\/PAULO_ALBERTO_CHAMPION-BRASIL-MX1.jpg?fit=1442%2C976&ssl=1\",\"contentUrl\":\"https:\\\/\\\/i0.wp.com\\\/www.mtr-2.com\\\/wp-content\\\/uploads\\\/2023\\\/11\\\/PAULO_ALBERTO_CHAMPION-BRASIL-MX1.jpg?fit=1442%2C976&ssl=1\",\"width\":1442,\"height\":976},{\"@type\":\"BreadcrumbList\",\"@id\":\"https:\\\/\\\/www.mtr-2.com\\\/subcampeon-mx1-brasil-para-paulo-alberto#breadcrumb\",\"itemListElement\":[{\"@type\":\"ListItem\",\"position\":1,\"name\":\"Portada\",\"item\":\"https:\\\/\\\/www.mtr-2.com\\\/\"},{\"@type\":\"ListItem\",\"position\":2,\"name\":\"Paulo Alberto Subcampe\u00f3n MX1 Brasil\"}]},{\"@type\":\"WebSite\",\"@id\":\"https:\\\/\\\/www.mtr-2.com\\\/#website\",\"url\":\"https:\\\/\\\/www.mtr-2.com\\\/\",\"name\":\"MTR2 Live your style\",\"description\":\"Los dise\u00f1os m\u00e1s exclusivos en gafas, guantes, manillares y accesorios para motocross, enduro, downhill mtb, bmx...\",\"publisher\":{\"@id\":\"https:\\\/\\\/www.mtr-2.com\\\/#organization\"},\"alternateName\":\"MTR-2 Worldwide | Motocross, enduro, bmx, donwhill mtb, surf - Live Your Style\",\"potentialAction\":[{\"@type\":\"SearchAction\",\"target\":{\"@type\":\"EntryPoint\",\"urlTemplate\":\"https:\\\/\\\/www.mtr-2.com\\\/?s={search_term_string}\"},\"query-input\":{\"@type\":\"PropertyValueSpecification\",\"valueRequired\":true,\"valueName\":\"search_term_string\"}}],\"inLanguage\":\"en-GB\"},{\"@type\":\"Organization\",\"@id\":\"https:\\\/\\\/www.mtr-2.com\\\/#organization\",\"name\":\"MTR2 Live your style\",\"url\":\"https:\\\/\\\/www.mtr-2.com\\\/\",\"logo\":{\"@type\":\"ImageObject\",\"inLanguage\":\"en-GB\",\"@id\":\"https:\\\/\\\/www.mtr-2.com\\\/#\\\/schema\\\/logo\\\/image\\\/\",\"url\":\"https:\\\/\\\/i0.wp.com\\\/www.mtr-2.com\\\/wp-content\\\/uploads\\\/2021\\\/06\\\/MTR2-Logo-official.webp?fit=350%2C77&ssl=1\",\"contentUrl\":\"https:\\\/\\\/i0.wp.com\\\/www.mtr-2.com\\\/wp-content\\\/uploads\\\/2021\\\/06\\\/MTR2-Logo-official.webp?fit=350%2C77&ssl=1\",\"width\":350,\"height\":77,\"caption\":\"MTR2 Live your style\"},\"image\":{\"@id\":\"https:\\\/\\\/www.mtr-2.com\\\/#\\\/schema\\\/logo\\\/image\\\/\"},\"sameAs\":[\"https:\\\/\\\/www.facebook.com\\\/mtr2worldwide\\\/\",\"https:\\\/\\\/www.instagram.com\\\/mtr2worldwide\\\/\"]},{\"@type\":\"Person\",\"@id\":\"https:\\\/\\\/www.mtr-2.com\\\/#\\\/schema\\\/person\\\/706b509b2c5ea707a5e7ad0a3423bbdf\",\"name\":\"MA_gato1987\",\"image\":{\"@type\":\"ImageObject\",\"inLanguage\":\"en-GB\",\"@id\":\"https:\\\/\\\/secure.gravatar.com\\\/avatar\\\/9342e24410d9de9fe4cb78c331c83266224f5c7f926924da715c99992ae87037?s=96&d=mm&r=g\",\"url\":\"https:\\\/\\\/secure.gravatar.com\\\/avatar\\\/9342e24410d9de9fe4cb78c331c83266224f5c7f926924da715c99992ae87037?s=96&d=mm&r=g\",\"contentUrl\":\"https:\\\/\\\/secure.gravatar.com\\\/avatar\\\/9342e24410d9de9fe4cb78c331c83266224f5c7f926924da715c99992ae87037?s=96&d=mm&r=g\",\"caption\":\"MA_gato1987\"},\"sameAs\":[\"http:\\\/\\\/s311126158.mialojamiento.es\"],\"url\":\"https:\\\/\\\/www.mtr-2.com\\\/en\\\/author\\\/ma_gato1987\"}]}<\/script>\n<!-- \/ Yoast SEO plugin. -->","yoast_head_json":{"title":"Paulo Alberto Subcampe\u00f3n MX1 Brasil - MTR2 Live your style","robots":{"index":"index","follow":"follow","max-snippet":"max-snippet:-1","max-image-preview":"max-image-preview:large","max-video-preview":"max-video-preview:-1"},"canonical":"https:\/\/www.mtr-2.com\/en\/subcampeon-mx1-brasil-para-paulo-alberto\/","og_locale":"en_GB","og_type":"article","og_title":"Paulo Alberto Subcampe\u00f3n MX1 Brasil - MTR2 Live your style","og_description":"La \u00faltima etapa del\u00a0campeonato brasile\u00f1o de Motocross\u00a0se desarroll\u00f3 en\u00a0Canelinha\u00a0, (Santa Catarina, Brasil). Paulo Alberto\u00a0lleg\u00f3 a esta carrera con\u00a0posibilidades matem\u00e1ticas de luchar por el t\u00edtulo de MX1\u00a0pero, en la primera manga, el campeonato fue entregado a su compa\u00f1ero de equipo, F\u00e1bio Santos.\u00a0Una\u00a0ca\u00edda en la primera vuelta de la segunda manga lo releg\u00f3 al puesto 17\u00a0y el [&hellip;]","og_url":"https:\/\/www.mtr-2.com\/en\/subcampeon-mx1-brasil-para-paulo-alberto\/","og_site_name":"MTR2 Live your style","article_publisher":"https:\/\/www.facebook.com\/mtr2worldwide\/","article_published_time":"2023-10-02T10:00:58+00:00","article_modified_time":"2023-11-06T12:47:07+00:00","og_image":[{"width":1442,"height":976,"url":"https:\/\/i0.wp.com\/www.mtr-2.com\/wp-content\/uploads\/2023\/11\/PAULO_ALBERTO_CHAMPION-BRASIL-MX1.jpg?fit=1442%2C976&ssl=1","type":"image\/jpeg"}],"author":"MA_gato1987","twitter_card":"summary_large_image","twitter_misc":{"Written by":"MA_gato1987","Estimated reading time":"1 minute"},"schema":{"@context":"https:\/\/schema.org","@graph":[{"@type":"Article","@id":"https:\/\/www.mtr-2.com\/subcampeon-mx1-brasil-para-paulo-alberto#article","isPartOf":{"@id":"https:\/\/www.mtr-2.com\/subcampeon-mx1-brasil-para-paulo-alberto"},"author":{"name":"MA_gato1987","@id":"https:\/\/www.mtr-2.com\/#\/schema\/person\/706b509b2c5ea707a5e7ad0a3423bbdf"},"headline":"Paulo Alberto Subcampe\u00f3n MX1 Brasil","datePublished":"2023-10-02T10:00:58+00:00","dateModified":"2023-11-06T12:47:07+00:00","mainEntityOfPage":{"@id":"https:\/\/www.mtr-2.com\/subcampeon-mx1-brasil-para-paulo-alberto"},"wordCount":124,"commentCount":0,"publisher":{"@id":"https:\/\/www.mtr-2.com\/#organization"},"image":{"@id":"https:\/\/www.mtr-2.com\/subcampeon-mx1-brasil-para-paulo-alberto#primaryimage"},"thumbnailUrl":"https:\/\/i0.wp.com\/www.mtr-2.com\/wp-content\/uploads\/2023\/11\/PAULO_ALBERTO_CHAMPION-BRASIL-MX1.jpg?fit=1442%2C976&ssl=1","keywords":["CAMPAO BRASIL MX","CAMPE\u00c3O ARENACROSS","CAMPEAO BRASIL MOTOCROSS","CAMPE\u00c3O MOTOCROSS","CAMPE\u00c3O paulo alberto","CAMPEAO PORTUGAL MOTOCROSS","ktm portugal","motocross brasil","motocross portugal","mxgp","PAULO ALBERTO","yamaha brasil","yamaha portugal"],"articleSection":["Blog"],"inLanguage":"en-GB","potentialAction":[{"@type":"CommentAction","name":"Comment","target":["https:\/\/www.mtr-2.com\/subcampeon-mx1-brasil-para-paulo-alberto#respond"]}]},{"@type":"WebPage","@id":"https:\/\/www.mtr-2.com\/subcampeon-mx1-brasil-para-paulo-alberto","url":"https:\/\/www.mtr-2.com\/subcampeon-mx1-brasil-para-paulo-alberto","name":"Paulo Alberto Subcampe\u00f3n MX1 Brasil - MTR2 Live your style","isPartOf":{"@id":"https:\/\/www.mtr-2.com\/#website"},"primaryImageOfPage":{"@id":"https:\/\/www.mtr-2.com\/subcampeon-mx1-brasil-para-paulo-alberto#primaryimage"},"image":{"@id":"https:\/\/www.mtr-2.com\/subcampeon-mx1-brasil-para-paulo-alberto#primaryimage"},"thumbnailUrl":"https:\/\/i0.wp.com\/www.mtr-2.com\/wp-content\/uploads\/2023\/11\/PAULO_ALBERTO_CHAMPION-BRASIL-MX1.jpg?fit=1442%2C976&ssl=1","datePublished":"2023-10-02T10:00:58+00:00","dateModified":"2023-11-06T12:47:07+00:00","breadcrumb":{"@id":"https:\/\/www.mtr-2.com\/subcampeon-mx1-brasil-para-paulo-alberto#breadcrumb"},"inLanguage":"en-GB","potentialAction":[{"@type":"ReadAction","target":["https:\/\/www.mtr-2.com\/subcampeon-mx1-brasil-para-paulo-alberto"]}]},{"@type":"ImageObject","inLanguage":"en-GB","@id":"https:\/\/www.mtr-2.com\/subcampeon-mx1-brasil-para-paulo-alberto#primaryimage","url":"https:\/\/i0.wp.com\/www.mtr-2.com\/wp-content\/uploads\/2023\/11\/PAULO_ALBERTO_CHAMPION-BRASIL-MX1.jpg?fit=1442%2C976&ssl=1","contentUrl":"https:\/\/i0.wp.com\/www.mtr-2.com\/wp-content\/uploads\/2023\/11\/PAULO_ALBERTO_CHAMPION-BRASIL-MX1.jpg?fit=1442%2C976&ssl=1","width":1442,"height":976},{"@type":"BreadcrumbList","@id":"https:\/\/www.mtr-2.com\/subcampeon-mx1-brasil-para-paulo-alberto#breadcrumb","itemListElement":[{"@type":"ListItem","position":1,"name":"Portada","item":"https:\/\/www.mtr-2.com\/"},{"@type":"ListItem","position":2,"name":"Paulo Alberto Subcampe\u00f3n MX1 Brasil"}]},{"@type":"WebSite","@id":"https:\/\/www.mtr-2.com\/#website","url":"https:\/\/www.mtr-2.com\/","name":"MTR2 Live your style","description":"Los dise\u00f1os m\u00e1s exclusivos en gafas, guantes, manillares y accesorios para motocross, enduro, downhill mtb, bmx...","publisher":{"@id":"https:\/\/www.mtr-2.com\/#organization"},"alternateName":"MTR-2 Worldwide | Motocross, enduro, bmx, donwhill mtb, surf - Live Your Style","potentialAction":[{"@type":"SearchAction","target":{"@type":"EntryPoint","urlTemplate":"https:\/\/www.mtr-2.com\/?s={search_term_string}"},"query-input":{"@type":"PropertyValueSpecification","valueRequired":true,"valueName":"search_term_string"}}],"inLanguage":"en-GB"},{"@type":"Organization","@id":"https:\/\/www.mtr-2.com\/#organization","name":"MTR2 Live your style","url":"https:\/\/www.mtr-2.com\/","logo":{"@type":"ImageObject","inLanguage":"en-GB","@id":"https:\/\/www.mtr-2.com\/#\/schema\/logo\/image\/","url":"https:\/\/i0.wp.com\/www.mtr-2.com\/wp-content\/uploads\/2021\/06\/MTR2-Logo-official.webp?fit=350%2C77&ssl=1","contentUrl":"https:\/\/i0.wp.com\/www.mtr-2.com\/wp-content\/uploads\/2021\/06\/MTR2-Logo-official.webp?fit=350%2C77&ssl=1","width":350,"height":77,"caption":"MTR2 Live your style"},"image":{"@id":"https:\/\/www.mtr-2.com\/#\/schema\/logo\/image\/"},"sameAs":["https:\/\/www.facebook.com\/mtr2worldwide\/","https:\/\/www.instagram.com\/mtr2worldwide\/"]},{"@type":"Person","@id":"https:\/\/www.mtr-2.com\/#\/schema\/person\/706b509b2c5ea707a5e7ad0a3423bbdf","name":"MA_gato1987","image":{"@type":"ImageObject","inLanguage":"en-GB","@id":"https:\/\/secure.gravatar.com\/avatar\/9342e24410d9de9fe4cb78c331c83266224f5c7f926924da715c99992ae87037?s=96&d=mm&r=g","url":"https:\/\/secure.gravatar.com\/avatar\/9342e24410d9de9fe4cb78c331c83266224f5c7f926924da715c99992ae87037?s=96&d=mm&r=g","contentUrl":"https:\/\/secure.gravatar.com\/avatar\/9342e24410d9de9fe4cb78c331c83266224f5c7f926924da715c99992ae87037?s=96&d=mm&r=g","caption":"MA_gato1987"},"sameAs":["http:\/\/s311126158.mialojamiento.es"],"url":"https:\/\/www.mtr-2.com\/en\/author\/ma_gato1987"}]}},"jetpack_featured_media_url":"https:\/\/i0.wp.com\/www.mtr-2.com\/wp-content\/uploads\/2023\/11\/PAULO_ALBERTO_CHAMPION-BRASIL-MX1.jpg?fit=1442%2C976&ssl=1","jetpack_sharing_enabled":true,"_links":{"self":[{"href":"https:\/\/www.mtr-2.com\/en\/wp-json\/wp\/v2\/posts\/8406","targetHints":{"allow":["GET"]}}],"collection":[{"href":"https:\/\/www.mtr-2.com\/en\/wp-json\/wp\/v2\/posts"}],"about":[{"href":"https:\/\/www.mtr-2.com\/en\/wp-json\/wp\/v2\/types\/post"}],"author":[{"embeddable":true,"href":"https:\/\/www.mtr-2.com\/en\/wp-json\/wp\/v2\/users\/1"}],"replies":[{"embeddable":true,"href":"https:\/\/www.mtr-2.com\/en\/wp-json\/wp\/v2\/comments?post=8406"}],"version-history":[{"count":4,"href":"https:\/\/www.mtr-2.com\/en\/wp-json\/wp\/v2\/posts\/8406\/revisions"}],"predecessor-version":[{"id":8411,"href":"https:\/\/www.mtr-2.com\/en\/wp-json\/wp\/v2\/posts\/8406\/revisions\/8411"}],"wp:featuredmedia":[{"embeddable":true,"href":"https:\/\/www.mtr-2.com\/en\/wp-json\/wp\/v2\/media\/8407"}],"wp:attachment":[{"href":"https:\/\/www.mtr-2.com\/en\/wp-json\/wp\/v2\/media?parent=8406"}],"wp:term":[{"taxonomy":"category","embeddable":true,"href":"https:\/\/www.mtr-2.com\/en\/wp-json\/wp\/v2\/categories?post=8406"},{"taxonomy":"post_tag","embeddable":true,"href":"https:\/\/www.mtr-2.com\/en\/wp-json\/wp\/v2\/tags?post=8406"}],"curies":[{"name":"wp","href":"https:\/\/api.w.org\/{rel}","templated":true}]}}