{"id":8431,"date":"2023-08-14T18:20:22","date_gmt":"2023-08-14T16:20:22","guid":{"rendered":"https:\/\/www.mtr-2.com\/?p=8431"},"modified":"2023-11-07T18:42:45","modified_gmt":"2023-11-07T17:42:45","slug":"paulo-alberto-campeon-sx-elite-portugal","status":"publish","type":"post","link":"https:\/\/www.mtr-2.com\/en\/paulo-alberto-campeon-sx-elite-portugal","title":{"rendered":"Paulo Alberto SX Elite Champion Portugal"},"content":{"rendered":"<p><img data-recalc-dims=\"1\" fetchpriority=\"high\" decoding=\"async\" class=\"wp-image-8433 size-large aligncenter\" src=\"https:\/\/i0.wp.com\/www.mtr-2.com\/wp-content\/uploads\/2023\/08\/PAULO-ALBERTO-CAMPEAO-PORTUGAL-SUPERCROSS.jpg?resize=800%2C533\" alt=\"\" width=\"800\" height=\"533\" srcset=\"https:\/\/i0.wp.com\/www.mtr-2.com\/wp-content\/uploads\/2023\/08\/PAULO-ALBERTO-CAMPEAO-PORTUGAL-SUPERCROSS.jpg?resize=1024%2C682&amp;ssl=1 1024w, https:\/\/i0.wp.com\/www.mtr-2.com\/wp-content\/uploads\/2023\/08\/PAULO-ALBERTO-CAMPEAO-PORTUGAL-SUPERCROSS.jpg?resize=300%2C200&amp;ssl=1 300w, https:\/\/i0.wp.com\/www.mtr-2.com\/wp-content\/uploads\/2023\/08\/PAULO-ALBERTO-CAMPEAO-PORTUGAL-SUPERCROSS.jpg?resize=768%2C512&amp;ssl=1 768w, https:\/\/i0.wp.com\/www.mtr-2.com\/wp-content\/uploads\/2023\/08\/PAULO-ALBERTO-CAMPEAO-PORTUGAL-SUPERCROSS.jpg?resize=18%2C12&amp;ssl=1 18w, https:\/\/i0.wp.com\/www.mtr-2.com\/wp-content\/uploads\/2023\/08\/PAULO-ALBERTO-CAMPEAO-PORTUGAL-SUPERCROSS.jpg?resize=500%2C333&amp;ssl=1 500w, https:\/\/i0.wp.com\/www.mtr-2.com\/wp-content\/uploads\/2023\/08\/PAULO-ALBERTO-CAMPEAO-PORTUGAL-SUPERCROSS.jpg?w=1100&amp;ssl=1 1100w\" sizes=\"(max-width: 800px) 100vw, 800px\" \/><\/p>\n<p>2023 has been Paulo Albertos perfect season in the Portuguese National Supercross Championship.<\/p>\n<p>In the city of Fafe, the scene of the last test of the season, the Yamaha rider arrived with clear options to achieve the title of national SX Elite champion and so it would be, he began the night by winning the SX1 title after an impeccable performance. Later, the Portuguese would win the \u201cHead to Head\u201d duels, adding more points for the SX Elite championship.<\/p>\n<p>Already in the \u201cSuperFinal\u201d P. Alberto would achieve victory again, which would give him the absolute title of SX Elite, thus adding one more title to his record and closing a championship where he has achieved all his career victories.<\/p>","protected":false},"excerpt":{"rendered":"<p>2023 ha sido la temporada perfecta de\u00a0Paulo Alberto\u00a0en el\u00a0campeonato nacional de Supercross\u00a0de Portugal. En la ciudad de Fafe, escenario de la \u00faltima prueba de la temporada, el piloto de Yamaha lleg\u00f3 con claras opciones a lograr el t\u00edtulo de campe\u00f3n nacional de SX Elite y as\u00ed ser\u00eda, comenz\u00f3 la noche consiguiendo el t\u00edtulo de SX1 [&hellip;]<\/p>\n","protected":false},"author":1,"featured_media":8433,"comment_status":"open","ping_status":"open","sticky":false,"template":"","format":"standard","meta":{"_jetpack_memberships_contains_paid_content":false,"footnotes":""},"categories":[52],"tags":[],"class_list":["post-8431","post","type-post","status-publish","format-standard","has-post-thumbnail","hentry","category-blog"],"yoast_head":"<!-- This site is optimized with the Yoast SEO plugin v27.4 - https:\/\/yoast.com\/product\/yoast-seo-wordpress\/ -->\n<title>Paulo Alberto Campe\u00f3n SX Elite Portugal - MTR2 Live your style<\/title>\n<meta name=\"robots\" content=\"index, follow, max-snippet:-1, max-image-preview:large, max-video-preview:-1\" \/>\n<link rel=\"canonical\" href=\"https:\/\/www.mtr-2.com\/en\/paulo-alberto-campeon-sx-elite-portugal\/\" \/>\n<meta property=\"og:locale\" content=\"en_GB\" \/>\n<meta property=\"og:type\" content=\"article\" \/>\n<meta property=\"og:title\" content=\"Paulo Alberto Campe\u00f3n SX Elite Portugal - MTR2 Live your style\" \/>\n<meta property=\"og:description\" content=\"2023 ha sido la temporada perfecta de\u00a0Paulo Alberto\u00a0en el\u00a0campeonato nacional de Supercross\u00a0de Portugal. En la ciudad de Fafe, escenario de la \u00faltima prueba de la temporada, el piloto de Yamaha lleg\u00f3 con claras opciones a lograr el t\u00edtulo de campe\u00f3n nacional de SX Elite y as\u00ed ser\u00eda, comenz\u00f3 la noche consiguiendo el t\u00edtulo de SX1 [&hellip;]\" \/>\n<meta property=\"og:url\" content=\"https:\/\/www.mtr-2.com\/en\/paulo-alberto-campeon-sx-elite-portugal\/\" \/>\n<meta property=\"og:site_name\" content=\"MTR2 Live your style\" \/>\n<meta property=\"article:publisher\" content=\"https:\/\/www.facebook.com\/mtr2worldwide\/\" \/>\n<meta property=\"article:published_time\" content=\"2023-08-14T16:20:22+00:00\" \/>\n<meta property=\"article:modified_time\" content=\"2023-11-07T17:42:45+00:00\" \/>\n<meta property=\"og:image\" content=\"https:\/\/i0.wp.com\/www.mtr-2.com\/wp-content\/uploads\/2023\/08\/PAULO-ALBERTO-CAMPEAO-PORTUGAL-SUPERCROSS.jpg?fit=1100%2C733&ssl=1\" \/>\n\t<meta property=\"og:image:width\" content=\"1100\" \/>\n\t<meta property=\"og:image:height\" content=\"733\" \/>\n\t<meta property=\"og:image:type\" content=\"image\/jpeg\" \/>\n<meta name=\"author\" content=\"MA_gato1987\" \/>\n<meta name=\"twitter:card\" content=\"summary_large_image\" \/>\n<meta name=\"twitter:label1\" content=\"Written by\" \/>\n\t<meta name=\"twitter:data1\" content=\"MA_gato1987\" \/>\n\t<meta name=\"twitter:label2\" content=\"Estimated reading time\" \/>\n\t<meta name=\"twitter:data2\" content=\"1 minute\" \/>\n<script type=\"application\/ld+json\" class=\"yoast-schema-graph\">{\"@context\":\"https:\\\/\\\/schema.org\",\"@graph\":[{\"@type\":\"Article\",\"@id\":\"https:\\\/\\\/www.mtr-2.com\\\/paulo-alberto-campeon-sx-elite-portugal#article\",\"isPartOf\":{\"@id\":\"https:\\\/\\\/www.mtr-2.com\\\/paulo-alberto-campeon-sx-elite-portugal\"},\"author\":{\"name\":\"MA_gato1987\",\"@id\":\"https:\\\/\\\/www.mtr-2.com\\\/#\\\/schema\\\/person\\\/706b509b2c5ea707a5e7ad0a3423bbdf\"},\"headline\":\"Paulo Alberto Campe\u00f3n SX Elite Portugal\",\"datePublished\":\"2023-08-14T16:20:22+00:00\",\"dateModified\":\"2023-11-07T17:42:45+00:00\",\"mainEntityOfPage\":{\"@id\":\"https:\\\/\\\/www.mtr-2.com\\\/paulo-alberto-campeon-sx-elite-portugal\"},\"wordCount\":143,\"commentCount\":0,\"publisher\":{\"@id\":\"https:\\\/\\\/www.mtr-2.com\\\/#organization\"},\"image\":{\"@id\":\"https:\\\/\\\/www.mtr-2.com\\\/paulo-alberto-campeon-sx-elite-portugal#primaryimage\"},\"thumbnailUrl\":\"https:\\\/\\\/i0.wp.com\\\/www.mtr-2.com\\\/wp-content\\\/uploads\\\/2023\\\/08\\\/PAULO-ALBERTO-CAMPEAO-PORTUGAL-SUPERCROSS.jpg?fit=1100%2C733&ssl=1\",\"articleSection\":[\"Blog\"],\"inLanguage\":\"en-GB\",\"potentialAction\":[{\"@type\":\"CommentAction\",\"name\":\"Comment\",\"target\":[\"https:\\\/\\\/www.mtr-2.com\\\/paulo-alberto-campeon-sx-elite-portugal#respond\"]}]},{\"@type\":\"WebPage\",\"@id\":\"https:\\\/\\\/www.mtr-2.com\\\/paulo-alberto-campeon-sx-elite-portugal\",\"url\":\"https:\\\/\\\/www.mtr-2.com\\\/paulo-alberto-campeon-sx-elite-portugal\",\"name\":\"Paulo Alberto Campe\u00f3n SX Elite Portugal - MTR2 Live your style\",\"isPartOf\":{\"@id\":\"https:\\\/\\\/www.mtr-2.com\\\/#website\"},\"primaryImageOfPage\":{\"@id\":\"https:\\\/\\\/www.mtr-2.com\\\/paulo-alberto-campeon-sx-elite-portugal#primaryimage\"},\"image\":{\"@id\":\"https:\\\/\\\/www.mtr-2.com\\\/paulo-alberto-campeon-sx-elite-portugal#primaryimage\"},\"thumbnailUrl\":\"https:\\\/\\\/i0.wp.com\\\/www.mtr-2.com\\\/wp-content\\\/uploads\\\/2023\\\/08\\\/PAULO-ALBERTO-CAMPEAO-PORTUGAL-SUPERCROSS.jpg?fit=1100%2C733&ssl=1\",\"datePublished\":\"2023-08-14T16:20:22+00:00\",\"dateModified\":\"2023-11-07T17:42:45+00:00\",\"breadcrumb\":{\"@id\":\"https:\\\/\\\/www.mtr-2.com\\\/paulo-alberto-campeon-sx-elite-portugal#breadcrumb\"},\"inLanguage\":\"en-GB\",\"potentialAction\":[{\"@type\":\"ReadAction\",\"target\":[\"https:\\\/\\\/www.mtr-2.com\\\/paulo-alberto-campeon-sx-elite-portugal\"]}]},{\"@type\":\"ImageObject\",\"inLanguage\":\"en-GB\",\"@id\":\"https:\\\/\\\/www.mtr-2.com\\\/paulo-alberto-campeon-sx-elite-portugal#primaryimage\",\"url\":\"https:\\\/\\\/i0.wp.com\\\/www.mtr-2.com\\\/wp-content\\\/uploads\\\/2023\\\/08\\\/PAULO-ALBERTO-CAMPEAO-PORTUGAL-SUPERCROSS.jpg?fit=1100%2C733&ssl=1\",\"contentUrl\":\"https:\\\/\\\/i0.wp.com\\\/www.mtr-2.com\\\/wp-content\\\/uploads\\\/2023\\\/08\\\/PAULO-ALBERTO-CAMPEAO-PORTUGAL-SUPERCROSS.jpg?fit=1100%2C733&ssl=1\",\"width\":1100,\"height\":733},{\"@type\":\"BreadcrumbList\",\"@id\":\"https:\\\/\\\/www.mtr-2.com\\\/paulo-alberto-campeon-sx-elite-portugal#breadcrumb\",\"itemListElement\":[{\"@type\":\"ListItem\",\"position\":1,\"name\":\"Portada\",\"item\":\"https:\\\/\\\/www.mtr-2.com\\\/\"},{\"@type\":\"ListItem\",\"position\":2,\"name\":\"Paulo Alberto Campe\u00f3n SX Elite Portugal\"}]},{\"@type\":\"WebSite\",\"@id\":\"https:\\\/\\\/www.mtr-2.com\\\/#website\",\"url\":\"https:\\\/\\\/www.mtr-2.com\\\/\",\"name\":\"MTR2 Live your style\",\"description\":\"Los dise\u00f1os m\u00e1s exclusivos en gafas, guantes, manillares y accesorios para motocross, enduro, downhill mtb, bmx...\",\"publisher\":{\"@id\":\"https:\\\/\\\/www.mtr-2.com\\\/#organization\"},\"alternateName\":\"MTR-2 Worldwide | Motocross, enduro, bmx, donwhill mtb, surf - Live Your Style\",\"potentialAction\":[{\"@type\":\"SearchAction\",\"target\":{\"@type\":\"EntryPoint\",\"urlTemplate\":\"https:\\\/\\\/www.mtr-2.com\\\/?s={search_term_string}\"},\"query-input\":{\"@type\":\"PropertyValueSpecification\",\"valueRequired\":true,\"valueName\":\"search_term_string\"}}],\"inLanguage\":\"en-GB\"},{\"@type\":\"Organization\",\"@id\":\"https:\\\/\\\/www.mtr-2.com\\\/#organization\",\"name\":\"MTR2 Live your style\",\"url\":\"https:\\\/\\\/www.mtr-2.com\\\/\",\"logo\":{\"@type\":\"ImageObject\",\"inLanguage\":\"en-GB\",\"@id\":\"https:\\\/\\\/www.mtr-2.com\\\/#\\\/schema\\\/logo\\\/image\\\/\",\"url\":\"https:\\\/\\\/i0.wp.com\\\/www.mtr-2.com\\\/wp-content\\\/uploads\\\/2021\\\/06\\\/MTR2-Logo-official.webp?fit=350%2C77&ssl=1\",\"contentUrl\":\"https:\\\/\\\/i0.wp.com\\\/www.mtr-2.com\\\/wp-content\\\/uploads\\\/2021\\\/06\\\/MTR2-Logo-official.webp?fit=350%2C77&ssl=1\",\"width\":350,\"height\":77,\"caption\":\"MTR2 Live your style\"},\"image\":{\"@id\":\"https:\\\/\\\/www.mtr-2.com\\\/#\\\/schema\\\/logo\\\/image\\\/\"},\"sameAs\":[\"https:\\\/\\\/www.facebook.com\\\/mtr2worldwide\\\/\",\"https:\\\/\\\/www.instagram.com\\\/mtr2worldwide\\\/\"]},{\"@type\":\"Person\",\"@id\":\"https:\\\/\\\/www.mtr-2.com\\\/#\\\/schema\\\/person\\\/706b509b2c5ea707a5e7ad0a3423bbdf\",\"name\":\"MA_gato1987\",\"image\":{\"@type\":\"ImageObject\",\"inLanguage\":\"en-GB\",\"@id\":\"https:\\\/\\\/secure.gravatar.com\\\/avatar\\\/9342e24410d9de9fe4cb78c331c83266224f5c7f926924da715c99992ae87037?s=96&d=mm&r=g\",\"url\":\"https:\\\/\\\/secure.gravatar.com\\\/avatar\\\/9342e24410d9de9fe4cb78c331c83266224f5c7f926924da715c99992ae87037?s=96&d=mm&r=g\",\"contentUrl\":\"https:\\\/\\\/secure.gravatar.com\\\/avatar\\\/9342e24410d9de9fe4cb78c331c83266224f5c7f926924da715c99992ae87037?s=96&d=mm&r=g\",\"caption\":\"MA_gato1987\"},\"sameAs\":[\"http:\\\/\\\/s311126158.mialojamiento.es\"],\"url\":\"https:\\\/\\\/www.mtr-2.com\\\/en\\\/author\\\/ma_gato1987\"}]}<\/script>\n<!-- \/ Yoast SEO plugin. -->","yoast_head_json":{"title":"Paulo Alberto Campe\u00f3n SX Elite Portugal - MTR2 Live your style","robots":{"index":"index","follow":"follow","max-snippet":"max-snippet:-1","max-image-preview":"max-image-preview:large","max-video-preview":"max-video-preview:-1"},"canonical":"https:\/\/www.mtr-2.com\/en\/paulo-alberto-campeon-sx-elite-portugal\/","og_locale":"en_GB","og_type":"article","og_title":"Paulo Alberto Campe\u00f3n SX Elite Portugal - MTR2 Live your style","og_description":"2023 ha sido la temporada perfecta de\u00a0Paulo Alberto\u00a0en el\u00a0campeonato nacional de Supercross\u00a0de Portugal. En la ciudad de Fafe, escenario de la \u00faltima prueba de la temporada, el piloto de Yamaha lleg\u00f3 con claras opciones a lograr el t\u00edtulo de campe\u00f3n nacional de SX Elite y as\u00ed ser\u00eda, comenz\u00f3 la noche consiguiendo el t\u00edtulo de SX1 [&hellip;]","og_url":"https:\/\/www.mtr-2.com\/en\/paulo-alberto-campeon-sx-elite-portugal\/","og_site_name":"MTR2 Live your style","article_publisher":"https:\/\/www.facebook.com\/mtr2worldwide\/","article_published_time":"2023-08-14T16:20:22+00:00","article_modified_time":"2023-11-07T17:42:45+00:00","og_image":[{"width":1100,"height":733,"url":"https:\/\/i0.wp.com\/www.mtr-2.com\/wp-content\/uploads\/2023\/08\/PAULO-ALBERTO-CAMPEAO-PORTUGAL-SUPERCROSS.jpg?fit=1100%2C733&ssl=1","type":"image\/jpeg"}],"author":"MA_gato1987","twitter_card":"summary_large_image","twitter_misc":{"Written by":"MA_gato1987","Estimated reading time":"1 minute"},"schema":{"@context":"https:\/\/schema.org","@graph":[{"@type":"Article","@id":"https:\/\/www.mtr-2.com\/paulo-alberto-campeon-sx-elite-portugal#article","isPartOf":{"@id":"https:\/\/www.mtr-2.com\/paulo-alberto-campeon-sx-elite-portugal"},"author":{"name":"MA_gato1987","@id":"https:\/\/www.mtr-2.com\/#\/schema\/person\/706b509b2c5ea707a5e7ad0a3423bbdf"},"headline":"Paulo Alberto Campe\u00f3n SX Elite Portugal","datePublished":"2023-08-14T16:20:22+00:00","dateModified":"2023-11-07T17:42:45+00:00","mainEntityOfPage":{"@id":"https:\/\/www.mtr-2.com\/paulo-alberto-campeon-sx-elite-portugal"},"wordCount":143,"commentCount":0,"publisher":{"@id":"https:\/\/www.mtr-2.com\/#organization"},"image":{"@id":"https:\/\/www.mtr-2.com\/paulo-alberto-campeon-sx-elite-portugal#primaryimage"},"thumbnailUrl":"https:\/\/i0.wp.com\/www.mtr-2.com\/wp-content\/uploads\/2023\/08\/PAULO-ALBERTO-CAMPEAO-PORTUGAL-SUPERCROSS.jpg?fit=1100%2C733&ssl=1","articleSection":["Blog"],"inLanguage":"en-GB","potentialAction":[{"@type":"CommentAction","name":"Comment","target":["https:\/\/www.mtr-2.com\/paulo-alberto-campeon-sx-elite-portugal#respond"]}]},{"@type":"WebPage","@id":"https:\/\/www.mtr-2.com\/paulo-alberto-campeon-sx-elite-portugal","url":"https:\/\/www.mtr-2.com\/paulo-alberto-campeon-sx-elite-portugal","name":"Paulo Alberto Campe\u00f3n SX Elite Portugal - MTR2 Live your style","isPartOf":{"@id":"https:\/\/www.mtr-2.com\/#website"},"primaryImageOfPage":{"@id":"https:\/\/www.mtr-2.com\/paulo-alberto-campeon-sx-elite-portugal#primaryimage"},"image":{"@id":"https:\/\/www.mtr-2.com\/paulo-alberto-campeon-sx-elite-portugal#primaryimage"},"thumbnailUrl":"https:\/\/i0.wp.com\/www.mtr-2.com\/wp-content\/uploads\/2023\/08\/PAULO-ALBERTO-CAMPEAO-PORTUGAL-SUPERCROSS.jpg?fit=1100%2C733&ssl=1","datePublished":"2023-08-14T16:20:22+00:00","dateModified":"2023-11-07T17:42:45+00:00","breadcrumb":{"@id":"https:\/\/www.mtr-2.com\/paulo-alberto-campeon-sx-elite-portugal#breadcrumb"},"inLanguage":"en-GB","potentialAction":[{"@type":"ReadAction","target":["https:\/\/www.mtr-2.com\/paulo-alberto-campeon-sx-elite-portugal"]}]},{"@type":"ImageObject","inLanguage":"en-GB","@id":"https:\/\/www.mtr-2.com\/paulo-alberto-campeon-sx-elite-portugal#primaryimage","url":"https:\/\/i0.wp.com\/www.mtr-2.com\/wp-content\/uploads\/2023\/08\/PAULO-ALBERTO-CAMPEAO-PORTUGAL-SUPERCROSS.jpg?fit=1100%2C733&ssl=1","contentUrl":"https:\/\/i0.wp.com\/www.mtr-2.com\/wp-content\/uploads\/2023\/08\/PAULO-ALBERTO-CAMPEAO-PORTUGAL-SUPERCROSS.jpg?fit=1100%2C733&ssl=1","width":1100,"height":733},{"@type":"BreadcrumbList","@id":"https:\/\/www.mtr-2.com\/paulo-alberto-campeon-sx-elite-portugal#breadcrumb","itemListElement":[{"@type":"ListItem","position":1,"name":"Portada","item":"https:\/\/www.mtr-2.com\/"},{"@type":"ListItem","position":2,"name":"Paulo Alberto Campe\u00f3n SX Elite Portugal"}]},{"@type":"WebSite","@id":"https:\/\/www.mtr-2.com\/#website","url":"https:\/\/www.mtr-2.com\/","name":"MTR2 Live your style","description":"Los dise\u00f1os m\u00e1s exclusivos en gafas, guantes, manillares y accesorios para motocross, enduro, downhill mtb, bmx...","publisher":{"@id":"https:\/\/www.mtr-2.com\/#organization"},"alternateName":"MTR-2 Worldwide | Motocross, enduro, bmx, donwhill mtb, surf - Live Your Style","potentialAction":[{"@type":"SearchAction","target":{"@type":"EntryPoint","urlTemplate":"https:\/\/www.mtr-2.com\/?s={search_term_string}"},"query-input":{"@type":"PropertyValueSpecification","valueRequired":true,"valueName":"search_term_string"}}],"inLanguage":"en-GB"},{"@type":"Organization","@id":"https:\/\/www.mtr-2.com\/#organization","name":"MTR2 Live your style","url":"https:\/\/www.mtr-2.com\/","logo":{"@type":"ImageObject","inLanguage":"en-GB","@id":"https:\/\/www.mtr-2.com\/#\/schema\/logo\/image\/","url":"https:\/\/i0.wp.com\/www.mtr-2.com\/wp-content\/uploads\/2021\/06\/MTR2-Logo-official.webp?fit=350%2C77&ssl=1","contentUrl":"https:\/\/i0.wp.com\/www.mtr-2.com\/wp-content\/uploads\/2021\/06\/MTR2-Logo-official.webp?fit=350%2C77&ssl=1","width":350,"height":77,"caption":"MTR2 Live your style"},"image":{"@id":"https:\/\/www.mtr-2.com\/#\/schema\/logo\/image\/"},"sameAs":["https:\/\/www.facebook.com\/mtr2worldwide\/","https:\/\/www.instagram.com\/mtr2worldwide\/"]},{"@type":"Person","@id":"https:\/\/www.mtr-2.com\/#\/schema\/person\/706b509b2c5ea707a5e7ad0a3423bbdf","name":"MA_gato1987","image":{"@type":"ImageObject","inLanguage":"en-GB","@id":"https:\/\/secure.gravatar.com\/avatar\/9342e24410d9de9fe4cb78c331c83266224f5c7f926924da715c99992ae87037?s=96&d=mm&r=g","url":"https:\/\/secure.gravatar.com\/avatar\/9342e24410d9de9fe4cb78c331c83266224f5c7f926924da715c99992ae87037?s=96&d=mm&r=g","contentUrl":"https:\/\/secure.gravatar.com\/avatar\/9342e24410d9de9fe4cb78c331c83266224f5c7f926924da715c99992ae87037?s=96&d=mm&r=g","caption":"MA_gato1987"},"sameAs":["http:\/\/s311126158.mialojamiento.es"],"url":"https:\/\/www.mtr-2.com\/en\/author\/ma_gato1987"}]}},"jetpack_featured_media_url":"https:\/\/i0.wp.com\/www.mtr-2.com\/wp-content\/uploads\/2023\/08\/PAULO-ALBERTO-CAMPEAO-PORTUGAL-SUPERCROSS.jpg?fit=1100%2C733&ssl=1","jetpack_sharing_enabled":true,"_links":{"self":[{"href":"https:\/\/www.mtr-2.com\/en\/wp-json\/wp\/v2\/posts\/8431","targetHints":{"allow":["GET"]}}],"collection":[{"href":"https:\/\/www.mtr-2.com\/en\/wp-json\/wp\/v2\/posts"}],"about":[{"href":"https:\/\/www.mtr-2.com\/en\/wp-json\/wp\/v2\/types\/post"}],"author":[{"embeddable":true,"href":"https:\/\/www.mtr-2.com\/en\/wp-json\/wp\/v2\/users\/1"}],"replies":[{"embeddable":true,"href":"https:\/\/www.mtr-2.com\/en\/wp-json\/wp\/v2\/comments?post=8431"}],"version-history":[{"count":4,"href":"https:\/\/www.mtr-2.com\/en\/wp-json\/wp\/v2\/posts\/8431\/revisions"}],"predecessor-version":[{"id":8436,"href":"https:\/\/www.mtr-2.com\/en\/wp-json\/wp\/v2\/posts\/8431\/revisions\/8436"}],"wp:featuredmedia":[{"embeddable":true,"href":"https:\/\/www.mtr-2.com\/en\/wp-json\/wp\/v2\/media\/8433"}],"wp:attachment":[{"href":"https:\/\/www.mtr-2.com\/en\/wp-json\/wp\/v2\/media?parent=8431"}],"wp:term":[{"taxonomy":"category","embeddable":true,"href":"https:\/\/www.mtr-2.com\/en\/wp-json\/wp\/v2\/categories?post=8431"},{"taxonomy":"post_tag","embeddable":true,"href":"https:\/\/www.mtr-2.com\/en\/wp-json\/wp\/v2\/tags?post=8431"}],"curies":[{"name":"wp","href":"https:\/\/api.w.org\/{rel}","templated":true}]}}