{"id":8946,"date":"2024-02-27T21:00:11","date_gmt":"2024-02-27T20:00:11","guid":{"rendered":"https:\/\/www.mtr-2.com\/?p=8946"},"modified":"2024-03-31T21:24:22","modified_gmt":"2024-03-31T19:24:22","slug":"la-estructura-de-descenso-de-planet-mtb-se-estreno-en-la-copa-de-espana-en-otivar","status":"publish","type":"post","link":"https:\/\/www.mtr-2.com\/en\/la-estructura-de-descenso-de-planet-mtb-se-estreno-en-la-copa-de-espana-en-otivar","title":{"rendered":"First Victory in the Spanish DH Cup"},"content":{"rendered":"<p><img data-recalc-dims=\"1\" fetchpriority=\"high\" decoding=\"async\" class=\"aligncenter wp-image-8948 size-full\" src=\"https:\/\/i0.wp.com\/www.mtr-2.com\/wp-content\/uploads\/2024\/02\/PLANET-MTB-2024-OTIVAR.jpg?resize=800%2C718\" alt=\"\" width=\"800\" height=\"718\" srcset=\"https:\/\/i0.wp.com\/www.mtr-2.com\/wp-content\/uploads\/2024\/02\/PLANET-MTB-2024-OTIVAR.jpg?w=817&amp;ssl=1 817w, https:\/\/i0.wp.com\/www.mtr-2.com\/wp-content\/uploads\/2024\/02\/PLANET-MTB-2024-OTIVAR.jpg?resize=300%2C269&amp;ssl=1 300w, https:\/\/i0.wp.com\/www.mtr-2.com\/wp-content\/uploads\/2024\/02\/PLANET-MTB-2024-OTIVAR.jpg?resize=768%2C689&amp;ssl=1 768w, https:\/\/i0.wp.com\/www.mtr-2.com\/wp-content\/uploads\/2024\/02\/PLANET-MTB-2024-OTIVAR.jpg?resize=13%2C12&amp;ssl=1 13w, https:\/\/i0.wp.com\/www.mtr-2.com\/wp-content\/uploads\/2024\/02\/PLANET-MTB-2024-OTIVAR.jpg?resize=500%2C449&amp;ssl=1 500w\" sizes=\"(max-width: 800px) 100vw, 800px\" \/><\/p>\n<p style=\"text-align: center;\"><strong>Noa Hirst, Dani Castellanos and Laura M\u00e1rquez stepped on the podium in their respective categories<\/strong><\/p>\n<p>The DHI Spanish Cup raised the curtain last Sunday with its first scoring event in Ot\u00edvar (Granada). An event that marked the premiere of the structure focused on this discipline that Chus Castellanos has sponsored for 2024 within Planet MTB, with 3 worthy riders who made their big debut, all of them getting on the podium.<\/p>\n<p>A demanding 1.6 kilometer track, which forced the participants to reach this start well... and Daniel Castellanos did not fail. Making his debut in the U23 category in style, the man from Madrid was unstoppable and won the scratch in both the qualification series and the final, beating all of his rivals.<\/p>\n<p>\u201cI come back from Ot\u00edvar very happy,\u201d said Dani on the return trip. \u201cIn qualifying I clocked 2:46 and in the final I managed to lower my time by 2.\u201d I have started the year on the right foot and with a lot of confidence. In two weeks comes the second test of the Cup in Sant Andreu de la Barca and I will go with a lot of motivation and with the desire to give everything after this result.\u201d<\/p>\n<p>Furthermore, he was satisfied with how his body responded: \u201cI felt quite strong, finding a very physical circuit, both in length and in arm work, as it had a lot of stone. It even had flat areas and some small climbs where you had to pedal. You had to be very good. In the end tired but with good resistance.\u201d<\/p>\n<p>Como dec\u00edamos antes, Planet MTB ha creado esta estructura a la que se incorpora el junior Noa Hirst y la cadete Laura M\u00e1rquez. Ambos estuvieron magn\u00edficos tambi\u00e9n en Ot\u00edvar, propiciando un hat trick en el podio en un debut inolvidable para Planet MTB.<\/p>\n<p>Noa is a 1st year junior, he is British and lives in Tarifa (C\u00e1diz). On Sunday he qualified 2nd, staying only 24\u201d behind the winner in his category, Francisco Mato. For her part, Laura is a 2nd year cadet and is the current Spanish runner-up in the specialty. In Ot\u00edvar she won emphatically against Irene Garc\u00eda Crespo.<\/p>\n<p>The structure will have the support of MTR-2 during the 2024 season.<\/p>\n<p>Text: Planet MTB\/Chus Castellanos<\/p>","protected":false},"excerpt":{"rendered":"<p>Noa Hirst, Dani Castellanos y Laura M\u00e1rquez pisaron el podio en sus respectivas categor\u00edas La Copa de Espa\u00f1a de DHI levant\u00f3 el tel\u00f3n el pasado domingo con su primera puntuable en Ot\u00edvar (Granada). Una cita que supuso el estreno de la estructura centrada en esta disciplina que Chus Castellanos ha auspiciado de cara a 2024 [&hellip;]<\/p>\n","protected":false},"author":1,"featured_media":8948,"comment_status":"open","ping_status":"open","sticky":false,"template":"","format":"standard","meta":{"_jetpack_memberships_contains_paid_content":false,"footnotes":""},"categories":[52],"tags":[479,331,349,474,350,333,478,351,480,224,472,357,475,476,473,477,352,353],"class_list":["post-8946","post","type-post","status-publish","format-standard","has-post-thumbnail","hentry","category-blog","tag-andorra-dh","tag-dani-castelllanos","tag-descenso","tag-dh-mtb","tag-downhill","tag-downhill-mtb","tag-la-pinilla","tag-mtb","tag-mtr-2","tag-mtr2","tag-planet-mtb","tag-uci-dh","tag-uci-dow","tag-uci-downhill","tag-uci-mtb","tag-vallnord-pal-arinsal","tag-xc","tag-xc-mtb"],"yoast_head":"<!-- This site is optimized with the Yoast SEO plugin v27.4 - https:\/\/yoast.com\/product\/yoast-seo-wordpress\/ -->\n<title>Primera Victoria en la Copa de Espa\u00f1a de DH - MTR2 Live your style<\/title>\n<meta name=\"description\" content=\"Sigue las noticas de MTR-2 en nuestro blog, los resultados m\u00e1s destacados de nuestros riders, novedades...\" \/>\n<meta name=\"robots\" content=\"index, follow, max-snippet:-1, max-image-preview:large, max-video-preview:-1\" \/>\n<link rel=\"canonical\" href=\"https:\/\/www.mtr-2.com\/en\/la-estructura-de-descenso-de-planet-mtb-se-estreno-en-la-copa-de-espana-en-otivar\" \/>\n<meta property=\"og:locale\" content=\"en_GB\" \/>\n<meta property=\"og:type\" content=\"article\" \/>\n<meta property=\"og:title\" content=\"Primera Victoria en la Copa de Espa\u00f1a de DH - MTR2 Live your style\" \/>\n<meta property=\"og:description\" content=\"Sigue las noticas de MTR-2 en nuestro blog, los resultados m\u00e1s destacados de nuestros riders, novedades...\" \/>\n<meta property=\"og:url\" content=\"https:\/\/www.mtr-2.com\/en\/la-estructura-de-descenso-de-planet-mtb-se-estreno-en-la-copa-de-espana-en-otivar\" \/>\n<meta property=\"og:site_name\" content=\"MTR2 Live your style\" \/>\n<meta property=\"article:publisher\" content=\"https:\/\/www.facebook.com\/mtr2worldwide\/\" \/>\n<meta property=\"article:published_time\" content=\"2024-02-27T20:00:11+00:00\" \/>\n<meta property=\"article:modified_time\" content=\"2024-03-31T19:24:22+00:00\" \/>\n<meta property=\"og:image\" content=\"https:\/\/i0.wp.com\/www.mtr-2.com\/wp-content\/uploads\/2024\/02\/PLANET-MTB-2024-OTIVAR.jpg?fit=817%2C733&ssl=1\" \/>\n\t<meta property=\"og:image:width\" content=\"817\" \/>\n\t<meta property=\"og:image:height\" content=\"733\" \/>\n\t<meta property=\"og:image:type\" content=\"image\/jpeg\" \/>\n<meta name=\"author\" content=\"MA_gato1987\" \/>\n<meta name=\"twitter:card\" content=\"summary_large_image\" \/>\n<meta name=\"twitter:label1\" content=\"Written by\" \/>\n\t<meta name=\"twitter:data1\" content=\"MA_gato1987\" \/>\n\t<meta name=\"twitter:label2\" content=\"Estimated reading time\" \/>\n\t<meta name=\"twitter:data2\" content=\"3 minutes\" \/>\n<script type=\"application\/ld+json\" class=\"yoast-schema-graph\">{\"@context\":\"https:\\\/\\\/schema.org\",\"@graph\":[{\"@type\":\"Article\",\"@id\":\"https:\\\/\\\/www.mtr-2.com\\\/en\\\/la-estructura-de-descenso-de-planet-mtb-se-estreno-en-la-copa-de-espana-en-otivar#article\",\"isPartOf\":{\"@id\":\"https:\\\/\\\/www.mtr-2.com\\\/en\\\/la-estructura-de-descenso-de-planet-mtb-se-estreno-en-la-copa-de-espana-en-otivar\"},\"author\":{\"name\":\"MA_gato1987\",\"@id\":\"https:\\\/\\\/www.mtr-2.com\\\/#\\\/schema\\\/person\\\/706b509b2c5ea707a5e7ad0a3423bbdf\"},\"headline\":\"Primera Victoria en la Copa de Espa\u00f1a de DH\",\"datePublished\":\"2024-02-27T20:00:11+00:00\",\"dateModified\":\"2024-03-31T19:24:22+00:00\",\"mainEntityOfPage\":{\"@id\":\"https:\\\/\\\/www.mtr-2.com\\\/en\\\/la-estructura-de-descenso-de-planet-mtb-se-estreno-en-la-copa-de-espana-en-otivar\"},\"wordCount\":412,\"commentCount\":0,\"publisher\":{\"@id\":\"https:\\\/\\\/www.mtr-2.com\\\/#organization\"},\"image\":{\"@id\":\"https:\\\/\\\/www.mtr-2.com\\\/en\\\/la-estructura-de-descenso-de-planet-mtb-se-estreno-en-la-copa-de-espana-en-otivar#primaryimage\"},\"thumbnailUrl\":\"https:\\\/\\\/i0.wp.com\\\/www.mtr-2.com\\\/wp-content\\\/uploads\\\/2024\\\/02\\\/PLANET-MTB-2024-OTIVAR.jpg?fit=817%2C733&ssl=1\",\"keywords\":[\"andorra dh\",\"dani castelllanos\",\"descenso\",\"dh mtb\",\"downhill\",\"downhill mtb\",\"la pinilla\",\"mtb\",\"mtr-2\",\"mtr2\",\"planet mtb\",\"uci dh\",\"uci dow\",\"uci downhill\",\"uci mtb\",\"vallnord pal arinsal\",\"xc\",\"xc mtb\"],\"articleSection\":[\"Blog\"],\"inLanguage\":\"en-GB\",\"potentialAction\":[{\"@type\":\"CommentAction\",\"name\":\"Comment\",\"target\":[\"https:\\\/\\\/www.mtr-2.com\\\/en\\\/la-estructura-de-descenso-de-planet-mtb-se-estreno-en-la-copa-de-espana-en-otivar#respond\"]}]},{\"@type\":\"WebPage\",\"@id\":\"https:\\\/\\\/www.mtr-2.com\\\/en\\\/la-estructura-de-descenso-de-planet-mtb-se-estreno-en-la-copa-de-espana-en-otivar\",\"url\":\"https:\\\/\\\/www.mtr-2.com\\\/en\\\/la-estructura-de-descenso-de-planet-mtb-se-estreno-en-la-copa-de-espana-en-otivar\",\"name\":\"Primera Victoria en la Copa de Espa\u00f1a de DH - MTR2 Live your style\",\"isPartOf\":{\"@id\":\"https:\\\/\\\/www.mtr-2.com\\\/#website\"},\"primaryImageOfPage\":{\"@id\":\"https:\\\/\\\/www.mtr-2.com\\\/en\\\/la-estructura-de-descenso-de-planet-mtb-se-estreno-en-la-copa-de-espana-en-otivar#primaryimage\"},\"image\":{\"@id\":\"https:\\\/\\\/www.mtr-2.com\\\/en\\\/la-estructura-de-descenso-de-planet-mtb-se-estreno-en-la-copa-de-espana-en-otivar#primaryimage\"},\"thumbnailUrl\":\"https:\\\/\\\/i0.wp.com\\\/www.mtr-2.com\\\/wp-content\\\/uploads\\\/2024\\\/02\\\/PLANET-MTB-2024-OTIVAR.jpg?fit=817%2C733&ssl=1\",\"datePublished\":\"2024-02-27T20:00:11+00:00\",\"dateModified\":\"2024-03-31T19:24:22+00:00\",\"description\":\"Sigue las noticas de MTR-2 en nuestro blog, los resultados m\u00e1s destacados de nuestros riders, novedades...\",\"breadcrumb\":{\"@id\":\"https:\\\/\\\/www.mtr-2.com\\\/en\\\/la-estructura-de-descenso-de-planet-mtb-se-estreno-en-la-copa-de-espana-en-otivar#breadcrumb\"},\"inLanguage\":\"en-GB\",\"potentialAction\":[{\"@type\":\"ReadAction\",\"target\":[\"https:\\\/\\\/www.mtr-2.com\\\/en\\\/la-estructura-de-descenso-de-planet-mtb-se-estreno-en-la-copa-de-espana-en-otivar\"]}]},{\"@type\":\"ImageObject\",\"inLanguage\":\"en-GB\",\"@id\":\"https:\\\/\\\/www.mtr-2.com\\\/en\\\/la-estructura-de-descenso-de-planet-mtb-se-estreno-en-la-copa-de-espana-en-otivar#primaryimage\",\"url\":\"https:\\\/\\\/i0.wp.com\\\/www.mtr-2.com\\\/wp-content\\\/uploads\\\/2024\\\/02\\\/PLANET-MTB-2024-OTIVAR.jpg?fit=817%2C733&ssl=1\",\"contentUrl\":\"https:\\\/\\\/i0.wp.com\\\/www.mtr-2.com\\\/wp-content\\\/uploads\\\/2024\\\/02\\\/PLANET-MTB-2024-OTIVAR.jpg?fit=817%2C733&ssl=1\",\"width\":817,\"height\":733},{\"@type\":\"BreadcrumbList\",\"@id\":\"https:\\\/\\\/www.mtr-2.com\\\/en\\\/la-estructura-de-descenso-de-planet-mtb-se-estreno-en-la-copa-de-espana-en-otivar#breadcrumb\",\"itemListElement\":[{\"@type\":\"ListItem\",\"position\":1,\"name\":\"Portada\",\"item\":\"https:\\\/\\\/www.mtr-2.com\\\/\"},{\"@type\":\"ListItem\",\"position\":2,\"name\":\"Primera Victoria en la Copa de Espa\u00f1a de DH\"}]},{\"@type\":\"WebSite\",\"@id\":\"https:\\\/\\\/www.mtr-2.com\\\/#website\",\"url\":\"https:\\\/\\\/www.mtr-2.com\\\/\",\"name\":\"MTR2 Live your style\",\"description\":\"Los dise\u00f1os m\u00e1s exclusivos en gafas, guantes, manillares y accesorios para motocross, enduro, downhill mtb, bmx...\",\"publisher\":{\"@id\":\"https:\\\/\\\/www.mtr-2.com\\\/#organization\"},\"alternateName\":\"MTR-2 Worldwide | Motocross, enduro, bmx, donwhill mtb, surf - Live Your Style\",\"potentialAction\":[{\"@type\":\"SearchAction\",\"target\":{\"@type\":\"EntryPoint\",\"urlTemplate\":\"https:\\\/\\\/www.mtr-2.com\\\/?s={search_term_string}\"},\"query-input\":{\"@type\":\"PropertyValueSpecification\",\"valueRequired\":true,\"valueName\":\"search_term_string\"}}],\"inLanguage\":\"en-GB\"},{\"@type\":\"Organization\",\"@id\":\"https:\\\/\\\/www.mtr-2.com\\\/#organization\",\"name\":\"MTR2 Live your style\",\"url\":\"https:\\\/\\\/www.mtr-2.com\\\/\",\"logo\":{\"@type\":\"ImageObject\",\"inLanguage\":\"en-GB\",\"@id\":\"https:\\\/\\\/www.mtr-2.com\\\/#\\\/schema\\\/logo\\\/image\\\/\",\"url\":\"https:\\\/\\\/i0.wp.com\\\/www.mtr-2.com\\\/wp-content\\\/uploads\\\/2021\\\/06\\\/MTR2-Logo-official.webp?fit=350%2C77&ssl=1\",\"contentUrl\":\"https:\\\/\\\/i0.wp.com\\\/www.mtr-2.com\\\/wp-content\\\/uploads\\\/2021\\\/06\\\/MTR2-Logo-official.webp?fit=350%2C77&ssl=1\",\"width\":350,\"height\":77,\"caption\":\"MTR2 Live your style\"},\"image\":{\"@id\":\"https:\\\/\\\/www.mtr-2.com\\\/#\\\/schema\\\/logo\\\/image\\\/\"},\"sameAs\":[\"https:\\\/\\\/www.facebook.com\\\/mtr2worldwide\\\/\",\"https:\\\/\\\/www.instagram.com\\\/mtr2worldwide\\\/\"]},{\"@type\":\"Person\",\"@id\":\"https:\\\/\\\/www.mtr-2.com\\\/#\\\/schema\\\/person\\\/706b509b2c5ea707a5e7ad0a3423bbdf\",\"name\":\"MA_gato1987\",\"image\":{\"@type\":\"ImageObject\",\"inLanguage\":\"en-GB\",\"@id\":\"https:\\\/\\\/secure.gravatar.com\\\/avatar\\\/9342e24410d9de9fe4cb78c331c83266224f5c7f926924da715c99992ae87037?s=96&d=mm&r=g\",\"url\":\"https:\\\/\\\/secure.gravatar.com\\\/avatar\\\/9342e24410d9de9fe4cb78c331c83266224f5c7f926924da715c99992ae87037?s=96&d=mm&r=g\",\"contentUrl\":\"https:\\\/\\\/secure.gravatar.com\\\/avatar\\\/9342e24410d9de9fe4cb78c331c83266224f5c7f926924da715c99992ae87037?s=96&d=mm&r=g\",\"caption\":\"MA_gato1987\"},\"sameAs\":[\"http:\\\/\\\/s311126158.mialojamiento.es\"],\"url\":\"https:\\\/\\\/www.mtr-2.com\\\/en\\\/author\\\/ma_gato1987\"}]}<\/script>\n<!-- \/ Yoast SEO plugin. -->","yoast_head_json":{"title":"Primera Victoria en la Copa de Espa\u00f1a de DH - MTR2 Live your style","description":"Sigue las noticas de MTR-2 en nuestro blog, los resultados m\u00e1s destacados de nuestros riders, novedades...","robots":{"index":"index","follow":"follow","max-snippet":"max-snippet:-1","max-image-preview":"max-image-preview:large","max-video-preview":"max-video-preview:-1"},"canonical":"https:\/\/www.mtr-2.com\/en\/la-estructura-de-descenso-de-planet-mtb-se-estreno-en-la-copa-de-espana-en-otivar","og_locale":"en_GB","og_type":"article","og_title":"Primera Victoria en la Copa de Espa\u00f1a de DH - MTR2 Live your style","og_description":"Sigue las noticas de MTR-2 en nuestro blog, los resultados m\u00e1s destacados de nuestros riders, novedades...","og_url":"https:\/\/www.mtr-2.com\/en\/la-estructura-de-descenso-de-planet-mtb-se-estreno-en-la-copa-de-espana-en-otivar","og_site_name":"MTR2 Live your style","article_publisher":"https:\/\/www.facebook.com\/mtr2worldwide\/","article_published_time":"2024-02-27T20:00:11+00:00","article_modified_time":"2024-03-31T19:24:22+00:00","og_image":[{"width":817,"height":733,"url":"https:\/\/i0.wp.com\/www.mtr-2.com\/wp-content\/uploads\/2024\/02\/PLANET-MTB-2024-OTIVAR.jpg?fit=817%2C733&ssl=1","type":"image\/jpeg"}],"author":"MA_gato1987","twitter_card":"summary_large_image","twitter_misc":{"Written by":"MA_gato1987","Estimated reading time":"3 minutes"},"schema":{"@context":"https:\/\/schema.org","@graph":[{"@type":"Article","@id":"https:\/\/www.mtr-2.com\/en\/la-estructura-de-descenso-de-planet-mtb-se-estreno-en-la-copa-de-espana-en-otivar#article","isPartOf":{"@id":"https:\/\/www.mtr-2.com\/en\/la-estructura-de-descenso-de-planet-mtb-se-estreno-en-la-copa-de-espana-en-otivar"},"author":{"name":"MA_gato1987","@id":"https:\/\/www.mtr-2.com\/#\/schema\/person\/706b509b2c5ea707a5e7ad0a3423bbdf"},"headline":"Primera Victoria en la Copa de Espa\u00f1a de DH","datePublished":"2024-02-27T20:00:11+00:00","dateModified":"2024-03-31T19:24:22+00:00","mainEntityOfPage":{"@id":"https:\/\/www.mtr-2.com\/en\/la-estructura-de-descenso-de-planet-mtb-se-estreno-en-la-copa-de-espana-en-otivar"},"wordCount":412,"commentCount":0,"publisher":{"@id":"https:\/\/www.mtr-2.com\/#organization"},"image":{"@id":"https:\/\/www.mtr-2.com\/en\/la-estructura-de-descenso-de-planet-mtb-se-estreno-en-la-copa-de-espana-en-otivar#primaryimage"},"thumbnailUrl":"https:\/\/i0.wp.com\/www.mtr-2.com\/wp-content\/uploads\/2024\/02\/PLANET-MTB-2024-OTIVAR.jpg?fit=817%2C733&ssl=1","keywords":["andorra dh","dani castelllanos","descenso","dh mtb","downhill","downhill mtb","la pinilla","mtb","mtr-2","mtr2","planet mtb","uci dh","uci dow","uci downhill","uci mtb","vallnord pal arinsal","xc","xc mtb"],"articleSection":["Blog"],"inLanguage":"en-GB","potentialAction":[{"@type":"CommentAction","name":"Comment","target":["https:\/\/www.mtr-2.com\/en\/la-estructura-de-descenso-de-planet-mtb-se-estreno-en-la-copa-de-espana-en-otivar#respond"]}]},{"@type":"WebPage","@id":"https:\/\/www.mtr-2.com\/en\/la-estructura-de-descenso-de-planet-mtb-se-estreno-en-la-copa-de-espana-en-otivar","url":"https:\/\/www.mtr-2.com\/en\/la-estructura-de-descenso-de-planet-mtb-se-estreno-en-la-copa-de-espana-en-otivar","name":"Primera Victoria en la Copa de Espa\u00f1a de DH - MTR2 Live your style","isPartOf":{"@id":"https:\/\/www.mtr-2.com\/#website"},"primaryImageOfPage":{"@id":"https:\/\/www.mtr-2.com\/en\/la-estructura-de-descenso-de-planet-mtb-se-estreno-en-la-copa-de-espana-en-otivar#primaryimage"},"image":{"@id":"https:\/\/www.mtr-2.com\/en\/la-estructura-de-descenso-de-planet-mtb-se-estreno-en-la-copa-de-espana-en-otivar#primaryimage"},"thumbnailUrl":"https:\/\/i0.wp.com\/www.mtr-2.com\/wp-content\/uploads\/2024\/02\/PLANET-MTB-2024-OTIVAR.jpg?fit=817%2C733&ssl=1","datePublished":"2024-02-27T20:00:11+00:00","dateModified":"2024-03-31T19:24:22+00:00","description":"Sigue las noticas de MTR-2 en nuestro blog, los resultados m\u00e1s destacados de nuestros riders, novedades...","breadcrumb":{"@id":"https:\/\/www.mtr-2.com\/en\/la-estructura-de-descenso-de-planet-mtb-se-estreno-en-la-copa-de-espana-en-otivar#breadcrumb"},"inLanguage":"en-GB","potentialAction":[{"@type":"ReadAction","target":["https:\/\/www.mtr-2.com\/en\/la-estructura-de-descenso-de-planet-mtb-se-estreno-en-la-copa-de-espana-en-otivar"]}]},{"@type":"ImageObject","inLanguage":"en-GB","@id":"https:\/\/www.mtr-2.com\/en\/la-estructura-de-descenso-de-planet-mtb-se-estreno-en-la-copa-de-espana-en-otivar#primaryimage","url":"https:\/\/i0.wp.com\/www.mtr-2.com\/wp-content\/uploads\/2024\/02\/PLANET-MTB-2024-OTIVAR.jpg?fit=817%2C733&ssl=1","contentUrl":"https:\/\/i0.wp.com\/www.mtr-2.com\/wp-content\/uploads\/2024\/02\/PLANET-MTB-2024-OTIVAR.jpg?fit=817%2C733&ssl=1","width":817,"height":733},{"@type":"BreadcrumbList","@id":"https:\/\/www.mtr-2.com\/en\/la-estructura-de-descenso-de-planet-mtb-se-estreno-en-la-copa-de-espana-en-otivar#breadcrumb","itemListElement":[{"@type":"ListItem","position":1,"name":"Portada","item":"https:\/\/www.mtr-2.com\/"},{"@type":"ListItem","position":2,"name":"Primera Victoria en la Copa de Espa\u00f1a de DH"}]},{"@type":"WebSite","@id":"https:\/\/www.mtr-2.com\/#website","url":"https:\/\/www.mtr-2.com\/","name":"MTR2 Live your style","description":"Los dise\u00f1os m\u00e1s exclusivos en gafas, guantes, manillares y accesorios para motocross, enduro, downhill mtb, bmx...","publisher":{"@id":"https:\/\/www.mtr-2.com\/#organization"},"alternateName":"MTR-2 Worldwide | Motocross, enduro, bmx, donwhill mtb, surf - Live Your Style","potentialAction":[{"@type":"SearchAction","target":{"@type":"EntryPoint","urlTemplate":"https:\/\/www.mtr-2.com\/?s={search_term_string}"},"query-input":{"@type":"PropertyValueSpecification","valueRequired":true,"valueName":"search_term_string"}}],"inLanguage":"en-GB"},{"@type":"Organization","@id":"https:\/\/www.mtr-2.com\/#organization","name":"MTR2 Live your style","url":"https:\/\/www.mtr-2.com\/","logo":{"@type":"ImageObject","inLanguage":"en-GB","@id":"https:\/\/www.mtr-2.com\/#\/schema\/logo\/image\/","url":"https:\/\/i0.wp.com\/www.mtr-2.com\/wp-content\/uploads\/2021\/06\/MTR2-Logo-official.webp?fit=350%2C77&ssl=1","contentUrl":"https:\/\/i0.wp.com\/www.mtr-2.com\/wp-content\/uploads\/2021\/06\/MTR2-Logo-official.webp?fit=350%2C77&ssl=1","width":350,"height":77,"caption":"MTR2 Live your style"},"image":{"@id":"https:\/\/www.mtr-2.com\/#\/schema\/logo\/image\/"},"sameAs":["https:\/\/www.facebook.com\/mtr2worldwide\/","https:\/\/www.instagram.com\/mtr2worldwide\/"]},{"@type":"Person","@id":"https:\/\/www.mtr-2.com\/#\/schema\/person\/706b509b2c5ea707a5e7ad0a3423bbdf","name":"MA_gato1987","image":{"@type":"ImageObject","inLanguage":"en-GB","@id":"https:\/\/secure.gravatar.com\/avatar\/9342e24410d9de9fe4cb78c331c83266224f5c7f926924da715c99992ae87037?s=96&d=mm&r=g","url":"https:\/\/secure.gravatar.com\/avatar\/9342e24410d9de9fe4cb78c331c83266224f5c7f926924da715c99992ae87037?s=96&d=mm&r=g","contentUrl":"https:\/\/secure.gravatar.com\/avatar\/9342e24410d9de9fe4cb78c331c83266224f5c7f926924da715c99992ae87037?s=96&d=mm&r=g","caption":"MA_gato1987"},"sameAs":["http:\/\/s311126158.mialojamiento.es"],"url":"https:\/\/www.mtr-2.com\/en\/author\/ma_gato1987"}]}},"jetpack_featured_media_url":"https:\/\/i0.wp.com\/www.mtr-2.com\/wp-content\/uploads\/2024\/02\/PLANET-MTB-2024-OTIVAR.jpg?fit=817%2C733&ssl=1","jetpack_sharing_enabled":true,"_links":{"self":[{"href":"https:\/\/www.mtr-2.com\/en\/wp-json\/wp\/v2\/posts\/8946","targetHints":{"allow":["GET"]}}],"collection":[{"href":"https:\/\/www.mtr-2.com\/en\/wp-json\/wp\/v2\/posts"}],"about":[{"href":"https:\/\/www.mtr-2.com\/en\/wp-json\/wp\/v2\/types\/post"}],"author":[{"embeddable":true,"href":"https:\/\/www.mtr-2.com\/en\/wp-json\/wp\/v2\/users\/1"}],"replies":[{"embeddable":true,"href":"https:\/\/www.mtr-2.com\/en\/wp-json\/wp\/v2\/comments?post=8946"}],"version-history":[{"count":6,"href":"https:\/\/www.mtr-2.com\/en\/wp-json\/wp\/v2\/posts\/8946\/revisions"}],"predecessor-version":[{"id":8953,"href":"https:\/\/www.mtr-2.com\/en\/wp-json\/wp\/v2\/posts\/8946\/revisions\/8953"}],"wp:featuredmedia":[{"embeddable":true,"href":"https:\/\/www.mtr-2.com\/en\/wp-json\/wp\/v2\/media\/8948"}],"wp:attachment":[{"href":"https:\/\/www.mtr-2.com\/en\/wp-json\/wp\/v2\/media?parent=8946"}],"wp:term":[{"taxonomy":"category","embeddable":true,"href":"https:\/\/www.mtr-2.com\/en\/wp-json\/wp\/v2\/categories?post=8946"},{"taxonomy":"post_tag","embeddable":true,"href":"https:\/\/www.mtr-2.com\/en\/wp-json\/wp\/v2\/tags?post=8946"}],"curies":[{"name":"wp","href":"https:\/\/api.w.org\/{rel}","templated":true}]}}