{"id":8961,"date":"2024-03-30T00:00:03","date_gmt":"2024-03-29T23:00:03","guid":{"rendered":"https:\/\/www.mtr-2.com\/?p=8961"},"modified":"2024-04-01T00:19:13","modified_gmt":"2024-03-31T22:19:13","slug":"supercross-brasil-2024-primera-victoria-de-paulo-alberto","status":"publish","type":"post","link":"https:\/\/www.mtr-2.com\/en\/supercross-brasil-2024-primera-victoria-de-paulo-alberto","title":{"rendered":"Supercross Brazil 2024 first victory for Paulo Alberto"},"content":{"rendered":"<p><img data-recalc-dims=\"1\" fetchpriority=\"high\" decoding=\"async\" class=\"wp-image-8962 size-full aligncenter\" src=\"https:\/\/i0.wp.com\/www.mtr-2.com\/wp-content\/uploads\/2024\/04\/PAULO-ALBERTO-1SX-BRASIL-2024.jpg?resize=800%2C533\" alt=\"\" width=\"800\" height=\"533\" srcset=\"https:\/\/i0.wp.com\/www.mtr-2.com\/wp-content\/uploads\/2024\/04\/PAULO-ALBERTO-1SX-BRASIL-2024.jpg?w=1100&amp;ssl=1 1100w, https:\/\/i0.wp.com\/www.mtr-2.com\/wp-content\/uploads\/2024\/04\/PAULO-ALBERTO-1SX-BRASIL-2024.jpg?resize=300%2C200&amp;ssl=1 300w, https:\/\/i0.wp.com\/www.mtr-2.com\/wp-content\/uploads\/2024\/04\/PAULO-ALBERTO-1SX-BRASIL-2024.jpg?resize=1024%2C682&amp;ssl=1 1024w, https:\/\/i0.wp.com\/www.mtr-2.com\/wp-content\/uploads\/2024\/04\/PAULO-ALBERTO-1SX-BRASIL-2024.jpg?resize=768%2C512&amp;ssl=1 768w, https:\/\/i0.wp.com\/www.mtr-2.com\/wp-content\/uploads\/2024\/04\/PAULO-ALBERTO-1SX-BRASIL-2024.jpg?resize=18%2C12&amp;ssl=1 18w, https:\/\/i0.wp.com\/www.mtr-2.com\/wp-content\/uploads\/2024\/04\/PAULO-ALBERTO-1SX-BRASIL-2024.jpg?resize=500%2C333&amp;ssl=1 500w\" sizes=\"(max-width: 800px) 100vw, 800px\" \/><\/p>\n<p>The Yamaha Monster Energy Gera\u00e7\u00e3o achieved victory in the two main categories in the inaugural stage of the Brazilian Supercross, this Friday, March 29.<\/p>\n<p>In SX-PR\u00d3 the team achieved victory with Paulo Alberto. The race started with Gabriel Andrigo in front, but he ended up suffering a fall in the first corner. Who took the lead was the current Brazilian motocross champion, F\u00e1bio Santos, who snatched second place from Paulo Alberto. In the middle of the race F\u00e1bio Santos and Paulo Alberto dueled for the lead, with the Portuguese driver Paulo Alberto emerging victorious.<\/p>\n<p>Paulo Alberto will once again have the official support of MTR-2 for the 2024 season.<\/p>","protected":false},"excerpt":{"rendered":"<p>El Yamaha Monster Energy Gera\u00e7\u00e3o consigui\u00f3 la victoria en las dos principales categor\u00edas en la etapa inaugural del Supercross brasile\u00f1o, este viernes 29 de marzo. En SX-PR\u00d3 el equipo logr\u00f3 la victoria con Paulo Alberto. La carrera comenz\u00f3 con Gabriel Andrigo delante, pero acab\u00f3 sufriendo una ca\u00edda en la primera curva. Quien tom\u00f3 la delantera [&hellip;]<\/p>\n","protected":false},"author":1,"featured_media":8962,"comment_status":"open","ping_status":"open","sticky":false,"template":"","format":"standard","meta":{"_jetpack_memberships_contains_paid_content":false,"footnotes":""},"categories":[52],"tags":[453,494,493,495,497,496,248,491,492,490,489,488,328],"class_list":["post-8961","post","type-post","status-publish","format-standard","has-post-thumbnail","hentry","category-blog","tag-adac-supercross-2024","tag-brasil-paulo-alberto","tag-brasil-yamaha","tag-eks-brand-paulo-alberto","tag-handlebars-motoross","tag-oculos-motocross","tag-paulo-alberto","tag-portugal-motocross","tag-portugal-supercross","tag-pt-motocross","tag-supercross-brasil","tag-sx-brasil","tag-yamaha-yz"],"yoast_head":"<!-- This site is optimized with the Yoast SEO plugin v27.4 - https:\/\/yoast.com\/product\/yoast-seo-wordpress\/ -->\n<title>Supercross Brasil 2024 primera victoria de Paulo Alberto - MTR2 Live your style<\/title>\n<meta name=\"description\" content=\"En SX-PR\u00d3 el equipo logr\u00f3 la victoria con Paulo Alberto, logrando la primera victoria del campeonato de supercross brasil 2024.\" \/>\n<meta name=\"robots\" content=\"index, follow, max-snippet:-1, max-image-preview:large, max-video-preview:-1\" \/>\n<link rel=\"canonical\" href=\"https:\/\/www.mtr-2.com\/en\/supercross-brasil-2024-primera-victoria-de-paulo-alberto\/\" \/>\n<meta property=\"og:locale\" content=\"en_GB\" \/>\n<meta property=\"og:type\" content=\"article\" \/>\n<meta property=\"og:title\" content=\"Supercross Brasil 2024 primera victoria de Paulo Alberto - MTR2 Live your style\" \/>\n<meta property=\"og:description\" content=\"En SX-PR\u00d3 el equipo logr\u00f3 la victoria con Paulo Alberto, logrando la primera victoria del campeonato de supercross brasil 2024.\" \/>\n<meta property=\"og:url\" content=\"https:\/\/www.mtr-2.com\/en\/supercross-brasil-2024-primera-victoria-de-paulo-alberto\/\" \/>\n<meta property=\"og:site_name\" content=\"MTR2 Live your style\" \/>\n<meta property=\"article:publisher\" content=\"https:\/\/www.facebook.com\/mtr2worldwide\/\" \/>\n<meta property=\"article:published_time\" content=\"2024-03-29T23:00:03+00:00\" \/>\n<meta property=\"article:modified_time\" content=\"2024-03-31T22:19:13+00:00\" \/>\n<meta property=\"og:image\" content=\"https:\/\/i0.wp.com\/www.mtr-2.com\/wp-content\/uploads\/2024\/04\/PAULO-ALBERTO-1SX-BRASIL-2024.jpg?fit=1100%2C733&ssl=1\" \/>\n\t<meta property=\"og:image:width\" content=\"1100\" \/>\n\t<meta property=\"og:image:height\" content=\"733\" \/>\n\t<meta property=\"og:image:type\" content=\"image\/jpeg\" \/>\n<meta name=\"author\" content=\"MA_gato1987\" \/>\n<meta name=\"twitter:card\" content=\"summary_large_image\" \/>\n<meta name=\"twitter:label1\" content=\"Written by\" \/>\n\t<meta name=\"twitter:data1\" content=\"MA_gato1987\" \/>\n\t<meta name=\"twitter:label2\" content=\"Estimated reading time\" \/>\n\t<meta name=\"twitter:data2\" content=\"1 minute\" \/>\n<script type=\"application\/ld+json\" class=\"yoast-schema-graph\">{\"@context\":\"https:\\\/\\\/schema.org\",\"@graph\":[{\"@type\":\"Article\",\"@id\":\"https:\\\/\\\/www.mtr-2.com\\\/supercross-brasil-2024-primera-victoria-de-paulo-alberto#article\",\"isPartOf\":{\"@id\":\"https:\\\/\\\/www.mtr-2.com\\\/supercross-brasil-2024-primera-victoria-de-paulo-alberto\"},\"author\":{\"name\":\"MA_gato1987\",\"@id\":\"https:\\\/\\\/www.mtr-2.com\\\/#\\\/schema\\\/person\\\/706b509b2c5ea707a5e7ad0a3423bbdf\"},\"headline\":\"Supercross Brasil 2024 primera victoria de Paulo Alberto\",\"datePublished\":\"2024-03-29T23:00:03+00:00\",\"dateModified\":\"2024-03-31T22:19:13+00:00\",\"mainEntityOfPage\":{\"@id\":\"https:\\\/\\\/www.mtr-2.com\\\/supercross-brasil-2024-primera-victoria-de-paulo-alberto\"},\"wordCount\":128,\"commentCount\":0,\"publisher\":{\"@id\":\"https:\\\/\\\/www.mtr-2.com\\\/#organization\"},\"image\":{\"@id\":\"https:\\\/\\\/www.mtr-2.com\\\/supercross-brasil-2024-primera-victoria-de-paulo-alberto#primaryimage\"},\"thumbnailUrl\":\"https:\\\/\\\/i0.wp.com\\\/www.mtr-2.com\\\/wp-content\\\/uploads\\\/2024\\\/04\\\/PAULO-ALBERTO-1SX-BRASIL-2024.jpg?fit=1100%2C733&ssl=1\",\"keywords\":[\"ADAC SUPERCROSS 2024\",\"brasil paulo alberto\",\"brasil yamaha\",\"eks brand paulo alberto\",\"handlebars motoross\",\"oculos motocross\",\"PAULO ALBERTO\",\"portugal motocross\",\"portugal supercross\",\"pt motocross\",\"supercross brasil\",\"sx brasil\",\"yamaha yz\"],\"articleSection\":[\"Blog\"],\"inLanguage\":\"en-GB\",\"potentialAction\":[{\"@type\":\"CommentAction\",\"name\":\"Comment\",\"target\":[\"https:\\\/\\\/www.mtr-2.com\\\/supercross-brasil-2024-primera-victoria-de-paulo-alberto#respond\"]}]},{\"@type\":\"WebPage\",\"@id\":\"https:\\\/\\\/www.mtr-2.com\\\/supercross-brasil-2024-primera-victoria-de-paulo-alberto\",\"url\":\"https:\\\/\\\/www.mtr-2.com\\\/supercross-brasil-2024-primera-victoria-de-paulo-alberto\",\"name\":\"Supercross Brasil 2024 primera victoria de Paulo Alberto - MTR2 Live your style\",\"isPartOf\":{\"@id\":\"https:\\\/\\\/www.mtr-2.com\\\/#website\"},\"primaryImageOfPage\":{\"@id\":\"https:\\\/\\\/www.mtr-2.com\\\/supercross-brasil-2024-primera-victoria-de-paulo-alberto#primaryimage\"},\"image\":{\"@id\":\"https:\\\/\\\/www.mtr-2.com\\\/supercross-brasil-2024-primera-victoria-de-paulo-alberto#primaryimage\"},\"thumbnailUrl\":\"https:\\\/\\\/i0.wp.com\\\/www.mtr-2.com\\\/wp-content\\\/uploads\\\/2024\\\/04\\\/PAULO-ALBERTO-1SX-BRASIL-2024.jpg?fit=1100%2C733&ssl=1\",\"datePublished\":\"2024-03-29T23:00:03+00:00\",\"dateModified\":\"2024-03-31T22:19:13+00:00\",\"description\":\"En SX-PR\u00d3 el equipo logr\u00f3 la victoria con Paulo Alberto, logrando la primera victoria del campeonato de supercross brasil 2024.\",\"breadcrumb\":{\"@id\":\"https:\\\/\\\/www.mtr-2.com\\\/supercross-brasil-2024-primera-victoria-de-paulo-alberto#breadcrumb\"},\"inLanguage\":\"en-GB\",\"potentialAction\":[{\"@type\":\"ReadAction\",\"target\":[\"https:\\\/\\\/www.mtr-2.com\\\/supercross-brasil-2024-primera-victoria-de-paulo-alberto\"]}]},{\"@type\":\"ImageObject\",\"inLanguage\":\"en-GB\",\"@id\":\"https:\\\/\\\/www.mtr-2.com\\\/supercross-brasil-2024-primera-victoria-de-paulo-alberto#primaryimage\",\"url\":\"https:\\\/\\\/i0.wp.com\\\/www.mtr-2.com\\\/wp-content\\\/uploads\\\/2024\\\/04\\\/PAULO-ALBERTO-1SX-BRASIL-2024.jpg?fit=1100%2C733&ssl=1\",\"contentUrl\":\"https:\\\/\\\/i0.wp.com\\\/www.mtr-2.com\\\/wp-content\\\/uploads\\\/2024\\\/04\\\/PAULO-ALBERTO-1SX-BRASIL-2024.jpg?fit=1100%2C733&ssl=1\",\"width\":1100,\"height\":733},{\"@type\":\"BreadcrumbList\",\"@id\":\"https:\\\/\\\/www.mtr-2.com\\\/supercross-brasil-2024-primera-victoria-de-paulo-alberto#breadcrumb\",\"itemListElement\":[{\"@type\":\"ListItem\",\"position\":1,\"name\":\"Portada\",\"item\":\"https:\\\/\\\/www.mtr-2.com\\\/\"},{\"@type\":\"ListItem\",\"position\":2,\"name\":\"Supercross Brasil 2024 primera victoria de Paulo Alberto\"}]},{\"@type\":\"WebSite\",\"@id\":\"https:\\\/\\\/www.mtr-2.com\\\/#website\",\"url\":\"https:\\\/\\\/www.mtr-2.com\\\/\",\"name\":\"MTR2 Live your style\",\"description\":\"Los dise\u00f1os m\u00e1s exclusivos en gafas, guantes, manillares y accesorios para motocross, enduro, downhill mtb, bmx...\",\"publisher\":{\"@id\":\"https:\\\/\\\/www.mtr-2.com\\\/#organization\"},\"alternateName\":\"MTR-2 Worldwide | Motocross, enduro, bmx, donwhill mtb, surf - Live Your Style\",\"potentialAction\":[{\"@type\":\"SearchAction\",\"target\":{\"@type\":\"EntryPoint\",\"urlTemplate\":\"https:\\\/\\\/www.mtr-2.com\\\/?s={search_term_string}\"},\"query-input\":{\"@type\":\"PropertyValueSpecification\",\"valueRequired\":true,\"valueName\":\"search_term_string\"}}],\"inLanguage\":\"en-GB\"},{\"@type\":\"Organization\",\"@id\":\"https:\\\/\\\/www.mtr-2.com\\\/#organization\",\"name\":\"MTR2 Live your style\",\"url\":\"https:\\\/\\\/www.mtr-2.com\\\/\",\"logo\":{\"@type\":\"ImageObject\",\"inLanguage\":\"en-GB\",\"@id\":\"https:\\\/\\\/www.mtr-2.com\\\/#\\\/schema\\\/logo\\\/image\\\/\",\"url\":\"https:\\\/\\\/i0.wp.com\\\/www.mtr-2.com\\\/wp-content\\\/uploads\\\/2021\\\/06\\\/MTR2-Logo-official.webp?fit=350%2C77&ssl=1\",\"contentUrl\":\"https:\\\/\\\/i0.wp.com\\\/www.mtr-2.com\\\/wp-content\\\/uploads\\\/2021\\\/06\\\/MTR2-Logo-official.webp?fit=350%2C77&ssl=1\",\"width\":350,\"height\":77,\"caption\":\"MTR2 Live your style\"},\"image\":{\"@id\":\"https:\\\/\\\/www.mtr-2.com\\\/#\\\/schema\\\/logo\\\/image\\\/\"},\"sameAs\":[\"https:\\\/\\\/www.facebook.com\\\/mtr2worldwide\\\/\",\"https:\\\/\\\/www.instagram.com\\\/mtr2worldwide\\\/\"]},{\"@type\":\"Person\",\"@id\":\"https:\\\/\\\/www.mtr-2.com\\\/#\\\/schema\\\/person\\\/706b509b2c5ea707a5e7ad0a3423bbdf\",\"name\":\"MA_gato1987\",\"image\":{\"@type\":\"ImageObject\",\"inLanguage\":\"en-GB\",\"@id\":\"https:\\\/\\\/secure.gravatar.com\\\/avatar\\\/9342e24410d9de9fe4cb78c331c83266224f5c7f926924da715c99992ae87037?s=96&d=mm&r=g\",\"url\":\"https:\\\/\\\/secure.gravatar.com\\\/avatar\\\/9342e24410d9de9fe4cb78c331c83266224f5c7f926924da715c99992ae87037?s=96&d=mm&r=g\",\"contentUrl\":\"https:\\\/\\\/secure.gravatar.com\\\/avatar\\\/9342e24410d9de9fe4cb78c331c83266224f5c7f926924da715c99992ae87037?s=96&d=mm&r=g\",\"caption\":\"MA_gato1987\"},\"sameAs\":[\"http:\\\/\\\/s311126158.mialojamiento.es\"],\"url\":\"https:\\\/\\\/www.mtr-2.com\\\/en\\\/author\\\/ma_gato1987\"}]}<\/script>\n<!-- \/ Yoast SEO plugin. -->","yoast_head_json":{"title":"Supercross Brasil 2024 primera victoria de Paulo Alberto - MTR2 Live your style","description":"En SX-PR\u00d3 el equipo logr\u00f3 la victoria con Paulo Alberto, logrando la primera victoria del campeonato de supercross brasil 2024.","robots":{"index":"index","follow":"follow","max-snippet":"max-snippet:-1","max-image-preview":"max-image-preview:large","max-video-preview":"max-video-preview:-1"},"canonical":"https:\/\/www.mtr-2.com\/en\/supercross-brasil-2024-primera-victoria-de-paulo-alberto\/","og_locale":"en_GB","og_type":"article","og_title":"Supercross Brasil 2024 primera victoria de Paulo Alberto - MTR2 Live your style","og_description":"En SX-PR\u00d3 el equipo logr\u00f3 la victoria con Paulo Alberto, logrando la primera victoria del campeonato de supercross brasil 2024.","og_url":"https:\/\/www.mtr-2.com\/en\/supercross-brasil-2024-primera-victoria-de-paulo-alberto\/","og_site_name":"MTR2 Live your style","article_publisher":"https:\/\/www.facebook.com\/mtr2worldwide\/","article_published_time":"2024-03-29T23:00:03+00:00","article_modified_time":"2024-03-31T22:19:13+00:00","og_image":[{"width":1100,"height":733,"url":"https:\/\/i0.wp.com\/www.mtr-2.com\/wp-content\/uploads\/2024\/04\/PAULO-ALBERTO-1SX-BRASIL-2024.jpg?fit=1100%2C733&ssl=1","type":"image\/jpeg"}],"author":"MA_gato1987","twitter_card":"summary_large_image","twitter_misc":{"Written by":"MA_gato1987","Estimated reading time":"1 minute"},"schema":{"@context":"https:\/\/schema.org","@graph":[{"@type":"Article","@id":"https:\/\/www.mtr-2.com\/supercross-brasil-2024-primera-victoria-de-paulo-alberto#article","isPartOf":{"@id":"https:\/\/www.mtr-2.com\/supercross-brasil-2024-primera-victoria-de-paulo-alberto"},"author":{"name":"MA_gato1987","@id":"https:\/\/www.mtr-2.com\/#\/schema\/person\/706b509b2c5ea707a5e7ad0a3423bbdf"},"headline":"Supercross Brasil 2024 primera victoria de Paulo Alberto","datePublished":"2024-03-29T23:00:03+00:00","dateModified":"2024-03-31T22:19:13+00:00","mainEntityOfPage":{"@id":"https:\/\/www.mtr-2.com\/supercross-brasil-2024-primera-victoria-de-paulo-alberto"},"wordCount":128,"commentCount":0,"publisher":{"@id":"https:\/\/www.mtr-2.com\/#organization"},"image":{"@id":"https:\/\/www.mtr-2.com\/supercross-brasil-2024-primera-victoria-de-paulo-alberto#primaryimage"},"thumbnailUrl":"https:\/\/i0.wp.com\/www.mtr-2.com\/wp-content\/uploads\/2024\/04\/PAULO-ALBERTO-1SX-BRASIL-2024.jpg?fit=1100%2C733&ssl=1","keywords":["ADAC SUPERCROSS 2024","brasil paulo alberto","brasil yamaha","eks brand paulo alberto","handlebars motoross","oculos motocross","PAULO ALBERTO","portugal motocross","portugal supercross","pt motocross","supercross brasil","sx brasil","yamaha yz"],"articleSection":["Blog"],"inLanguage":"en-GB","potentialAction":[{"@type":"CommentAction","name":"Comment","target":["https:\/\/www.mtr-2.com\/supercross-brasil-2024-primera-victoria-de-paulo-alberto#respond"]}]},{"@type":"WebPage","@id":"https:\/\/www.mtr-2.com\/supercross-brasil-2024-primera-victoria-de-paulo-alberto","url":"https:\/\/www.mtr-2.com\/supercross-brasil-2024-primera-victoria-de-paulo-alberto","name":"Supercross Brasil 2024 primera victoria de Paulo Alberto - MTR2 Live your style","isPartOf":{"@id":"https:\/\/www.mtr-2.com\/#website"},"primaryImageOfPage":{"@id":"https:\/\/www.mtr-2.com\/supercross-brasil-2024-primera-victoria-de-paulo-alberto#primaryimage"},"image":{"@id":"https:\/\/www.mtr-2.com\/supercross-brasil-2024-primera-victoria-de-paulo-alberto#primaryimage"},"thumbnailUrl":"https:\/\/i0.wp.com\/www.mtr-2.com\/wp-content\/uploads\/2024\/04\/PAULO-ALBERTO-1SX-BRASIL-2024.jpg?fit=1100%2C733&ssl=1","datePublished":"2024-03-29T23:00:03+00:00","dateModified":"2024-03-31T22:19:13+00:00","description":"En SX-PR\u00d3 el equipo logr\u00f3 la victoria con Paulo Alberto, logrando la primera victoria del campeonato de supercross brasil 2024.","breadcrumb":{"@id":"https:\/\/www.mtr-2.com\/supercross-brasil-2024-primera-victoria-de-paulo-alberto#breadcrumb"},"inLanguage":"en-GB","potentialAction":[{"@type":"ReadAction","target":["https:\/\/www.mtr-2.com\/supercross-brasil-2024-primera-victoria-de-paulo-alberto"]}]},{"@type":"ImageObject","inLanguage":"en-GB","@id":"https:\/\/www.mtr-2.com\/supercross-brasil-2024-primera-victoria-de-paulo-alberto#primaryimage","url":"https:\/\/i0.wp.com\/www.mtr-2.com\/wp-content\/uploads\/2024\/04\/PAULO-ALBERTO-1SX-BRASIL-2024.jpg?fit=1100%2C733&ssl=1","contentUrl":"https:\/\/i0.wp.com\/www.mtr-2.com\/wp-content\/uploads\/2024\/04\/PAULO-ALBERTO-1SX-BRASIL-2024.jpg?fit=1100%2C733&ssl=1","width":1100,"height":733},{"@type":"BreadcrumbList","@id":"https:\/\/www.mtr-2.com\/supercross-brasil-2024-primera-victoria-de-paulo-alberto#breadcrumb","itemListElement":[{"@type":"ListItem","position":1,"name":"Portada","item":"https:\/\/www.mtr-2.com\/"},{"@type":"ListItem","position":2,"name":"Supercross Brasil 2024 primera victoria de Paulo Alberto"}]},{"@type":"WebSite","@id":"https:\/\/www.mtr-2.com\/#website","url":"https:\/\/www.mtr-2.com\/","name":"MTR2 Live your style","description":"Los dise\u00f1os m\u00e1s exclusivos en gafas, guantes, manillares y accesorios para motocross, enduro, downhill mtb, bmx...","publisher":{"@id":"https:\/\/www.mtr-2.com\/#organization"},"alternateName":"MTR-2 Worldwide | Motocross, enduro, bmx, donwhill mtb, surf - Live Your Style","potentialAction":[{"@type":"SearchAction","target":{"@type":"EntryPoint","urlTemplate":"https:\/\/www.mtr-2.com\/?s={search_term_string}"},"query-input":{"@type":"PropertyValueSpecification","valueRequired":true,"valueName":"search_term_string"}}],"inLanguage":"en-GB"},{"@type":"Organization","@id":"https:\/\/www.mtr-2.com\/#organization","name":"MTR2 Live your style","url":"https:\/\/www.mtr-2.com\/","logo":{"@type":"ImageObject","inLanguage":"en-GB","@id":"https:\/\/www.mtr-2.com\/#\/schema\/logo\/image\/","url":"https:\/\/i0.wp.com\/www.mtr-2.com\/wp-content\/uploads\/2021\/06\/MTR2-Logo-official.webp?fit=350%2C77&ssl=1","contentUrl":"https:\/\/i0.wp.com\/www.mtr-2.com\/wp-content\/uploads\/2021\/06\/MTR2-Logo-official.webp?fit=350%2C77&ssl=1","width":350,"height":77,"caption":"MTR2 Live your style"},"image":{"@id":"https:\/\/www.mtr-2.com\/#\/schema\/logo\/image\/"},"sameAs":["https:\/\/www.facebook.com\/mtr2worldwide\/","https:\/\/www.instagram.com\/mtr2worldwide\/"]},{"@type":"Person","@id":"https:\/\/www.mtr-2.com\/#\/schema\/person\/706b509b2c5ea707a5e7ad0a3423bbdf","name":"MA_gato1987","image":{"@type":"ImageObject","inLanguage":"en-GB","@id":"https:\/\/secure.gravatar.com\/avatar\/9342e24410d9de9fe4cb78c331c83266224f5c7f926924da715c99992ae87037?s=96&d=mm&r=g","url":"https:\/\/secure.gravatar.com\/avatar\/9342e24410d9de9fe4cb78c331c83266224f5c7f926924da715c99992ae87037?s=96&d=mm&r=g","contentUrl":"https:\/\/secure.gravatar.com\/avatar\/9342e24410d9de9fe4cb78c331c83266224f5c7f926924da715c99992ae87037?s=96&d=mm&r=g","caption":"MA_gato1987"},"sameAs":["http:\/\/s311126158.mialojamiento.es"],"url":"https:\/\/www.mtr-2.com\/en\/author\/ma_gato1987"}]}},"jetpack_featured_media_url":"https:\/\/i0.wp.com\/www.mtr-2.com\/wp-content\/uploads\/2024\/04\/PAULO-ALBERTO-1SX-BRASIL-2024.jpg?fit=1100%2C733&ssl=1","jetpack_sharing_enabled":true,"_links":{"self":[{"href":"https:\/\/www.mtr-2.com\/en\/wp-json\/wp\/v2\/posts\/8961","targetHints":{"allow":["GET"]}}],"collection":[{"href":"https:\/\/www.mtr-2.com\/en\/wp-json\/wp\/v2\/posts"}],"about":[{"href":"https:\/\/www.mtr-2.com\/en\/wp-json\/wp\/v2\/types\/post"}],"author":[{"embeddable":true,"href":"https:\/\/www.mtr-2.com\/en\/wp-json\/wp\/v2\/users\/1"}],"replies":[{"embeddable":true,"href":"https:\/\/www.mtr-2.com\/en\/wp-json\/wp\/v2\/comments?post=8961"}],"version-history":[{"count":1,"href":"https:\/\/www.mtr-2.com\/en\/wp-json\/wp\/v2\/posts\/8961\/revisions"}],"predecessor-version":[{"id":8963,"href":"https:\/\/www.mtr-2.com\/en\/wp-json\/wp\/v2\/posts\/8961\/revisions\/8963"}],"wp:featuredmedia":[{"embeddable":true,"href":"https:\/\/www.mtr-2.com\/en\/wp-json\/wp\/v2\/media\/8962"}],"wp:attachment":[{"href":"https:\/\/www.mtr-2.com\/en\/wp-json\/wp\/v2\/media?parent=8961"}],"wp:term":[{"taxonomy":"category","embeddable":true,"href":"https:\/\/www.mtr-2.com\/en\/wp-json\/wp\/v2\/categories?post=8961"},{"taxonomy":"post_tag","embeddable":true,"href":"https:\/\/www.mtr-2.com\/en\/wp-json\/wp\/v2\/tags?post=8961"}],"curies":[{"name":"wp","href":"https:\/\/api.w.org\/{rel}","templated":true}]}}