{"id":8975,"date":"2024-03-25T10:00:43","date_gmt":"2024-03-25T09:00:43","guid":{"rendered":"https:\/\/www.mtr-2.com\/?p=8975"},"modified":"2024-04-18T10:58:14","modified_gmt":"2024-04-18T08:58:14","slug":"ludwig-vencedor-del-49o-schnaitheimer-adac-motocross","status":"publish","type":"post","link":"https:\/\/www.mtr-2.com\/en\/ludwig-vencedor-del-49o-schnaitheimer-adac-motocross","title":{"rendered":"Ludwig winner of the 49th Schnaitheimer ADAC Motocross"},"content":{"rendered":"<p><img data-recalc-dims=\"1\" fetchpriority=\"high\" decoding=\"async\" class=\"aligncenter wp-image-8976 size-full\" src=\"https:\/\/i0.wp.com\/www.mtr-2.com\/wp-content\/uploads\/2024\/04\/NOA-LUDWIG-2024.jpg?resize=800%2C533\" alt=\"\" width=\"800\" height=\"533\" srcset=\"https:\/\/i0.wp.com\/www.mtr-2.com\/wp-content\/uploads\/2024\/04\/NOA-LUDWIG-2024.jpg?w=1100&amp;ssl=1 1100w, https:\/\/i0.wp.com\/www.mtr-2.com\/wp-content\/uploads\/2024\/04\/NOA-LUDWIG-2024.jpg?resize=300%2C200&amp;ssl=1 300w, https:\/\/i0.wp.com\/www.mtr-2.com\/wp-content\/uploads\/2024\/04\/NOA-LUDWIG-2024.jpg?resize=1024%2C682&amp;ssl=1 1024w, https:\/\/i0.wp.com\/www.mtr-2.com\/wp-content\/uploads\/2024\/04\/NOA-LUDWIG-2024.jpg?resize=768%2C512&amp;ssl=1 768w, https:\/\/i0.wp.com\/www.mtr-2.com\/wp-content\/uploads\/2024\/04\/NOA-LUDWIG-2024.jpg?resize=18%2C12&amp;ssl=1 18w, https:\/\/i0.wp.com\/www.mtr-2.com\/wp-content\/uploads\/2024\/04\/NOA-LUDWIG-2024.jpg?resize=500%2C333&amp;ssl=1 500w\" sizes=\"(max-width: 800px) 100vw, 800px\" \/><\/p>\n<p style=\"text-align: center;\"><strong>Sleeve victories for the KTM Sarholz MTR-2 riders.<\/strong><\/p>\n<p>Henry Jacobi wins first place in the international test 49 Schnaitheimer ADAC Motocross completed the DM Open class race.<\/p>\n<p>The Sarholz KTM rider, Henry Jacobi, started the first race with a high pace with which he won the race with an advantage of more than forty seconds over Tim Koch (Husqvarna) and his two teammates Noah Ludwig and Lukas Platt, who They were already behind the man with number 29 on the first lap. Fifth place went to Becker-GASGAS driver Nico Koch, who during the race fought his way from outside the top 10.<\/p>\n<p>In the second race, Sarholz-KTM rider Henry Jacobi, who started from pole position, once again secured the initial lead, followed by his two teammates Noah Ludwig and Lukas Platt, as well as Tim Koch (Husqvarna). The Thuringian with number 29 also dominated the second race until a crash on lap eight left him far behind. Two laps later, the race ended early and Noah Ludwig was deemed the winner of the event.<\/p>\n<p>With his 3-1 result, Noah Ludwig was also able to decide the final results against Tim Koch and Lukas Platt in his favor.<\/p>\n<p>Text: KTM Sarholz<\/p>","protected":false},"excerpt":{"rendered":"<p>Victorias de manga para los rider del KTM Sarholz MTR-2. Henry Jacobi gana el primer puesto en la prueba internacional 49 Schnaitheimer ADAC Motocross complet\u00f3 la carrera de la clase DM Open. El piloto de Sarholz KTM, Henry Jacobi, inici\u00f3 la primera carrera con un alto ritmo con el cu\u00e1l gan\u00f3 la carrera con una [&hellip;]<\/p>\n","protected":false},"author":1,"featured_media":8976,"comment_status":"open","ping_status":"open","sticky":false,"template":"","format":"standard","meta":{"_jetpack_memberships_contains_paid_content":false,"footnotes":""},"categories":[52],"tags":[237,239,453,498,393,456,221],"class_list":["post-8975","post","type-post","status-publish","format-standard","has-post-thumbnail","hentry","category-blog","tag-adac-motocross","tag-adac-mx-masters","tag-adac-supercross-2024","tag-honda-motocross","tag-ktm-motocross","tag-ktm-sarholz","tag-mxgp"],"yoast_head":"<!-- This site is optimized with the Yoast SEO plugin v27.4 - https:\/\/yoast.com\/product\/yoast-seo-wordpress\/ -->\n<title>Ludwig vencedor del 49\u00ba Schnaitheimer ADAC Motocross - MTR2 Live your style<\/title>\n<meta name=\"description\" content=\"49\u00ba Schnaitheimer ADAC Motocross, victorias para los pilotos de KTM Sarholz.\" \/>\n<meta name=\"robots\" content=\"index, follow, max-snippet:-1, max-image-preview:large, max-video-preview:-1\" \/>\n<link rel=\"canonical\" href=\"https:\/\/www.mtr-2.com\/en\/ludwig-vencedor-del-49o-schnaitheimer-adac-motocross\/\" \/>\n<meta property=\"og:locale\" content=\"en_GB\" \/>\n<meta property=\"og:type\" content=\"article\" \/>\n<meta property=\"og:title\" content=\"Ludwig vencedor del 49\u00ba Schnaitheimer ADAC Motocross - MTR2 Live your style\" \/>\n<meta property=\"og:description\" content=\"49\u00ba Schnaitheimer ADAC Motocross, victorias para los pilotos de KTM Sarholz.\" \/>\n<meta property=\"og:url\" content=\"https:\/\/www.mtr-2.com\/en\/ludwig-vencedor-del-49o-schnaitheimer-adac-motocross\/\" \/>\n<meta property=\"og:site_name\" content=\"MTR2 Live your style\" \/>\n<meta property=\"article:publisher\" content=\"https:\/\/www.facebook.com\/mtr2worldwide\/\" \/>\n<meta property=\"article:published_time\" content=\"2024-03-25T09:00:43+00:00\" \/>\n<meta property=\"article:modified_time\" content=\"2024-04-18T08:58:14+00:00\" \/>\n<meta property=\"og:image\" content=\"https:\/\/i0.wp.com\/www.mtr-2.com\/wp-content\/uploads\/2024\/04\/NOA-LUDWIG-2024.jpg?fit=1100%2C733&ssl=1\" \/>\n\t<meta property=\"og:image:width\" content=\"1100\" \/>\n\t<meta property=\"og:image:height\" content=\"733\" \/>\n\t<meta property=\"og:image:type\" content=\"image\/jpeg\" \/>\n<meta name=\"author\" content=\"MA_gato1987\" \/>\n<meta name=\"twitter:card\" content=\"summary_large_image\" \/>\n<meta name=\"twitter:label1\" content=\"Written by\" \/>\n\t<meta name=\"twitter:data1\" content=\"MA_gato1987\" \/>\n\t<meta name=\"twitter:label2\" content=\"Estimated reading time\" \/>\n\t<meta name=\"twitter:data2\" content=\"2 minutes\" \/>\n<script type=\"application\/ld+json\" class=\"yoast-schema-graph\">{\"@context\":\"https:\\\/\\\/schema.org\",\"@graph\":[{\"@type\":\"Article\",\"@id\":\"https:\\\/\\\/www.mtr-2.com\\\/ludwig-vencedor-del-49o-schnaitheimer-adac-motocross#article\",\"isPartOf\":{\"@id\":\"https:\\\/\\\/www.mtr-2.com\\\/ludwig-vencedor-del-49o-schnaitheimer-adac-motocross\"},\"author\":{\"name\":\"MA_gato1987\",\"@id\":\"https:\\\/\\\/www.mtr-2.com\\\/#\\\/schema\\\/person\\\/706b509b2c5ea707a5e7ad0a3423bbdf\"},\"headline\":\"Ludwig vencedor del 49\u00ba Schnaitheimer ADAC Motocross\",\"datePublished\":\"2024-03-25T09:00:43+00:00\",\"dateModified\":\"2024-04-18T08:58:14+00:00\",\"mainEntityOfPage\":{\"@id\":\"https:\\\/\\\/www.mtr-2.com\\\/ludwig-vencedor-del-49o-schnaitheimer-adac-motocross\"},\"wordCount\":231,\"commentCount\":0,\"publisher\":{\"@id\":\"https:\\\/\\\/www.mtr-2.com\\\/#organization\"},\"image\":{\"@id\":\"https:\\\/\\\/www.mtr-2.com\\\/ludwig-vencedor-del-49o-schnaitheimer-adac-motocross#primaryimage\"},\"thumbnailUrl\":\"https:\\\/\\\/i0.wp.com\\\/www.mtr-2.com\\\/wp-content\\\/uploads\\\/2024\\\/04\\\/NOA-LUDWIG-2024.jpg?fit=1100%2C733&ssl=1\",\"keywords\":[\"ADAC MOTOCROSS\",\"adac mx masters\",\"ADAC SUPERCROSS 2024\",\"honda motocross\",\"ktm motocross\",\"ktm sarholz\",\"mxgp\"],\"articleSection\":[\"Blog\"],\"inLanguage\":\"en-GB\",\"potentialAction\":[{\"@type\":\"CommentAction\",\"name\":\"Comment\",\"target\":[\"https:\\\/\\\/www.mtr-2.com\\\/ludwig-vencedor-del-49o-schnaitheimer-adac-motocross#respond\"]}]},{\"@type\":\"WebPage\",\"@id\":\"https:\\\/\\\/www.mtr-2.com\\\/ludwig-vencedor-del-49o-schnaitheimer-adac-motocross\",\"url\":\"https:\\\/\\\/www.mtr-2.com\\\/ludwig-vencedor-del-49o-schnaitheimer-adac-motocross\",\"name\":\"Ludwig vencedor del 49\u00ba Schnaitheimer ADAC Motocross - MTR2 Live your style\",\"isPartOf\":{\"@id\":\"https:\\\/\\\/www.mtr-2.com\\\/#website\"},\"primaryImageOfPage\":{\"@id\":\"https:\\\/\\\/www.mtr-2.com\\\/ludwig-vencedor-del-49o-schnaitheimer-adac-motocross#primaryimage\"},\"image\":{\"@id\":\"https:\\\/\\\/www.mtr-2.com\\\/ludwig-vencedor-del-49o-schnaitheimer-adac-motocross#primaryimage\"},\"thumbnailUrl\":\"https:\\\/\\\/i0.wp.com\\\/www.mtr-2.com\\\/wp-content\\\/uploads\\\/2024\\\/04\\\/NOA-LUDWIG-2024.jpg?fit=1100%2C733&ssl=1\",\"datePublished\":\"2024-03-25T09:00:43+00:00\",\"dateModified\":\"2024-04-18T08:58:14+00:00\",\"description\":\"49\u00ba Schnaitheimer ADAC Motocross, victorias para los pilotos de KTM Sarholz.\",\"breadcrumb\":{\"@id\":\"https:\\\/\\\/www.mtr-2.com\\\/ludwig-vencedor-del-49o-schnaitheimer-adac-motocross#breadcrumb\"},\"inLanguage\":\"en-GB\",\"potentialAction\":[{\"@type\":\"ReadAction\",\"target\":[\"https:\\\/\\\/www.mtr-2.com\\\/ludwig-vencedor-del-49o-schnaitheimer-adac-motocross\"]}]},{\"@type\":\"ImageObject\",\"inLanguage\":\"en-GB\",\"@id\":\"https:\\\/\\\/www.mtr-2.com\\\/ludwig-vencedor-del-49o-schnaitheimer-adac-motocross#primaryimage\",\"url\":\"https:\\\/\\\/i0.wp.com\\\/www.mtr-2.com\\\/wp-content\\\/uploads\\\/2024\\\/04\\\/NOA-LUDWIG-2024.jpg?fit=1100%2C733&ssl=1\",\"contentUrl\":\"https:\\\/\\\/i0.wp.com\\\/www.mtr-2.com\\\/wp-content\\\/uploads\\\/2024\\\/04\\\/NOA-LUDWIG-2024.jpg?fit=1100%2C733&ssl=1\",\"width\":1100,\"height\":733},{\"@type\":\"BreadcrumbList\",\"@id\":\"https:\\\/\\\/www.mtr-2.com\\\/ludwig-vencedor-del-49o-schnaitheimer-adac-motocross#breadcrumb\",\"itemListElement\":[{\"@type\":\"ListItem\",\"position\":1,\"name\":\"Portada\",\"item\":\"https:\\\/\\\/www.mtr-2.com\\\/\"},{\"@type\":\"ListItem\",\"position\":2,\"name\":\"Ludwig vencedor del 49\u00ba Schnaitheimer ADAC Motocross\"}]},{\"@type\":\"WebSite\",\"@id\":\"https:\\\/\\\/www.mtr-2.com\\\/#website\",\"url\":\"https:\\\/\\\/www.mtr-2.com\\\/\",\"name\":\"MTR2 Live your style\",\"description\":\"Los dise\u00f1os m\u00e1s exclusivos en gafas, guantes, manillares y accesorios para motocross, enduro, downhill mtb, bmx...\",\"publisher\":{\"@id\":\"https:\\\/\\\/www.mtr-2.com\\\/#organization\"},\"alternateName\":\"MTR-2 Worldwide | Motocross, enduro, bmx, donwhill mtb, surf - Live Your Style\",\"potentialAction\":[{\"@type\":\"SearchAction\",\"target\":{\"@type\":\"EntryPoint\",\"urlTemplate\":\"https:\\\/\\\/www.mtr-2.com\\\/?s={search_term_string}\"},\"query-input\":{\"@type\":\"PropertyValueSpecification\",\"valueRequired\":true,\"valueName\":\"search_term_string\"}}],\"inLanguage\":\"en-GB\"},{\"@type\":\"Organization\",\"@id\":\"https:\\\/\\\/www.mtr-2.com\\\/#organization\",\"name\":\"MTR2 Live your style\",\"url\":\"https:\\\/\\\/www.mtr-2.com\\\/\",\"logo\":{\"@type\":\"ImageObject\",\"inLanguage\":\"en-GB\",\"@id\":\"https:\\\/\\\/www.mtr-2.com\\\/#\\\/schema\\\/logo\\\/image\\\/\",\"url\":\"https:\\\/\\\/i0.wp.com\\\/www.mtr-2.com\\\/wp-content\\\/uploads\\\/2021\\\/06\\\/MTR2-Logo-official.webp?fit=350%2C77&ssl=1\",\"contentUrl\":\"https:\\\/\\\/i0.wp.com\\\/www.mtr-2.com\\\/wp-content\\\/uploads\\\/2021\\\/06\\\/MTR2-Logo-official.webp?fit=350%2C77&ssl=1\",\"width\":350,\"height\":77,\"caption\":\"MTR2 Live your style\"},\"image\":{\"@id\":\"https:\\\/\\\/www.mtr-2.com\\\/#\\\/schema\\\/logo\\\/image\\\/\"},\"sameAs\":[\"https:\\\/\\\/www.facebook.com\\\/mtr2worldwide\\\/\",\"https:\\\/\\\/www.instagram.com\\\/mtr2worldwide\\\/\"]},{\"@type\":\"Person\",\"@id\":\"https:\\\/\\\/www.mtr-2.com\\\/#\\\/schema\\\/person\\\/706b509b2c5ea707a5e7ad0a3423bbdf\",\"name\":\"MA_gato1987\",\"image\":{\"@type\":\"ImageObject\",\"inLanguage\":\"en-GB\",\"@id\":\"https:\\\/\\\/secure.gravatar.com\\\/avatar\\\/9342e24410d9de9fe4cb78c331c83266224f5c7f926924da715c99992ae87037?s=96&d=mm&r=g\",\"url\":\"https:\\\/\\\/secure.gravatar.com\\\/avatar\\\/9342e24410d9de9fe4cb78c331c83266224f5c7f926924da715c99992ae87037?s=96&d=mm&r=g\",\"contentUrl\":\"https:\\\/\\\/secure.gravatar.com\\\/avatar\\\/9342e24410d9de9fe4cb78c331c83266224f5c7f926924da715c99992ae87037?s=96&d=mm&r=g\",\"caption\":\"MA_gato1987\"},\"sameAs\":[\"http:\\\/\\\/s311126158.mialojamiento.es\"],\"url\":\"https:\\\/\\\/www.mtr-2.com\\\/en\\\/author\\\/ma_gato1987\"}]}<\/script>\n<!-- \/ Yoast SEO plugin. -->","yoast_head_json":{"title":"Ludwig vencedor del 49\u00ba Schnaitheimer ADAC Motocross - MTR2 Live your style","description":"49\u00ba Schnaitheimer ADAC Motocross, victorias para los pilotos de KTM Sarholz.","robots":{"index":"index","follow":"follow","max-snippet":"max-snippet:-1","max-image-preview":"max-image-preview:large","max-video-preview":"max-video-preview:-1"},"canonical":"https:\/\/www.mtr-2.com\/en\/ludwig-vencedor-del-49o-schnaitheimer-adac-motocross\/","og_locale":"en_GB","og_type":"article","og_title":"Ludwig vencedor del 49\u00ba Schnaitheimer ADAC Motocross - MTR2 Live your style","og_description":"49\u00ba Schnaitheimer ADAC Motocross, victorias para los pilotos de KTM Sarholz.","og_url":"https:\/\/www.mtr-2.com\/en\/ludwig-vencedor-del-49o-schnaitheimer-adac-motocross\/","og_site_name":"MTR2 Live your style","article_publisher":"https:\/\/www.facebook.com\/mtr2worldwide\/","article_published_time":"2024-03-25T09:00:43+00:00","article_modified_time":"2024-04-18T08:58:14+00:00","og_image":[{"width":1100,"height":733,"url":"https:\/\/i0.wp.com\/www.mtr-2.com\/wp-content\/uploads\/2024\/04\/NOA-LUDWIG-2024.jpg?fit=1100%2C733&ssl=1","type":"image\/jpeg"}],"author":"MA_gato1987","twitter_card":"summary_large_image","twitter_misc":{"Written by":"MA_gato1987","Estimated reading time":"2 minutes"},"schema":{"@context":"https:\/\/schema.org","@graph":[{"@type":"Article","@id":"https:\/\/www.mtr-2.com\/ludwig-vencedor-del-49o-schnaitheimer-adac-motocross#article","isPartOf":{"@id":"https:\/\/www.mtr-2.com\/ludwig-vencedor-del-49o-schnaitheimer-adac-motocross"},"author":{"name":"MA_gato1987","@id":"https:\/\/www.mtr-2.com\/#\/schema\/person\/706b509b2c5ea707a5e7ad0a3423bbdf"},"headline":"Ludwig vencedor del 49\u00ba Schnaitheimer ADAC Motocross","datePublished":"2024-03-25T09:00:43+00:00","dateModified":"2024-04-18T08:58:14+00:00","mainEntityOfPage":{"@id":"https:\/\/www.mtr-2.com\/ludwig-vencedor-del-49o-schnaitheimer-adac-motocross"},"wordCount":231,"commentCount":0,"publisher":{"@id":"https:\/\/www.mtr-2.com\/#organization"},"image":{"@id":"https:\/\/www.mtr-2.com\/ludwig-vencedor-del-49o-schnaitheimer-adac-motocross#primaryimage"},"thumbnailUrl":"https:\/\/i0.wp.com\/www.mtr-2.com\/wp-content\/uploads\/2024\/04\/NOA-LUDWIG-2024.jpg?fit=1100%2C733&ssl=1","keywords":["ADAC MOTOCROSS","adac mx masters","ADAC SUPERCROSS 2024","honda motocross","ktm motocross","ktm sarholz","mxgp"],"articleSection":["Blog"],"inLanguage":"en-GB","potentialAction":[{"@type":"CommentAction","name":"Comment","target":["https:\/\/www.mtr-2.com\/ludwig-vencedor-del-49o-schnaitheimer-adac-motocross#respond"]}]},{"@type":"WebPage","@id":"https:\/\/www.mtr-2.com\/ludwig-vencedor-del-49o-schnaitheimer-adac-motocross","url":"https:\/\/www.mtr-2.com\/ludwig-vencedor-del-49o-schnaitheimer-adac-motocross","name":"Ludwig vencedor del 49\u00ba Schnaitheimer ADAC Motocross - MTR2 Live your style","isPartOf":{"@id":"https:\/\/www.mtr-2.com\/#website"},"primaryImageOfPage":{"@id":"https:\/\/www.mtr-2.com\/ludwig-vencedor-del-49o-schnaitheimer-adac-motocross#primaryimage"},"image":{"@id":"https:\/\/www.mtr-2.com\/ludwig-vencedor-del-49o-schnaitheimer-adac-motocross#primaryimage"},"thumbnailUrl":"https:\/\/i0.wp.com\/www.mtr-2.com\/wp-content\/uploads\/2024\/04\/NOA-LUDWIG-2024.jpg?fit=1100%2C733&ssl=1","datePublished":"2024-03-25T09:00:43+00:00","dateModified":"2024-04-18T08:58:14+00:00","description":"49\u00ba Schnaitheimer ADAC Motocross, victorias para los pilotos de KTM Sarholz.","breadcrumb":{"@id":"https:\/\/www.mtr-2.com\/ludwig-vencedor-del-49o-schnaitheimer-adac-motocross#breadcrumb"},"inLanguage":"en-GB","potentialAction":[{"@type":"ReadAction","target":["https:\/\/www.mtr-2.com\/ludwig-vencedor-del-49o-schnaitheimer-adac-motocross"]}]},{"@type":"ImageObject","inLanguage":"en-GB","@id":"https:\/\/www.mtr-2.com\/ludwig-vencedor-del-49o-schnaitheimer-adac-motocross#primaryimage","url":"https:\/\/i0.wp.com\/www.mtr-2.com\/wp-content\/uploads\/2024\/04\/NOA-LUDWIG-2024.jpg?fit=1100%2C733&ssl=1","contentUrl":"https:\/\/i0.wp.com\/www.mtr-2.com\/wp-content\/uploads\/2024\/04\/NOA-LUDWIG-2024.jpg?fit=1100%2C733&ssl=1","width":1100,"height":733},{"@type":"BreadcrumbList","@id":"https:\/\/www.mtr-2.com\/ludwig-vencedor-del-49o-schnaitheimer-adac-motocross#breadcrumb","itemListElement":[{"@type":"ListItem","position":1,"name":"Portada","item":"https:\/\/www.mtr-2.com\/"},{"@type":"ListItem","position":2,"name":"Ludwig vencedor del 49\u00ba Schnaitheimer ADAC Motocross"}]},{"@type":"WebSite","@id":"https:\/\/www.mtr-2.com\/#website","url":"https:\/\/www.mtr-2.com\/","name":"MTR2 Live your style","description":"Los dise\u00f1os m\u00e1s exclusivos en gafas, guantes, manillares y accesorios para motocross, enduro, downhill mtb, bmx...","publisher":{"@id":"https:\/\/www.mtr-2.com\/#organization"},"alternateName":"MTR-2 Worldwide | Motocross, enduro, bmx, donwhill mtb, surf - Live Your Style","potentialAction":[{"@type":"SearchAction","target":{"@type":"EntryPoint","urlTemplate":"https:\/\/www.mtr-2.com\/?s={search_term_string}"},"query-input":{"@type":"PropertyValueSpecification","valueRequired":true,"valueName":"search_term_string"}}],"inLanguage":"en-GB"},{"@type":"Organization","@id":"https:\/\/www.mtr-2.com\/#organization","name":"MTR2 Live your style","url":"https:\/\/www.mtr-2.com\/","logo":{"@type":"ImageObject","inLanguage":"en-GB","@id":"https:\/\/www.mtr-2.com\/#\/schema\/logo\/image\/","url":"https:\/\/i0.wp.com\/www.mtr-2.com\/wp-content\/uploads\/2021\/06\/MTR2-Logo-official.webp?fit=350%2C77&ssl=1","contentUrl":"https:\/\/i0.wp.com\/www.mtr-2.com\/wp-content\/uploads\/2021\/06\/MTR2-Logo-official.webp?fit=350%2C77&ssl=1","width":350,"height":77,"caption":"MTR2 Live your style"},"image":{"@id":"https:\/\/www.mtr-2.com\/#\/schema\/logo\/image\/"},"sameAs":["https:\/\/www.facebook.com\/mtr2worldwide\/","https:\/\/www.instagram.com\/mtr2worldwide\/"]},{"@type":"Person","@id":"https:\/\/www.mtr-2.com\/#\/schema\/person\/706b509b2c5ea707a5e7ad0a3423bbdf","name":"MA_gato1987","image":{"@type":"ImageObject","inLanguage":"en-GB","@id":"https:\/\/secure.gravatar.com\/avatar\/9342e24410d9de9fe4cb78c331c83266224f5c7f926924da715c99992ae87037?s=96&d=mm&r=g","url":"https:\/\/secure.gravatar.com\/avatar\/9342e24410d9de9fe4cb78c331c83266224f5c7f926924da715c99992ae87037?s=96&d=mm&r=g","contentUrl":"https:\/\/secure.gravatar.com\/avatar\/9342e24410d9de9fe4cb78c331c83266224f5c7f926924da715c99992ae87037?s=96&d=mm&r=g","caption":"MA_gato1987"},"sameAs":["http:\/\/s311126158.mialojamiento.es"],"url":"https:\/\/www.mtr-2.com\/en\/author\/ma_gato1987"}]}},"jetpack_featured_media_url":"https:\/\/i0.wp.com\/www.mtr-2.com\/wp-content\/uploads\/2024\/04\/NOA-LUDWIG-2024.jpg?fit=1100%2C733&ssl=1","jetpack_sharing_enabled":true,"_links":{"self":[{"href":"https:\/\/www.mtr-2.com\/en\/wp-json\/wp\/v2\/posts\/8975","targetHints":{"allow":["GET"]}}],"collection":[{"href":"https:\/\/www.mtr-2.com\/en\/wp-json\/wp\/v2\/posts"}],"about":[{"href":"https:\/\/www.mtr-2.com\/en\/wp-json\/wp\/v2\/types\/post"}],"author":[{"embeddable":true,"href":"https:\/\/www.mtr-2.com\/en\/wp-json\/wp\/v2\/users\/1"}],"replies":[{"embeddable":true,"href":"https:\/\/www.mtr-2.com\/en\/wp-json\/wp\/v2\/comments?post=8975"}],"version-history":[{"count":2,"href":"https:\/\/www.mtr-2.com\/en\/wp-json\/wp\/v2\/posts\/8975\/revisions"}],"predecessor-version":[{"id":8979,"href":"https:\/\/www.mtr-2.com\/en\/wp-json\/wp\/v2\/posts\/8975\/revisions\/8979"}],"wp:featuredmedia":[{"embeddable":true,"href":"https:\/\/www.mtr-2.com\/en\/wp-json\/wp\/v2\/media\/8976"}],"wp:attachment":[{"href":"https:\/\/www.mtr-2.com\/en\/wp-json\/wp\/v2\/media?parent=8975"}],"wp:term":[{"taxonomy":"category","embeddable":true,"href":"https:\/\/www.mtr-2.com\/en\/wp-json\/wp\/v2\/categories?post=8975"},{"taxonomy":"post_tag","embeddable":true,"href":"https:\/\/www.mtr-2.com\/en\/wp-json\/wp\/v2\/tags?post=8975"}],"curies":[{"name":"wp","href":"https:\/\/api.w.org\/{rel}","templated":true}]}}